{"id":198316,"date":"2022-05-24T13:20:06","date_gmt":"2022-05-24T12:20:06","guid":{"rendered":"https:\/\/www.elche.es\/2022\/05\/mobilitat-inicia-la-construccio-dun-carril-bici-de-mes-de-25-quilometres-a-pere-joan-perpinya-que-connectara-amb-la-zona-de-linstitut-lassumpcio\/"},"modified":"2022-05-24T13:20:07","modified_gmt":"2022-05-24T12:20:07","slug":"mobilitat-inicia-la-construccio-dun-carril-bici-de-mes-de-25-quilometres-a-pere-joan-perpinya-que-connectara-amb-la-zona-de-linstitut-lassumpcio","status":"publish","type":"post","link":"https:\/\/www.elche.es\/va\/2022\/05\/mobilitat-inicia-la-construccio-dun-carril-bici-de-mes-de-25-quilometres-a-pere-joan-perpinya-que-connectara-amb-la-zona-de-linstitut-lassumpcio\/","title":{"rendered":"Mobilitat inicia la construcci\u00f3 d&#8217;un carril bici de m\u00e9s de 2,5 quil\u00f2metres a Pere Joan Perpiny\u00e0 que connectar\u00e0 amb la zona de l&#8217;institut L&#8217;Assumpci\u00f3"},"content":{"rendered":"<div class=\"wpb-content-wrapper\"><p>[vc_row el_id=&#8221;SUBTITULAR_NOTICIA&#8221;][vc_column][vc_column_text]<\/p>\n<hr \/>\n<h4>La regidora de l&#8217;\u00e0rea, Esther D\u00edez, assenyala que \u201camb aquesta actuaci\u00f3 s&#8217;aconsegueix fer un salt important en la xarxa ciclista i situar Elx a l&#8217;altura d&#8217;altres ciutats espanyoles i europees que s\u00f3n referent en mat\u00e8ria de mobilitat ciclista\u201d<\/h4>\n<hr \/>\n<p>[\/vc_column_text][\/vc_column][\/vc_row][vc_row el_id=&#8221;TEXTO_NOTICIA&#8221;][vc_column][vc_column_text]Mobilitat ha iniciat les obres per a la <strong>construcci\u00f3 d&#8217;un carril bici de m\u00e9s de 2,5 quil\u00f2metres que discorrer\u00e0 per Pere Joan Perpiny\u00e0, pel pont de la Generalitat, i pels carrers Mariano Soler Olmos i Teulada<\/strong>. Aix\u00ed ho ha anunciat la <strong>regidora de l&#8217;\u00e0rea, Esther D\u00edez<\/strong>, que ha destacat que \u201camb aquesta actuaci\u00f3 fem un pas important per a fer d&#8217;Elx una ciutat m\u00e9s ciclista, m\u00e9s saludable i m\u00e9s verda\u201d.<\/p>\n<p>Es tracta d&#8217;<strong>un anell ciclista interior que connecta amb els actuals carrils bici d&#8217;Alcalde Ram\u00f3n Pastor i Magraner, a la zona de l&#8217;institut L&#8217;Assumpci\u00f3<\/strong>, segons ha explicat l&#8217;edil, que ha puntualitzat que \u201cd&#8217;aquesta manera s&#8217;aconsegueix fer un salt important en la xarxa ciclista i situar Elx a l&#8217;altura d&#8217;altres ciutats espanyoles i europees que s\u00f3n referent en mat\u00e8ria de mobilitat ciclista\u201d.[\/vc_column_text][\/vc_column][\/vc_row][vc_row source=&#8221;media_library&#8221; image=&#8221;&#8221; img_size=&#8221;full&#8221; external_img_size=&#8221;&#8221; add_caption=&#8221;&#8221; alignment=&#8221;left&#8221; style=&#8221;&#8221; external_style=&#8221;&#8221; border_color=&#8221;grey&#8221; external_border_color=&#8221;grey&#8221; onclick=&#8221;link_image&#8221; img_link_target=&#8221;_self&#8221; el_class=&#8221;fotounicanoticia&#8221; title=&#8221;&#8221; custom_src=&#8221;&#8221; caption=&#8221;&#8221; link=&#8221;&#8221; img_link_large=&#8221;&#8221;][vc_column][vc_gallery type=&#8221;flexslider_slide&#8221; interval=&#8221;5&#8243; images=&#8221;198273,198310&#8243; img_size=&#8221;full&#8221; el_class=&#8221;galerianoticia&#8221;][\/vc_column][\/vc_row][vc_row][vc_column][vc_column_text]Les obres, que tenen un <strong>termini d&#8217;execuci\u00f3 de quatre a cinc mesos<\/strong>, han sigut adjudicades a l&#8217;empresa Aglomerados Los Serranos per 322.417,4 euros i comptaran amb un <strong>50 per cent de finan\u00e7ament europeu<\/strong>, en estar emmarcades en l&#8217;estrat\u00e8gia EDUSI.<\/p>\n<p>Aix\u00ed mateix, l&#8217;edil ha recordat que <strong>aquest projecte va ser ja treballat fa mesos amb les entitats ve\u00efnals i comercials del Pla i de les Portes Encarnades<\/strong>, que coincideixen en la import\u00e0ncia de dotar aquests barris d&#8217;una infraestructura ciclista de qualitat que permeta que l&#8217;\u00fas de la bicicleta de manera quotidiana siga una opci\u00f3 real per a la ciutadania.[\/vc_column_text][\/vc_column][\/vc_row][vc_row el_id=&#8221;DESTACADO_NOTICIA&#8221;][vc_column][vc_column_text el_class=&#8221;cuadronoticia&#8221;]<\/p>\n<h5>Les obres tenen un termini d&#8217;execuci\u00f3 de quatre a cinc mesos i comptaran amb un 50 per cent de finan\u00e7ament europeu, ja que estan emmarcades en l&#8217;estrat\u00e8gia EDUSI<\/h5>\n<p>[\/vc_column_text][\/vc_column][\/vc_row][vc_row el_id=&#8221;TEXTO_FIN_NOTICIA&#8221;][vc_column][vc_column_text]D\u00edez ha assegurat que \u201cles obres no sols generaran una infraestructura segura segregada del tr\u00e0nsit de circulaci\u00f3, sin\u00f3 que beneficiaran el conjunt de ve\u00efns i de ve\u00efnes perqu\u00e8 <strong>amb aquests carrils aconseguim reduir el flux de vehicles i disminuir la velocitat<\/strong>, una demanda cont\u00ednua en aquests barris\u201d.<\/p>\n<p>En paral\u00b7lel a aquesta actuaci\u00f3, l&#8217;edil ha assenyalat que <strong>comencen les obres del carril bici de l&#8217;avinguda d&#8217;Alacant<\/strong>. \u201cElx mereix ser una ciutat transformadora i sostenible per a equiparar-se a ciutats amb els millors est\u00e0ndards. Hui ho estem aconseguint amb aquestes pol\u00edtiques verdes, actuacions que caminen cap a l&#8217;objectiu Elx2030\u201d, ha concl\u00f2s la regidora.<\/p>\n<hr \/>\n<p>&nbsp;<\/p>\n<p>[\/vc_column_text][\/vc_column][\/vc_row][vc_row][vc_column width=&#8221;1\/6&#8243;][\/vc_column][vc_column width=&#8221;2\/3&#8243;]<audio class=\"sc_audio\" src=\"https:\/\/soundcloud.com\/ayuntamiento-de-elche\/construccion-del-carril-bici-en-pere-joan-perpinya?utm_source=clipboard&#038;utm_medium=text&#038;utm_campaign=social_sharing\" width=\"\" height=\"\"><\/audio>[\/vc_column][vc_column width=&#8221;1\/6&#8243;][\/vc_column][\/vc_row]<\/p>\n<\/div>","protected":false},"excerpt":{"rendered":"<p>[vc_row el_id=&#8221;SUBTITULAR_NOTICIA&#8221;][vc_column][vc_column_text] La regidora de l&#8217;\u00e0rea, Esther D\u00edez, assenyala que \u201camb aquesta actuaci\u00f3 s&#8217;aconsegueix fer un salt important en la xarxa ciclista i situar Elx a l&#8217;altura d&#8217;altres ciutats espanyoles [&hellip;]<\/p>\n","protected":false},"author":131,"featured_media":198276,"comment_status":"closed","ping_status":"closed","sticky":false,"template":"","format":"standard","meta":{"footnotes":""},"categories":[391,217,1312],"tags":[],"class_list":["post-198316","post","type-post","status-publish","format-standard","has-post-thumbnail","hentry","category-home-va","category-mobilitat","category-noticias-va"],"_links":{"self":[{"href":"https:\/\/www.elche.es\/va\/wp-json\/wp\/v2\/posts\/198316","targetHints":{"allow":["GET"]}}],"collection":[{"href":"https:\/\/www.elche.es\/va\/wp-json\/wp\/v2\/posts"}],"about":[{"href":"https:\/\/www.elche.es\/va\/wp-json\/wp\/v2\/types\/post"}],"author":[{"embeddable":true,"href":"https:\/\/www.elche.es\/va\/wp-json\/wp\/v2\/users\/131"}],"replies":[{"embeddable":true,"href":"https:\/\/www.elche.es\/va\/wp-json\/wp\/v2\/comments?post=198316"}],"version-history":[{"count":0,"href":"https:\/\/www.elche.es\/va\/wp-json\/wp\/v2\/posts\/198316\/revisions"}],"wp:featuredmedia":[{"embeddable":true,"href":"https:\/\/www.elche.es\/va\/wp-json\/wp\/v2\/media\/198276"}],"wp:attachment":[{"href":"https:\/\/www.elche.es\/va\/wp-json\/wp\/v2\/media?parent=198316"}],"wp:term":[{"taxonomy":"category","embeddable":true,"href":"https:\/\/www.elche.es\/va\/wp-json\/wp\/v2\/categories?post=198316"},{"taxonomy":"post_tag","embeddable":true,"href":"https:\/\/www.elche.es\/va\/wp-json\/wp\/v2\/tags?post=198316"}],"curies":[{"name":"wp","href":"https:\/\/api.w.org\/{rel}","templated":true}]}}