{"id":198516,"date":"2022-05-25T13:59:39","date_gmt":"2022-05-25T12:59:39","guid":{"rendered":"https:\/\/www.elche.es\/2022\/05\/el-nou-consell-municipal-desports-posara-laccent-principalment-en-el-futbol-base-en-lesport-escolar-i-en-lesport-inclusiu\/"},"modified":"2022-05-25T13:59:39","modified_gmt":"2022-05-25T12:59:39","slug":"el-nou-consell-municipal-desports-posara-laccent-principalment-en-el-futbol-base-en-lesport-escolar-i-en-lesport-inclusiu","status":"publish","type":"post","link":"https:\/\/www.elche.es\/va\/2022\/05\/el-nou-consell-municipal-desports-posara-laccent-principalment-en-el-futbol-base-en-lesport-escolar-i-en-lesport-inclusiu\/","title":{"rendered":"El nou Consell Municipal d&#8217;Esports posar\u00e0 l&#8217;accent principalment en el futbol base, en l&#8217;esport escolar i en l&#8217;esport inclusiu"},"content":{"rendered":"<div class=\"wpb-content-wrapper\"><p>[vc_row el_id=&#8221;SUBTITULAR_NOTICIA&#8221;][vc_column][vc_column_text]<\/p>\n<hr \/>\n<h4>L&#8217;edil d&#8217;Esports, Vicente Alberola, explica que aquest consell est\u00e0 compost per persones que tenen vinculaci\u00f3 directa amb l&#8217;esport i amb representants de les entitats esportives<\/h4>\n<hr \/>\n<p>[\/vc_column_text][\/vc_column][\/vc_row][vc_row el_id=&#8221;TEXTO_FIN_NOTICIA&#8221;][vc_column][vc_column_text]El regidor d&#8217;Esports, Vicente Alberola, i el coordinador d&#8217;Esports, Jos\u00e9 Francisco Aldeguer, han presentat la constituci\u00f3 del nou Consell Municipal d&#8217;Esports d&#8217;Elx en el qual, tal com han explicat ambd\u00f3s, <strong>es posar\u00e0 l&#8217;accent principalment en el futbol base, en l&#8217;esport escolar i en l&#8217;esport inclusiu<\/strong>.<\/p>\n<p>Per a tractar aquests temes, l&#8217;edil ha informat de la creaci\u00f3 de tres comissions sectorials espec\u00edfiques i ha prestat especial atenci\u00f3 a l&#8217;esport inclusiu, des de la perspectiva de <strong>l&#8217;esport com a forma d&#8217;oci i amb tots els beneficis que t\u00e9 per a la salut<\/strong>.<\/p>\n<p>Alberola ha destacat que <strong>&#8220;el consell est\u00e0 compost per persones que tenen vinculaci\u00f3 directa amb l&#8217;esport, amb representants de les entitats esportives i dels clubs&#8221;<\/strong>, i ha anunciat que Jaime S\u00e1nchez, president del Club de Nataci\u00f3 Elx, continuar\u00e0 com representant del consell, la primera funci\u00f3 del qual ser\u00e0 la de representar al consell en el Debat de l&#8217;Estat del Municipi.<\/p>\n<p>Per part seua, Aldeguer ha explicat que &#8220;aquests canvis busquen donar-li major operativitat al consell. <strong>No deixa de ser un \u00f2rgan consultiu, per\u00f2 fruit de la reflexi\u00f3 pot haver-hi propostes que facen que l&#8217;esport il\u00b7licit\u00e0 millore<\/strong>&#8220;, i ha afirmat que buscaven que l&#8217;Assemblea tinguera la major representativitat de tots els segments de l&#8217;esport.<\/p>\n<p>Amd\u00f3s han coincidit que el consell tamb\u00e9 \u00e9s m\u00e9s din\u00e0mic i efica\u00e7. A m\u00e9s, <strong>esperen que propicie i potencie el treball conjunt entre l&#8217;Ajuntament, les institucions, diferents entitats esportives i esportistes de la ciutat<\/strong> per tal d\u2019aconseguir que es millore l&#8217;esport il\u00b7licit\u00e0 a trav\u00e9s d&#8217;una participaci\u00f3 ordenada i efica\u00e7 tant en l&#8217;Assemblea General com en qualsevol dels Comit\u00e9s Sectorials.<\/p>\n<hr \/>\n<p>&nbsp;<\/p>\n<p>[\/vc_column_text][\/vc_column][\/vc_row][vc_row][vc_column width=&#8221;1\/6&#8243;][\/vc_column][vc_column width=&#8221;2\/3&#8243;]<audio class=\"sc_audio\" src=\"https:\/\/soundcloud.com\/ayuntamiento-de-elche\/balance-del-consejo-municipal-de-deportes?utm_source=clipboard&#038;utm_medium=text&#038;utm_campaign=social_sharing\" width=\"\" height=\"\"><\/audio>[\/vc_column][vc_column width=&#8221;1\/6&#8243;][\/vc_column][\/vc_row]<\/p>\n<\/div>","protected":false},"excerpt":{"rendered":"<p>[vc_row el_id=&#8221;SUBTITULAR_NOTICIA&#8221;][vc_column][vc_column_text] L&#8217;edil d&#8217;Esports, Vicente Alberola, explica que aquest consell est\u00e0 compost per persones que tenen vinculaci\u00f3 directa amb l&#8217;esport i amb representants de les entitats esportives [\/vc_column_text][\/vc_column][\/vc_row][vc_row el_id=&#8221;TEXTO_FIN_NOTICIA&#8221;][vc_column][vc_column_text]El regidor [&hellip;]<\/p>\n","protected":false},"author":131,"featured_media":198452,"comment_status":"closed","ping_status":"closed","sticky":false,"template":"","format":"standard","meta":{"footnotes":""},"categories":[187,391,1312],"tags":[],"class_list":["post-198516","post","type-post","status-publish","format-standard","has-post-thumbnail","hentry","category-esports","category-home-va","category-noticias-va"],"_links":{"self":[{"href":"https:\/\/www.elche.es\/va\/wp-json\/wp\/v2\/posts\/198516","targetHints":{"allow":["GET"]}}],"collection":[{"href":"https:\/\/www.elche.es\/va\/wp-json\/wp\/v2\/posts"}],"about":[{"href":"https:\/\/www.elche.es\/va\/wp-json\/wp\/v2\/types\/post"}],"author":[{"embeddable":true,"href":"https:\/\/www.elche.es\/va\/wp-json\/wp\/v2\/users\/131"}],"replies":[{"embeddable":true,"href":"https:\/\/www.elche.es\/va\/wp-json\/wp\/v2\/comments?post=198516"}],"version-history":[{"count":0,"href":"https:\/\/www.elche.es\/va\/wp-json\/wp\/v2\/posts\/198516\/revisions"}],"wp:featuredmedia":[{"embeddable":true,"href":"https:\/\/www.elche.es\/va\/wp-json\/wp\/v2\/media\/198452"}],"wp:attachment":[{"href":"https:\/\/www.elche.es\/va\/wp-json\/wp\/v2\/media?parent=198516"}],"wp:term":[{"taxonomy":"category","embeddable":true,"href":"https:\/\/www.elche.es\/va\/wp-json\/wp\/v2\/categories?post=198516"},{"taxonomy":"post_tag","embeddable":true,"href":"https:\/\/www.elche.es\/va\/wp-json\/wp\/v2\/tags?post=198516"}],"curies":[{"name":"wp","href":"https:\/\/api.w.org\/{rel}","templated":true}]}}