{"id":198999,"date":"2022-05-31T08:52:46","date_gmt":"2022-05-31T07:52:46","guid":{"rendered":"https:\/\/www.elche.es\/2022\/05\/lequip-de-govern-anuncia-una-inversio-de-300-000-euros-per-a-conservar-les-zones-mes-deteriorades-de-les-clarisses\/"},"modified":"2022-05-31T08:52:47","modified_gmt":"2022-05-31T07:52:47","slug":"lequip-de-govern-anuncia-una-inversio-de-300-000-euros-per-a-conservar-les-zones-mes-deteriorades-de-les-clarisses","status":"publish","type":"post","link":"https:\/\/www.elche.es\/va\/2022\/05\/lequip-de-govern-anuncia-una-inversio-de-300-000-euros-per-a-conservar-les-zones-mes-deteriorades-de-les-clarisses\/","title":{"rendered":"L&#8217;Equip de Govern anuncia una inversi\u00f3 de 300.000 euros per a conservar les zones m\u00e9s deteriorades de Les Clarisses"},"content":{"rendered":"<div class=\"wpb-content-wrapper\"><p>[vc_row el_id=&#8221;SUBTITULAR_NOTICIA&#8221;][vc_column][vc_column_text]<\/p>\n<hr \/>\n<h4>La partida s&#8217;aprovar\u00e0 a la Junta de Govern del pr\u00f2xim divendres tal com es va anunciar durant la sessi\u00f3 plen\u00e0ria<\/h4>\n<hr \/>\n<p>[\/vc_column_text][\/vc_column][\/vc_row][vc_row el_id=&#8221;TEXTO_NOTICIA&#8221;][vc_column][vc_column_text]L&#8217;Equip de Govern <strong>ha anunciat al Ple una inversi\u00f3 de 300.000 euros per a la conservaci\u00f3 de les zones m\u00e9s deteriorades del convent Les Clarisses durant el debat d&#8217;una moci\u00f3 del Grup Popular<\/strong>, relativa a la rehabilitaci\u00f3 de les Clarisses i la conversi\u00f3 en un espai musealitzat, que ha sigut rebutjada. La portaveu de Comprom\u00eds ha destacat que es posar\u00e0 en marxa aquesta partida per a la recuperaci\u00f3 de l&#8217;edifici i ha assenyalat que s&#8217;aprovar\u00e0 a la Junta de Govern del pr\u00f2xim divendres. Per part seua, la regidora d&#8217;Urbanisme, Ana Arabid, ha destacat que <strong>\u201cel que prima en aquests moments \u00e9s l&#8217;adequada conservaci\u00f3 de l&#8217;edifici per a evitar que avance la seua degradaci\u00f3\u201d<\/strong> i, per a aix\u00f2, ha assenyalat que es dur\u00e0 a terme una modificaci\u00f3 pressupost\u00e0ria amb la finalitat d&#8217;adoptar mesures m\u00e9s urgents i aix\u00ed atendre les necessitats del patrimoni.<\/p>\n<p>A m\u00e9s, la sessi\u00f3 plen\u00e0ria ha aprovat per unanimitat una moci\u00f3 del PSOE en la qual <strong>s&#8217;insta el Ministeri per a la Transici\u00f3 Ecol\u00f2gica i el Repte Demogr\u00e0fic al fet que modifique la llei de residus perqu\u00e8 es permeta la crema de restes de poda<\/strong>. A m\u00e9s, se sol\u00b7licita que es treballe de manera coordinada amb el sector agrari, davant qualsevol modificaci\u00f3 normativa que puga afectar a aquest, i al fet que les restes de podes dins de l&#8217;\u00e0mbit agr\u00edcola i silv\u00edcola no siguen considerats com a residus sin\u00f3 com a subproductes vegetals originats de l&#8217;activitat agr\u00e0ria.[\/vc_column_text][\/vc_column][\/vc_row][vc_row el_id=&#8221;DESTACADO_NOTICIA&#8221;][vc_column][vc_column_text el_class=&#8221;cuadronoticia&#8221;]<\/p>\n<h5>Tots els grups pol\u00edtics donen suport a una moci\u00f3 per a instar el Ministeri de Transici\u00f3 Ecol\u00f2gica que modifique la llei de residus perqu\u00e8 es permeta la crema de restes de poda, una altra per a sol\u00b7licitar fons a les administracions amb la finalitat de garantir la conservaci\u00f3 del Palmerar i una m\u00e9s per a impulsar una campanya de sensibilitzaci\u00f3 contra el comportament inc\u00edvic de no recollir els excrements dels gossos a la via p\u00fablica<\/h5>\n<p>[\/vc_column_text][\/vc_column][\/vc_row][vc_row][vc_column][vc_column_text]Una altra de les propostes que ha tirat endavant amb els vots a favor de tots els grups pol\u00edtics ha sigut la de Comprom\u00eds en la qual<strong> se sol\u00b7licita al Govern d&#8217;Espanya, a la Generalitat i a la Diputaci\u00f3 d&#8217;Alacant el suport econ\u00f2mic necessari per a garantir el manteniment, la gesti\u00f3 i la conservaci\u00f3 del Palmerar<\/strong>, patrimoni de la Humanitat declarat per la UNESCO.<\/p>\n<p>Tamb\u00e9 <strong>ha tingut el suport de tots els grups pol\u00edtics una moci\u00f3 de Ciutadans relativa a promoure una campanya de conscienciaci\u00f3 entre els propietaris de mascotes de la ciutat contra el comportament inc\u00edvic de no recollir els excrements dels gossos de la via p\u00fablica<\/strong>. Amb aquesta moci\u00f3 s&#8217;insta tamb\u00e9 la creaci\u00f3 d&#8217;equips de treball amb la participaci\u00f3 d&#8217;associacions d&#8217;animals, veterinaris i altres col\u00b7lectius per a conscienciar dels efectes negatius que implica eixa situaci\u00f3.<\/p>\n<p>Una altra de les iniciatives que ha exposat la formaci\u00f3 taronja <strong>ha aconseguit la unanimitat, amb una acte esmena, i en ella es demana que es pose en marxa el projecte No Est\u00e0s Sol (Codi N.E.S.) i s&#8217;insta la Conselleria de Sanitat per a la inclusi\u00f3 de la iniciativa<\/strong> dins del Sistema Abucasis per a establir un Pla d&#8217;actuaci\u00f3 individualitzat per a cada pacient i aix\u00ed evitar situacions de risc. Aquest projecte suposa la posada en marxa d&#8217;un sistema de garbellat poblacional per a la detecci\u00f3 de les persones majors de 65 anys en soledat, aix\u00ed com la vigil\u00e0ncia i el seguiment a trav\u00e9s d&#8217;una xarxa que fomente la cooperaci\u00f3 entre professionals sanitaris i serveis socials.<\/p>\n<p>L&#8217;edil no adscrit ha plantejat una moci\u00f3, que <strong>ha sigut aprovada per tots els grups, en la qual sol\u00b7licita que s&#8217;estudie per part de la Regidoria d&#8217;Esports juntament amb la Fundaci\u00f3 Il\u00b7licitana de l&#8217;Esport organitzar una setmana de l&#8217;esport inclusiu i la promoci\u00f3 d&#8217;aquest en centres escolars<\/strong>. Aix\u00ed mateix, es demana que s&#8217;analitze si \u00e9s possible realitzar cursos formatius relacionats amb l&#8217;esport inclusiu per als monitors esportius implicats.[\/vc_column_text][\/vc_column][\/vc_row][vc_row][vc_column][vc_column_text el_class=&#8221;cuadronoticia&#8221;]<\/p>\n<h5>Tamb\u00e9 s&#8217;aprova amb els vots a favor de totes les formacions la posada en marxa d&#8217;un sistema de garbellat per a vigil\u00e0ncia i major atenci\u00f3 per a les persones majors i una altra per a organitzar una setmana de l&#8217;esport inclusiu i la promoci\u00f3 d&#8217;aquest en centres escolars<\/h5>\n<p>[\/vc_column_text][\/vc_column][\/vc_row][vc_row el_id=&#8221;TEXTO_FIN_NOTICIA&#8221;][vc_column][vc_column_text]D&#8217;altra banda, la sessi\u00f3 plen\u00e0ria ha aprovat, amb els vots en contra del PSOE, una moci\u00f3 del PP relativa al <strong>suport a la Universitat Miguel Hern\u00e1ndez per la implantaci\u00f3 de Medicina a la Universitat d&#8217;Alacant<\/strong>.<\/p>\n<p>A m\u00e9s, Vox ha instat, d&#8217;una banda, l&#8217;Equip de Govern <strong>a la creaci\u00f3 d&#8217;una Ordenan\u00e7a municipal Reguladora per a la neteja i el manteniment de terrenys no urbanitzables i rurals<\/strong> i, d&#8217;altra banda, a l&#8217;elaboraci\u00f3 d&#8217;un sistema de beques esportives per a persones amb menys recursos econ\u00f2mics. Ambdues mocions han sigut rebutjades.<\/p>\n<hr \/>\n<p>[\/vc_column_text][\/vc_column][\/vc_row][vc_row][vc_column width=&#8221;1\/6&#8243;][\/vc_column][vc_column width=&#8221;2\/3&#8243;]<audio class=\"sc_audio\" src=\"\" width=\"\" height=\"\"><\/audio>[\/vc_column][vc_column width=&#8221;1\/6&#8243;][\/vc_column][\/vc_row]<\/p>\n<\/div>","protected":false},"excerpt":{"rendered":"<p>[vc_row el_id=&#8221;SUBTITULAR_NOTICIA&#8221;][vc_column][vc_column_text] La partida s&#8217;aprovar\u00e0 a la Junta de Govern del pr\u00f2xim divendres tal com es va anunciar durant la sessi\u00f3 plen\u00e0ria [\/vc_column_text][\/vc_column][\/vc_row][vc_row el_id=&#8221;TEXTO_NOTICIA&#8221;][vc_column][vc_column_text]L&#8217;Equip de Govern ha anunciat al Ple [&hellip;]<\/p>\n","protected":false},"author":131,"featured_media":182978,"comment_status":"closed","ping_status":"closed","sticky":false,"template":"","format":"standard","meta":{"footnotes":""},"categories":[391,1312],"tags":[],"class_list":["post-198999","post","type-post","status-publish","format-standard","has-post-thumbnail","hentry","category-home-va","category-noticias-va"],"_links":{"self":[{"href":"https:\/\/www.elche.es\/va\/wp-json\/wp\/v2\/posts\/198999","targetHints":{"allow":["GET"]}}],"collection":[{"href":"https:\/\/www.elche.es\/va\/wp-json\/wp\/v2\/posts"}],"about":[{"href":"https:\/\/www.elche.es\/va\/wp-json\/wp\/v2\/types\/post"}],"author":[{"embeddable":true,"href":"https:\/\/www.elche.es\/va\/wp-json\/wp\/v2\/users\/131"}],"replies":[{"embeddable":true,"href":"https:\/\/www.elche.es\/va\/wp-json\/wp\/v2\/comments?post=198999"}],"version-history":[{"count":0,"href":"https:\/\/www.elche.es\/va\/wp-json\/wp\/v2\/posts\/198999\/revisions"}],"wp:featuredmedia":[{"embeddable":true,"href":"https:\/\/www.elche.es\/va\/wp-json\/wp\/v2\/media\/182978"}],"wp:attachment":[{"href":"https:\/\/www.elche.es\/va\/wp-json\/wp\/v2\/media?parent=198999"}],"wp:term":[{"taxonomy":"category","embeddable":true,"href":"https:\/\/www.elche.es\/va\/wp-json\/wp\/v2\/categories?post=198999"},{"taxonomy":"post_tag","embeddable":true,"href":"https:\/\/www.elche.es\/va\/wp-json\/wp\/v2\/tags?post=198999"}],"curies":[{"name":"wp","href":"https:\/\/api.w.org\/{rel}","templated":true}]}}