{"id":199104,"date":"2022-05-31T13:43:29","date_gmt":"2022-05-31T12:43:29","guid":{"rendered":"https:\/\/www.elche.es\/2022\/05\/la-dotzena-edicio-de-lelx-jazz-festival-se-celebrara-del-30-de-juny-al-3-de-juliol-a-la-rotonda-del-parc-municipal-i-a-la-placa-de-baix\/"},"modified":"2022-05-31T13:43:30","modified_gmt":"2022-05-31T12:43:30","slug":"la-dotzena-edicio-de-lelx-jazz-festival-se-celebrara-del-30-de-juny-al-3-de-juliol-a-la-rotonda-del-parc-municipal-i-a-la-placa-de-baix","status":"publish","type":"post","link":"https:\/\/www.elche.es\/va\/2022\/05\/la-dotzena-edicio-de-lelx-jazz-festival-se-celebrara-del-30-de-juny-al-3-de-juliol-a-la-rotonda-del-parc-municipal-i-a-la-placa-de-baix\/","title":{"rendered":"La dotzena edici\u00f3 de l&#8217;Elx Jazz Festival se celebrar\u00e0 del 30 de juny al 3 de juliol a la rotonda del Parc Municipal i a la Pla\u00e7a de Baix"},"content":{"rendered":"<div class=\"wpb-content-wrapper\"><p>[vc_row el_id=&#8221;SUBTITULAR_NOTICIA&#8221;][vc_column][vc_column_text]<\/p>\n<hr \/>\n<h4>L&#8217;edil de Cultura, Marga Ant\u00f3n, informa que l&#8217;esdeveniment comptar\u00e0 amb la pres\u00e8ncia d&#8217;artistes com Mar\u00eda Yfeu, David Pastor o Chano Dom\u00ednguez, entre altres<\/h4>\n<hr \/>\n<p>[\/vc_column_text][\/vc_column][\/vc_row][vc_row el_id=&#8221;TEXTO_FIN_NOTICIA&#8221;][vc_column][vc_column_text]La <strong>regidora de Cultura, Marga Ant\u00f3n<\/strong>, ha presentat la dotzena edici\u00f3 de l&#8217;<strong>Elx Jazz Festival<\/strong> que tindr\u00e0 lloc <strong>del 30 de juny al 3 de juliol<\/strong> a la rotonda del Parc Municipal i en la Pla\u00e7a de Baix.<\/p>\n<p>&#8220;El festival, que t\u00e9 un prestigi\u00f3s prestigi entre els festivals de la nostra categoria, evoluciona i millora ja que en aquesta nova edici\u00f3 tindr\u00e0 eixos dos nous empla\u00e7aments. <strong>A la Pla\u00e7a de Baix acostar\u00e0 el <em>jazz<\/em> als qui estiguen passejant<\/strong> i, d&#8217;altra banda, tenim la rotonda que \u00e9s un espai amb molt d&#8217;aforament i molt agradable per a gaudir de les nits d&#8217;estiu a trav\u00e9s del <em>jazz<\/em>&#8220;, ha destacat Ant\u00f3n.<\/p>\n<p>El festival s&#8217;obrir\u00e0 el dijous 30 de la m\u00e0 de la cantant <strong>Mar\u00eda Yfeu<\/strong>, de qui l&#8217;edil de l&#8217;\u00e0rea ha destacat que &#8220;es tracta d&#8217;<strong>una de les veus m\u00e9s especials que han sorgit en els \u00faltims anys<\/strong> al panorama nacional i t\u00e9 influ\u00e8ncies del <em>jazz<\/em>, pop o <em>rock<\/em>, entre altres&#8221;.<\/p>\n<p>El divendres 1 tindran lloc dos concerts, el primer d&#8217;ells a la Pla\u00e7a de Baix a les 20.00 hores a c\u00e0rrec del<strong> quartet femen\u00ed de saxofons, Ellesax, que interpretaran un homenatge al m\u00edtic m\u00fasic Pedro Iturralde<\/strong>, mentre que a les 22.30 a la rotonda del Parc Municipal actuar\u00e0 el trompetista valenci\u00e0 David Pastor.<\/p>\n<p>Per al dissabte 2 la formaci\u00f3 <strong>Original Dixieland Sedajazz<\/strong> actuar\u00e0 a Pla\u00e7a de Baix amb el seu estil de m\u00fasica que traslladar\u00e0 al p\u00fablic als anys 20 del segle passat. A m\u00e9s, a les 22.30 a la rotonda actuar\u00e0 <strong>Chano Dom\u00ednguez, una de les figures m\u00e9s importants del flamenc-<em>jazz<\/em><\/strong>, que vindr\u00e0 acompanyada de joves talents del prestigi\u00f3s <strong>Taller de Musics de Barcelona<\/strong>.<\/p>\n<p>Finalment, el diumenge 3 el pianista catal\u00e0 <strong>Carlos Bianchini<\/strong> tancar\u00e0 el festival amb un concert on els assistents podran gaudir de la seua m\u00fasica.<\/p>\n<p>El preu de les entrades \u00e9s de<strong> cinc euros en venda anticipada per als concerts de la Rotonda i en a la Pla\u00e7a de Baix s\u00f3n gratu\u00efts<\/strong>.<\/p>\n<p>Ant\u00f3n ha animat la ciutadania, tant d&#8217;Elx com de fora, a assistir als concerts i a gaudir del jazz.<\/p>\n<h5>Actuaci\u00f3 de Manuel Carrasco el divendres a les 22.30 hores a Elx<\/h5>\n<p>A m\u00e9s, la regidora de Cultura ha recordat que <strong>aquest divendres des de les 22.30 hores el cantant Manuel Carrasco actuar\u00e0 al p\u00e0rquing de la UMH<\/strong> i ha convidat tant els il\u00b7licitans i les il\u00b7licitanes com persones de fora d&#8217;Elx a vindre al concert ja que &#8220;delectar\u00e0 als assistents amb el gran talent que atresora&#8221;.<\/p>\n<hr \/>\n<p>&nbsp;<\/p>\n<p>[\/vc_column_text][\/vc_column][\/vc_row][vc_row][vc_column width=&#8221;1\/2&#8243;]<audio class=\"sc_audio\" src=\"https:\/\/soundcloud.com\/ayuntamiento-de-elche\/presentacion-elx-jazz-festival-2022?utm_source=clipboard&#038;utm_medium=text&#038;utm_campaign=social_sharing\" width=\"\" height=\"\"><\/audio>[\/vc_column][vc_column width=&#8221;1\/2&#8243;]<audio class=\"sc_audio\" src=\"https:\/\/soundcloud.com\/ayuntamiento-de-elche\/anuncio-del-concierto-de-manu-carrasco-del-3-de-junio?utm_source=clipboard&#038;utm_medium=text&#038;utm_campaign=social_sharing\" width=\"\" height=\"\"><\/audio>[\/vc_column][\/vc_row]<\/p>\n<\/div>","protected":false},"excerpt":{"rendered":"<p>[vc_row el_id=&#8221;SUBTITULAR_NOTICIA&#8221;][vc_column][vc_column_text] L&#8217;edil de Cultura, Marga Ant\u00f3n, informa que l&#8217;esdeveniment comptar\u00e0 amb la pres\u00e8ncia d&#8217;artistes com Mar\u00eda Yfeu, David Pastor o Chano Dom\u00ednguez, entre altres [\/vc_column_text][\/vc_column][\/vc_row][vc_row el_id=&#8221;TEXTO_FIN_NOTICIA&#8221;][vc_column][vc_column_text]La regidora de Cultura, [&hellip;]<\/p>\n","protected":false},"author":131,"featured_media":199069,"comment_status":"closed","ping_status":"closed","sticky":false,"template":"","format":"standard","meta":{"footnotes":""},"categories":[193,391,1312],"tags":[],"class_list":["post-199104","post","type-post","status-publish","format-standard","has-post-thumbnail","hentry","category-cultura-va","category-home-va","category-noticias-va"],"_links":{"self":[{"href":"https:\/\/www.elche.es\/va\/wp-json\/wp\/v2\/posts\/199104","targetHints":{"allow":["GET"]}}],"collection":[{"href":"https:\/\/www.elche.es\/va\/wp-json\/wp\/v2\/posts"}],"about":[{"href":"https:\/\/www.elche.es\/va\/wp-json\/wp\/v2\/types\/post"}],"author":[{"embeddable":true,"href":"https:\/\/www.elche.es\/va\/wp-json\/wp\/v2\/users\/131"}],"replies":[{"embeddable":true,"href":"https:\/\/www.elche.es\/va\/wp-json\/wp\/v2\/comments?post=199104"}],"version-history":[{"count":0,"href":"https:\/\/www.elche.es\/va\/wp-json\/wp\/v2\/posts\/199104\/revisions"}],"wp:featuredmedia":[{"embeddable":true,"href":"https:\/\/www.elche.es\/va\/wp-json\/wp\/v2\/media\/199069"}],"wp:attachment":[{"href":"https:\/\/www.elche.es\/va\/wp-json\/wp\/v2\/media?parent=199104"}],"wp:term":[{"taxonomy":"category","embeddable":true,"href":"https:\/\/www.elche.es\/va\/wp-json\/wp\/v2\/categories?post=199104"},{"taxonomy":"post_tag","embeddable":true,"href":"https:\/\/www.elche.es\/va\/wp-json\/wp\/v2\/tags?post=199104"}],"curies":[{"name":"wp","href":"https:\/\/api.w.org\/{rel}","templated":true}]}}