{"id":199693,"date":"2022-06-03T11:39:55","date_gmt":"2022-06-03T10:39:55","guid":{"rendered":"https:\/\/www.elche.es\/2022\/06\/agents-de-la-policia-local-delx-detenen-un-home-per-un-presumpte-delicte-de-trafic-de-drogues-quan-tractava-de-fugir-dun-control\/"},"modified":"2022-06-03T11:39:55","modified_gmt":"2022-06-03T10:39:55","slug":"agents-de-la-policia-local-delx-detenen-un-home-per-un-presumpte-delicte-de-trafic-de-drogues-quan-tractava-de-fugir-dun-control","status":"publish","type":"post","link":"https:\/\/www.elche.es\/va\/2022\/06\/agents-de-la-policia-local-delx-detenen-un-home-per-un-presumpte-delicte-de-trafic-de-drogues-quan-tractava-de-fugir-dun-control\/","title":{"rendered":"Agents de la Policia Local d&#8217;Elx detenen un home per un presumpte delicte de tr\u00e0fic de drogues quan tractava de fugir d&#8217;un control"},"content":{"rendered":"<div class=\"wpb-content-wrapper\"><p>[vc_row el_id=&#8221;SUBTITULAR_NOTICIA&#8221;][vc_column][vc_column_text]<\/p>\n<hr \/>\n<h4>El conductor va voler fer un canvi de sentit en veure el control policial a la carretera de l\u2019Altet i va iniciar una conducci\u00f3 temer\u00e0ria<\/h4>\n<hr \/>\n<p>[\/vc_column_text][\/vc_column][\/vc_row][vc_row el_id=&#8221;TEXTO_FIN_NOTICIA&#8221;][vc_column][vc_column_text]La Policia Local d&#8217;Elx va detindre en la vesprada del passat 17 de maig un home per un presumpte delicte de tr\u00e0fic de drogues<strong> en intentar fugir d&#8217;un control policial de seguretat que s&#8217;estava duent a terme a la carretera de l\u2019Altet<\/strong>.<\/p>\n<p>Els agents van observar la frenada brusca d&#8217;una motocicleta que obligava la resta de vehicles que circulaven darrere a detindre&#8217;s immediatament. L&#8217;implicat va fer un canvi de sentit en una via de sentit \u00fanic i va <strong>comen\u00e7ar una persecuci\u00f3 en la qual el conductor es negava a detindre&#8217;s davant l&#8217;alt policial i zigzaguejava entre la resta dels vehicles<\/strong>.<\/p>\n<p>En un moment de la fugida, l&#8217;home <strong>va<\/strong> <strong>llan\u00e7ar a la cal\u00e7ada una borsa que va ser recollida pels agents i que contenia diversos grams de coca\u00efna<\/strong>. Quan la dotaci\u00f3 policial va aconseguir agafar-lo, l&#8217;implicat va donar positiu en les proves d&#8217;alcohol\u00e8mia i de drogues.<\/p>\n<p>El conductor <strong>va ser detingut per un presumpte delicte contra la Salut P\u00fablica<\/strong>, a m\u00e9s de ser denunciat per conducci\u00f3 temer\u00e0ria i traslladat a depend\u00e8ncies policials.<\/p>\n<hr \/>\n<p>&nbsp;<\/p>\n<p>[\/vc_column_text][\/vc_column][\/vc_row][vc_row][vc_column width=&#8221;1\/6&#8243;][\/vc_column][vc_column width=&#8221;2\/3&#8243;]<audio class=\"sc_audio\" src=\"\" width=\"\" height=\"\"><\/audio>[\/vc_column][vc_column width=&#8221;1\/6&#8243;][\/vc_column][\/vc_row]<\/p>\n<\/div>","protected":false},"excerpt":{"rendered":"<p>[vc_row el_id=&#8221;SUBTITULAR_NOTICIA&#8221;][vc_column][vc_column_text] El conductor va voler fer un canvi de sentit en veure el control policial a la carretera de l\u2019Altet i va iniciar una conducci\u00f3 temer\u00e0ria [\/vc_column_text][\/vc_column][\/vc_row][vc_row el_id=&#8221;TEXTO_FIN_NOTICIA&#8221;][vc_column][vc_column_text]La Policia [&hellip;]<\/p>\n","protected":false},"author":145,"featured_media":199685,"comment_status":"closed","ping_status":"closed","sticky":false,"template":"","format":"standard","meta":{"footnotes":""},"categories":[2864,238],"tags":[],"class_list":["post-199693","post","type-post","status-publish","format-standard","has-post-thumbnail","hentry","category-breus","category-policia-local-va"],"_links":{"self":[{"href":"https:\/\/www.elche.es\/va\/wp-json\/wp\/v2\/posts\/199693","targetHints":{"allow":["GET"]}}],"collection":[{"href":"https:\/\/www.elche.es\/va\/wp-json\/wp\/v2\/posts"}],"about":[{"href":"https:\/\/www.elche.es\/va\/wp-json\/wp\/v2\/types\/post"}],"author":[{"embeddable":true,"href":"https:\/\/www.elche.es\/va\/wp-json\/wp\/v2\/users\/145"}],"replies":[{"embeddable":true,"href":"https:\/\/www.elche.es\/va\/wp-json\/wp\/v2\/comments?post=199693"}],"version-history":[{"count":0,"href":"https:\/\/www.elche.es\/va\/wp-json\/wp\/v2\/posts\/199693\/revisions"}],"wp:featuredmedia":[{"embeddable":true,"href":"https:\/\/www.elche.es\/va\/wp-json\/wp\/v2\/media\/199685"}],"wp:attachment":[{"href":"https:\/\/www.elche.es\/va\/wp-json\/wp\/v2\/media?parent=199693"}],"wp:term":[{"taxonomy":"category","embeddable":true,"href":"https:\/\/www.elche.es\/va\/wp-json\/wp\/v2\/categories?post=199693"},{"taxonomy":"post_tag","embeddable":true,"href":"https:\/\/www.elche.es\/va\/wp-json\/wp\/v2\/tags?post=199693"}],"curies":[{"name":"wp","href":"https:\/\/api.w.org\/{rel}","templated":true}]}}