{"id":200039,"date":"2022-06-06T12:44:29","date_gmt":"2022-06-06T11:44:29","guid":{"rendered":"https:\/\/www.elche.es\/2022\/06\/mobilitat-difon-mitjancant-una-campanya-els-valors-ambientals-i-socials-de-convertir-en-zona-de-vianants-la-corredora\/"},"modified":"2022-06-06T12:44:30","modified_gmt":"2022-06-06T11:44:30","slug":"mobilitat-difon-mitjancant-una-campanya-els-valors-ambientals-i-socials-de-convertir-en-zona-de-vianants-la-corredora","status":"publish","type":"post","link":"https:\/\/www.elche.es\/va\/2022\/06\/mobilitat-difon-mitjancant-una-campanya-els-valors-ambientals-i-socials-de-convertir-en-zona-de-vianants-la-corredora\/","title":{"rendered":"Mobilitat difon, mitjan\u00e7ant una campanya, els valors ambientals i socials de convertir en zona de vianants la Corredora"},"content":{"rendered":"<div class=\"wpb-content-wrapper\"><p>[vc_row el_id=&#8221;SUBTITULAR_NOTICIA&#8221;][vc_column][vc_column_text]<\/p>\n<hr \/>\n<h4>L&#8217;edil de l&#8217;\u00e0rea, Esther D\u00edez, explica que la iniciativa cerca, mitjan\u00e7ant la instal\u00b7laci\u00f3 de diferents vinils a la Corredora, sensibilitzar la ciutadania, d&#8217;una forma amable i creativa, les millores que ha suposat la transformaci\u00f3 urban\u00edstica del carrer<\/h4>\n<hr \/>\n<p>[\/vc_column_text][\/vc_column][\/vc_row][vc_row el_id=&#8221;TEXTO_NOTICIA&#8221;][vc_column][vc_column_text]La Regidoria de Mobilitat, amb motiu del <strong>Dia del Medi Ambient<\/strong>, que va tindre lloc ahir 5 de juny, ha presentat una campanya que t\u00e9 per objectiu <strong>posar en valor els avantatges de la conversi\u00f3 en zona de vianants de la Corredora<\/strong>, tant a nivell ambiental, com social. Una actuaci\u00f3 que, segons l&#8217;<strong>edil, Esther D\u00edez<\/strong>, \u201csimbolitza l&#8217;aposta d&#8217;aquest Equip de Govern per recuperar l&#8217;espai p\u00fablic per a les persones.\u201d<\/p>\n<p>En aquesta l\u00ednia, la regidora ha apuntat que \u201cla conversi\u00f3 en zona de vianants de la Corredora \u00e9s tamb\u00e9 el resultat de la reivindicaci\u00f3 de moltes persones i col\u00b7lectius que al llarg dels anys han reclamat que <strong>el cor de la ciutat mereixia ser \u00edntegrament per als vianants i un espai lliure de fums i soroll<\/strong>.\u201d<\/p>\n<p>A m\u00e9s, D\u00edez ha explicat que la campanya \u201cbusca divulgar les xifres resultants de la transformaci\u00f3 urban\u00edstica del carrer.<strong> Hem passat d&#8217;1.800.000 vehicles transitant a l&#8217;any per la Corredora a zero cotxes i de 70 tones de di\u00f2xid de carboni a un carrer lliure de fums<\/strong>. Segons els mesuraments que realitzem amb la Universitat Miguel Hern\u00e1ndez d&#8217;Elx, els indicadors de la Corredora s\u00f3n uns dels m\u00e9s baixos de la ciutat, 14 micrograms per metre c\u00fabic de di\u00f2xid de nitrogen.\u201d<\/p>\n<p>D&#8217;altra banda, l&#8217;edil ha volgut recordar l&#8217;espai f\u00edsic guanyat pels vianants i ha apuntat que \u201cabans nom\u00e9s ten\u00edem 1,85 metres per a caminar per les voreres i nom\u00e9s un pas de vianants en tot aquest tram pel qual travessar el carrer,<strong> una via que ara est\u00e0 plena de vida, que ha reactivat el comer\u00e7, l&#8217;hostaleria, que ha millorat els nostres recursos tur\u00edstics i que ha generat un espai de socialitzaci\u00f3 clau a la ciutat<\/strong>.\u201d[\/vc_column_text][\/vc_column][\/vc_row][vc_row el_id=&#8221;DESTACADO_NOTICIA&#8221;][vc_column][vc_column_text el_class=&#8221;cuadronoticia&#8221;]<\/p>\n<h5>D\u00edez assegura que amb aquesta acci\u00f3 es pret\u00e9n divulgar les xifres resultants d&#8217;aquesta actuaci\u00f3 amb la qual s&#8217;ha aconseguit passar d&#8217;1.800.000 vehicles transitant a l&#8217;any per la Corredora a zero cotxes i de 70 tones de di\u00f2xid de carboni a un carrer lliure de fums<\/h5>\n<p>[\/vc_column_text][\/vc_column][\/vc_row][vc_row el_id=&#8221;TEXTO_FIN_NOTICIA&#8221;][vc_column][vc_column_text]En la mateixa l\u00ednia, l&#8217;edil ha assenyalat que <strong>aquesta actuaci\u00f3 \u201cha millorat el benestar dels il\u00b7licitans i les il\u00b7licitanes<\/strong>, perqu\u00e8 d&#8217;aix\u00f2 es tractava, de dur a terme una transformaci\u00f3 aplicant les directrius que recomanen els organismes internacionals per a aconseguir uns indicadors que facen d&#8217;Elx una ciutat m\u00e9s verda i saludable.\u201d<\/p>\n<h5>Una campanya de Street m\u00e0rqueting<\/h5>\n<p>La campanya consisteix en la instal\u00b7laci\u00f3 a la Corredora de diferents <strong>vinils amb missatges que destaquen els beneficis de la conversi\u00f3 en zona de vianants d&#8217;aquest carrer<\/strong>. L&#8217;acci\u00f3 ha sigut desenvolupada per l&#8217;ag\u00e8ncia Gendre i cerca fer veure a la ciutadania, d&#8217;una forma amable i creativa, les millores que ha suposat aquesta acci\u00f3 de mobilitat.<\/p>\n<p>Els vinils s&#8217;han col\u00b7locat hui i romandran a la Corredora durant dues setmanes.<\/p>\n<hr \/>\n<p>&nbsp;<\/p>\n<p>[\/vc_column_text][\/vc_column][\/vc_row][vc_row][vc_column width=&#8221;1\/6&#8243;][\/vc_column][vc_column width=&#8221;2\/3&#8243;]<audio class=\"sc_audio\" src=\"https:\/\/soundcloud.com\/ayuntamiento-de-elche\/movilidad-difunde-a-traves-de-una-campana-los-valores-ambientales-y-sociales-de-peatonalizar-la-corredora?utm_source=clipboard&#038;utm_medium=text&#038;utm_campaign=social_sharing\" width=\"\" height=\"\"><\/audio>[\/vc_column][vc_column width=&#8221;1\/6&#8243;][\/vc_column][\/vc_row]<\/p>\n<\/div>","protected":false},"excerpt":{"rendered":"<p>[vc_row el_id=&#8221;SUBTITULAR_NOTICIA&#8221;][vc_column][vc_column_text] L&#8217;edil de l&#8217;\u00e0rea, Esther D\u00edez, explica que la iniciativa cerca, mitjan\u00e7ant la instal\u00b7laci\u00f3 de diferents vinils a la Corredora, sensibilitzar la ciutadania, d&#8217;una forma amable i creativa, les [&hellip;]<\/p>\n","protected":false},"author":131,"featured_media":200024,"comment_status":"closed","ping_status":"closed","sticky":false,"template":"","format":"standard","meta":{"footnotes":""},"categories":[391,217,1312],"tags":[],"class_list":["post-200039","post","type-post","status-publish","format-standard","has-post-thumbnail","hentry","category-home-va","category-mobilitat","category-noticias-va"],"_links":{"self":[{"href":"https:\/\/www.elche.es\/va\/wp-json\/wp\/v2\/posts\/200039","targetHints":{"allow":["GET"]}}],"collection":[{"href":"https:\/\/www.elche.es\/va\/wp-json\/wp\/v2\/posts"}],"about":[{"href":"https:\/\/www.elche.es\/va\/wp-json\/wp\/v2\/types\/post"}],"author":[{"embeddable":true,"href":"https:\/\/www.elche.es\/va\/wp-json\/wp\/v2\/users\/131"}],"replies":[{"embeddable":true,"href":"https:\/\/www.elche.es\/va\/wp-json\/wp\/v2\/comments?post=200039"}],"version-history":[{"count":0,"href":"https:\/\/www.elche.es\/va\/wp-json\/wp\/v2\/posts\/200039\/revisions"}],"wp:featuredmedia":[{"embeddable":true,"href":"https:\/\/www.elche.es\/va\/wp-json\/wp\/v2\/media\/200024"}],"wp:attachment":[{"href":"https:\/\/www.elche.es\/va\/wp-json\/wp\/v2\/media?parent=200039"}],"wp:term":[{"taxonomy":"category","embeddable":true,"href":"https:\/\/www.elche.es\/va\/wp-json\/wp\/v2\/categories?post=200039"},{"taxonomy":"post_tag","embeddable":true,"href":"https:\/\/www.elche.es\/va\/wp-json\/wp\/v2\/tags?post=200039"}],"curies":[{"name":"wp","href":"https:\/\/api.w.org\/{rel}","templated":true}]}}