{"id":200104,"date":"2022-06-06T13:57:26","date_gmt":"2022-06-06T12:57:26","guid":{"rendered":"https:\/\/www.elche.es\/2022\/06\/la-regidoria-de-sanitat-subvenciona-una-iniciativa-solidaria-per-a-personalitzar-aparells-ortopedics-infantils-amb-personatges-de-ficcio\/"},"modified":"2022-06-06T13:57:26","modified_gmt":"2022-06-06T12:57:26","slug":"la-regidoria-de-sanitat-subvenciona-una-iniciativa-solidaria-per-a-personalitzar-aparells-ortopedics-infantils-amb-personatges-de-ficcio","status":"publish","type":"post","link":"https:\/\/www.elche.es\/va\/2022\/06\/la-regidoria-de-sanitat-subvenciona-una-iniciativa-solidaria-per-a-personalitzar-aparells-ortopedics-infantils-amb-personatges-de-ficcio\/","title":{"rendered":"La Regidoria de Sanitat subvenciona una iniciativa solid\u00e0ria per a personalitzar aparells ortop\u00e8dics infantils amb personatges de ficci\u00f3"},"content":{"rendered":"<div class=\"wpb-content-wrapper\"><p>[vc_row el_id=&#8221;SUBTITULAR_NOTICIA&#8221;][vc_column][vc_column_text]<\/p>\n<hr \/>\n<h4>El projecte, desenvolupat per mig centenar d&#8217;estudiants de Primer i Segon del cicle formatiu de carrosseria del col\u00b7legi Salesianos de Matola, pret\u00e9n millorar el benestar emocional de joves sense recursos, malalts o amb discapacitat i rebr\u00e0 3.000 euros per part de l&#8217;Ajuntament<\/h4>\n<hr \/>\n<p>[\/vc_column_text][\/vc_column][\/vc_row][vc_row el_id=&#8221;TEXTO_NOTICIA&#8221;][vc_column][vc_column_text]La <strong>Regidoria de Sanitat de l&#8217;Ajuntament d&#8217;Elx<\/strong>, en col\u00b7laboraci\u00f3 de la <strong>Conselleria de Sanitat i l&#8217;Hospital General<\/strong>, ha impulsat, a trav\u00e9s d&#8217;una subvenci\u00f3 de 3.000 euros, el <strong>projecte Smiling<\/strong>. Una iniciativa solid\u00e0ria, posada en marxa per mig centenar d&#8217;<strong>estudiants de Primer i Segon del cicle formatiu de carrosseria del col\u00b7legi Salesianos de Matola<\/strong>, que consisteix a personalitzar amb personatges de ficci\u00f3 tots aquells elements ortop\u00e8dics infantils i juvenils amb la intenci\u00f3 d&#8217;arrancar un somriure i millorar el benestar emocional de joves sense recursos, malalts o amb discapacitat. L&#8217;<strong>edil de l&#8217;\u00e0rea ha visitat, al costat del cap del departament de Manteniment de Vehicles, Pedro Sempere, i del professor del cicle de carrosseria, Jes\u00fas Brazales<\/strong>, les instal\u00b7lacions del centre educatiu on s&#8217;imparteixen les classes per a con\u00e9ixer de primera m\u00e0 el projecte.[\/vc_column_text][\/vc_column][\/vc_row][vc_row el_id=&#8221;DESTACADO_NOTICIA&#8221;][vc_column][vc_gallery type=&#8221;flexslider_slide&#8221; interval=&#8221;5&#8243; images=&#8221;200088,200086,200094,200092,200090,200084&#8243; img_size=&#8221;full&#8221; el_class=&#8221;galerianoticia&#8221;][\/vc_column][\/vc_row][vc_row][vc_column][vc_column_text]Segons ha assenyalat Galiana \u201c<strong>la iniciativa \u00e9s una estrat\u00e8gia d&#8217;innovaci\u00f3 educativa que pret\u00e9n personalitzar els aparells ortop\u00e8dics<\/strong> i busca que l&#8217;alumnat empatitze amb el problema i es forme no sols com a professional sin\u00f3 com a persona\u201d. L&#8217;edil ha agra\u00eft tant l&#8217;enginy dels creadors del projecte com la col\u00b7laboraci\u00f3 de l&#8217;Hospital General amb la cessi\u00f3 de crosses, cadires de rodes o corsets, entre altres productes.<\/p>\n<p>Per part seua, el professor de l&#8217;especialitat ha assenyalat que <strong>la t\u00e8cnica utilitzada \u00e9s la hidrografia<\/strong>, tamb\u00e9 coneguda com la impressi\u00f3 d&#8217;immersi\u00f3 per transfer\u00e8ncia d&#8217;aigua, que consisteix en l&#8217;aplicaci\u00f3 de dissenys impresos sobre objectes tridimensionals.<\/p>\n<p>&nbsp;[\/vc_column_text][\/vc_column][\/vc_row][vc_row][vc_column][vc_column_text el_class=&#8221;cuadronoticia&#8221;]<\/p>\n<h5>La regidora de l&#8217;\u00e0rea, Mariola Galiana, visita el taller on s&#8217;imparteixen les classes i agraeix la col\u00b7laboraci\u00f3 de l&#8217;Hospital General d&#8217;Elx per la cessi\u00f3 de crosses, cadires de rodes o corsets, entre altres productes<\/h5>\n<p>[\/vc_column_text][\/vc_column][\/vc_row][vc_row el_id=&#8221;TEXTO_FIN_NOTICIA&#8221;][vc_column][vc_column_text]Mentrestant, Sempere ha indicat que \u201c<strong>aquest projecte d&#8217;Aprenentatge i Servei (APS) \u00e9s una cosa realment motivadora per a l&#8217;alumnat<\/strong> perqu\u00e8 despr\u00e9s de fer els treballs al taller, acaben donant un servei a la societat i els ve molt b\u00e9 per a empatitzar i enriquir-se personalment, alhora que desenvolupen els m\u00f2duls del seu cicle\u201d.<\/p>\n<hr \/>\n<p>&nbsp;<\/p>\n<p>[\/vc_column_text][\/vc_column][\/vc_row]<\/p>\n<\/div>","protected":false},"excerpt":{"rendered":"<p>[vc_row el_id=&#8221;SUBTITULAR_NOTICIA&#8221;][vc_column][vc_column_text] El projecte, desenvolupat per mig centenar d&#8217;estudiants de Primer i Segon del cicle formatiu de carrosseria del col\u00b7legi Salesianos de Matola, pret\u00e9n millorar el benestar emocional de joves [&hellip;]<\/p>\n","protected":false},"author":131,"featured_media":200097,"comment_status":"closed","ping_status":"closed","sticky":false,"template":"","format":"standard","meta":{"footnotes":""},"categories":[391,1312,893],"tags":[],"class_list":["post-200104","post","type-post","status-publish","format-standard","has-post-thumbnail","hentry","category-home-va","category-noticias-va","category-sanidad-va"],"_links":{"self":[{"href":"https:\/\/www.elche.es\/va\/wp-json\/wp\/v2\/posts\/200104","targetHints":{"allow":["GET"]}}],"collection":[{"href":"https:\/\/www.elche.es\/va\/wp-json\/wp\/v2\/posts"}],"about":[{"href":"https:\/\/www.elche.es\/va\/wp-json\/wp\/v2\/types\/post"}],"author":[{"embeddable":true,"href":"https:\/\/www.elche.es\/va\/wp-json\/wp\/v2\/users\/131"}],"replies":[{"embeddable":true,"href":"https:\/\/www.elche.es\/va\/wp-json\/wp\/v2\/comments?post=200104"}],"version-history":[{"count":0,"href":"https:\/\/www.elche.es\/va\/wp-json\/wp\/v2\/posts\/200104\/revisions"}],"wp:featuredmedia":[{"embeddable":true,"href":"https:\/\/www.elche.es\/va\/wp-json\/wp\/v2\/media\/200097"}],"wp:attachment":[{"href":"https:\/\/www.elche.es\/va\/wp-json\/wp\/v2\/media?parent=200104"}],"wp:term":[{"taxonomy":"category","embeddable":true,"href":"https:\/\/www.elche.es\/va\/wp-json\/wp\/v2\/categories?post=200104"},{"taxonomy":"post_tag","embeddable":true,"href":"https:\/\/www.elche.es\/va\/wp-json\/wp\/v2\/tags?post=200104"}],"curies":[{"name":"wp","href":"https:\/\/api.w.org\/{rel}","templated":true}]}}