{"id":200517,"date":"2022-06-09T11:52:29","date_gmt":"2022-06-09T10:52:29","guid":{"rendered":"https:\/\/www.elche.es\/2022\/06\/la-policia-local-dete-dos-homes-per-un-presumpte-delicte-de-robatori-amb-forca-en-una-cafeteria\/"},"modified":"2022-06-09T11:52:29","modified_gmt":"2022-06-09T10:52:29","slug":"la-policia-local-dete-dos-homes-per-un-presumpte-delicte-de-robatori-amb-forca-en-una-cafeteria","status":"publish","type":"post","link":"https:\/\/www.elche.es\/va\/2022\/06\/la-policia-local-dete-dos-homes-per-un-presumpte-delicte-de-robatori-amb-forca-en-una-cafeteria\/","title":{"rendered":"La Policia Local det\u00e9 dos homes per un presumpte delicte de robatori amb for\u00e7a en una cafeteria"},"content":{"rendered":"<div class=\"wpb-content-wrapper\"><p>[vc_row el_id=&#8221;SUBTITULAR_NOTICIA&#8221;][vc_column][vc_column_text]<\/p>\n<hr \/>\n<h4>Un ve\u00ed, despr\u00e9s de sentir forts colps de matinada i de telefonar al 092, va observar dos sospitosos amb embalums que eixien del local situat al carrer Jos\u00e9 D\u00edez Mora<\/h4>\n<hr \/>\n<p>[\/vc_column_text][\/vc_column][\/vc_row][vc_row el_id=&#8221;TEXTO_NOTICIA&#8221;][vc_column][vc_column_text]La Policia Local d&#8217;Elx <strong>va detindre dos homes de 40 i 46 anys per un presumpte delicte de robatori amb for\u00e7a en una cafeteria al carrer Jos\u00e9 D\u00edez Mora<\/strong> en la matinada del dijous 26 de maig. Un ve\u00ed va telefonar al 092 quan va sentir forts colps fora, sense poder situar la seua proced\u00e8ncia.<\/p>\n<p>Aquesta persona va assenyalar als agents despla\u00e7ats a la zona que finalment havia escoltat un soroll com de tancament d&#8217;una persiana. A m\u00e9s, segons va relatar, <strong>va observar des de la seua finestra dues persones enfront de la porta d&#8217;un bar portant diversos embalums<\/strong>. La patrulla, que va examinar l\u2019esmentada persiana, es va adonar que es trobava tirada, per\u00f2 sense el tancament i que era possible l&#8217;acc\u00e9s a l&#8217;establiment. Una vegada dins, els policies locals van <strong>detectar diverses escurabutxaques for\u00e7ades al costat de la caixa registradora<\/strong> i diversos objectes tirats pel s\u00f2l.[\/vc_column_text][\/vc_column][\/vc_row][vc_row el_id=&#8221;DESTACADO_NOTICIA&#8221;][vc_column][vc_column_text el_class=&#8221;cuadronoticia&#8221;]<\/p>\n<h5>Els agents van localitzar els possibles autors als voltants de l&#8217;establiment i van trobar el material sostret entre els vehicles estacionats<\/h5>\n<p>[\/vc_column_text][\/vc_column][\/vc_row][vc_row el_id=&#8221;TEXTO_FIN_NOTICIA&#8221;][vc_column][vc_column_text]Durant la cerca dels autors pels voltants, una altra dotaci\u00f3 del cos de seguretat municipal va localitzar dos individus a diverses illes de dist\u00e0ncia, que van fer amena\u00e7a d&#8217;ocultar-se. Quan van ser preguntats per la seua proced\u00e8ncia, van llan\u00e7ar respostes incoherents i nervioses, al mateix temps que <strong>una altra patrulla trobava a escassos metres una motxilla amagada entre els vehicles estacionats amb botelles d&#8217;alcohol i altres elements<\/strong> i va descobrir a poca dist\u00e0ncia una altra caixa amb aliments i m\u00e9s botelles.<\/p>\n<p>Despr\u00e9s de contactar amb la propiet\u00e0ria de la cafeteria, els agents van poder comprovar la coincid\u00e8ncia dels articles sostrets amb els trobats, <strong>igual que una certa quantitat de moneda fraccion\u00e0ria; per la qual cosa, existien suficients evid\u00e8ncies per a vincular els implicats amb els fets<\/strong>. Per aix\u00f2, ambd\u00f3s homes van ser arrestats i condu\u00efts a depend\u00e8ncies policials.<\/p>\n<hr \/>\n<p>&nbsp;<\/p>\n<p>[\/vc_column_text][\/vc_column][\/vc_row][vc_row][vc_column width=&#8221;1\/6&#8243;][\/vc_column][vc_column width=&#8221;2\/3&#8243;]<audio class=\"sc_audio\" src=\"\" width=\"\" height=\"\"><\/audio>[\/vc_column][vc_column width=&#8221;1\/6&#8243;][\/vc_column][\/vc_row]<\/p>\n<\/div>","protected":false},"excerpt":{"rendered":"<p>[vc_row el_id=&#8221;SUBTITULAR_NOTICIA&#8221;][vc_column][vc_column_text] Un ve\u00ed, despr\u00e9s de sentir forts colps de matinada i de telefonar al 092, va observar dos sospitosos amb embalums que eixien del local situat al carrer Jos\u00e9 [&hellip;]<\/p>\n","protected":false},"author":145,"featured_media":186913,"comment_status":"closed","ping_status":"closed","sticky":false,"template":"","format":"standard","meta":{"footnotes":""},"categories":[2864,238],"tags":[],"class_list":["post-200517","post","type-post","status-publish","format-standard","has-post-thumbnail","hentry","category-breus","category-policia-local-va"],"_links":{"self":[{"href":"https:\/\/www.elche.es\/va\/wp-json\/wp\/v2\/posts\/200517","targetHints":{"allow":["GET"]}}],"collection":[{"href":"https:\/\/www.elche.es\/va\/wp-json\/wp\/v2\/posts"}],"about":[{"href":"https:\/\/www.elche.es\/va\/wp-json\/wp\/v2\/types\/post"}],"author":[{"embeddable":true,"href":"https:\/\/www.elche.es\/va\/wp-json\/wp\/v2\/users\/145"}],"replies":[{"embeddable":true,"href":"https:\/\/www.elche.es\/va\/wp-json\/wp\/v2\/comments?post=200517"}],"version-history":[{"count":0,"href":"https:\/\/www.elche.es\/va\/wp-json\/wp\/v2\/posts\/200517\/revisions"}],"wp:featuredmedia":[{"embeddable":true,"href":"https:\/\/www.elche.es\/va\/wp-json\/wp\/v2\/media\/186913"}],"wp:attachment":[{"href":"https:\/\/www.elche.es\/va\/wp-json\/wp\/v2\/media?parent=200517"}],"wp:term":[{"taxonomy":"category","embeddable":true,"href":"https:\/\/www.elche.es\/va\/wp-json\/wp\/v2\/categories?post=200517"},{"taxonomy":"post_tag","embeddable":true,"href":"https:\/\/www.elche.es\/va\/wp-json\/wp\/v2\/tags?post=200517"}],"curies":[{"name":"wp","href":"https:\/\/api.w.org\/{rel}","templated":true}]}}