{"id":200983,"date":"2022-06-13T12:24:54","date_gmt":"2022-06-13T11:24:54","guid":{"rendered":"https:\/\/www.elche.es\/2022\/06\/la-policia-local-dete-un-home-per-robar-material-i-maquinaria-duna-obra-proxima-al-pont-de-la-generalitat\/"},"modified":"2022-06-13T12:24:54","modified_gmt":"2022-06-13T11:24:54","slug":"la-policia-local-dete-un-home-per-robar-material-i-maquinaria-duna-obra-proxima-al-pont-de-la-generalitat","status":"publish","type":"post","link":"https:\/\/www.elche.es\/va\/2022\/06\/la-policia-local-dete-un-home-per-robar-material-i-maquinaria-duna-obra-proxima-al-pont-de-la-generalitat\/","title":{"rendered":"La Policia Local det\u00e9 un home per robar material i maquin\u00e0ria d&#8217;una obra pr\u00f2xima al pont de la Generalitat"},"content":{"rendered":"<div class=\"wpb-content-wrapper\"><p>[vc_row el_id=&#8221;SUBTITULAR_NOTICIA&#8221;][vc_column][vc_column_text]<\/p>\n<hr \/>\n<h4>Una patrulla va detectar de matinada, al carrer Adobers, una persona amb un carret\u00f3 amb ferralla i un cab\u00e0s amb dos allargadors enrotllables i un compressor<\/h4>\n<hr \/>\n<p>[\/vc_column_text][\/vc_column][\/vc_row][vc_row el_id=&#8221;TEXTO_FIN_NOTICIA&#8221;][vc_column][vc_column_text]La Policia Local d&#8217;Elx va detindre un home de 39 per <strong>robar, presumptament, material i maquin\u00e0ria d&#8217;una obra pr\u00f2xima al pont de la Generalitat<\/strong>. Els agents, durant la feina de vigil\u00e0ncia rutin\u00e0ria, van observar en la matinada del 31 de maig una persona al carrer Adobers que tractava d&#8217;ocultar-se al pas del cotxe patrulla.<\/p>\n<p>En adonar-se d&#8217;aix\u00f2, els policies es van acostar i van trobar El sospit\u00f3s al costat d&#8217;un carret\u00f3 amb ferralla i un cab\u00e0s amb dos allargadors enrotllables i un compressor. <strong>L&#8217;home va confessar que tot aix\u00f2 ho havia agafat d&#8217;una obra situada Als voltants de l\u2019esmentat pont de la Generalitat<\/strong>, la qual van localitzar els operatius de seguretat, acreditant que es trobava correctament tancada excepte en un lateral, la tanca del qual es trobava bolcada i l\u2019implicat va recon\u00e9ixer que era el punt per on havia accedit a l&#8217;interior.<\/p>\n<p>Per aix\u00f2, finalment l&#8217;home <strong>va ser detingut i traslladat a depend\u00e8ncies policials<\/strong>.<\/p>\n<hr \/>\n<p>[\/vc_column_text][\/vc_column][\/vc_row][vc_row][vc_column width=&#8221;1\/6&#8243;][\/vc_column][vc_column width=&#8221;2\/3&#8243;]<audio class=\"sc_audio\" src=\"\" width=\"\" height=\"\"><\/audio>[\/vc_column][vc_column width=&#8221;1\/6&#8243;][\/vc_column][\/vc_row]<\/p>\n<\/div>","protected":false},"excerpt":{"rendered":"<p>[vc_row el_id=&#8221;SUBTITULAR_NOTICIA&#8221;][vc_column][vc_column_text] Una patrulla va detectar de matinada, al carrer Adobers, una persona amb un carret\u00f3 amb ferralla i un cab\u00e0s amb dos allargadors enrotllables i un compressor [\/vc_column_text][\/vc_column][\/vc_row][vc_row el_id=&#8221;TEXTO_FIN_NOTICIA&#8221;][vc_column][vc_column_text]La [&hellip;]<\/p>\n","protected":false},"author":145,"featured_media":200958,"comment_status":"closed","ping_status":"closed","sticky":false,"template":"","format":"standard","meta":{"footnotes":""},"categories":[2864,238],"tags":[],"class_list":["post-200983","post","type-post","status-publish","format-standard","has-post-thumbnail","hentry","category-breus","category-policia-local-va"],"_links":{"self":[{"href":"https:\/\/www.elche.es\/va\/wp-json\/wp\/v2\/posts\/200983","targetHints":{"allow":["GET"]}}],"collection":[{"href":"https:\/\/www.elche.es\/va\/wp-json\/wp\/v2\/posts"}],"about":[{"href":"https:\/\/www.elche.es\/va\/wp-json\/wp\/v2\/types\/post"}],"author":[{"embeddable":true,"href":"https:\/\/www.elche.es\/va\/wp-json\/wp\/v2\/users\/145"}],"replies":[{"embeddable":true,"href":"https:\/\/www.elche.es\/va\/wp-json\/wp\/v2\/comments?post=200983"}],"version-history":[{"count":0,"href":"https:\/\/www.elche.es\/va\/wp-json\/wp\/v2\/posts\/200983\/revisions"}],"wp:featuredmedia":[{"embeddable":true,"href":"https:\/\/www.elche.es\/va\/wp-json\/wp\/v2\/media\/200958"}],"wp:attachment":[{"href":"https:\/\/www.elche.es\/va\/wp-json\/wp\/v2\/media?parent=200983"}],"wp:term":[{"taxonomy":"category","embeddable":true,"href":"https:\/\/www.elche.es\/va\/wp-json\/wp\/v2\/categories?post=200983"},{"taxonomy":"post_tag","embeddable":true,"href":"https:\/\/www.elche.es\/va\/wp-json\/wp\/v2\/tags?post=200983"}],"curies":[{"name":"wp","href":"https:\/\/api.w.org\/{rel}","templated":true}]}}