{"id":201282,"date":"2022-06-14T14:54:26","date_gmt":"2022-06-14T13:54:26","guid":{"rendered":"https:\/\/www.elche.es\/2022\/06\/lajuntament-planteja-la-possibilitat-que-xiquets-sahrauis-puguen-estudiar-un-curs-academic-a-la-ciutat\/"},"modified":"2022-06-14T14:54:27","modified_gmt":"2022-06-14T13:54:27","slug":"lajuntament-planteja-la-possibilitat-que-xiquets-sahrauis-puguen-estudiar-un-curs-academic-a-la-ciutat","status":"publish","type":"post","link":"https:\/\/www.elche.es\/va\/2022\/06\/lajuntament-planteja-la-possibilitat-que-xiquets-sahrauis-puguen-estudiar-un-curs-academic-a-la-ciutat\/","title":{"rendered":"L&#8217;Ajuntament planteja la possibilitat que xiquets sahrau\u00eds puguen estudiar un curs acad\u00e8mic a la ciutat"},"content":{"rendered":"<div class=\"wpb-content-wrapper\"><p>[vc_row el_id=&#8221;SUBTITULAR_NOTICIA&#8221;][vc_column][vc_column_text]<\/p>\n<hr \/>\n<h4>L&#8217;alcalde, Carlos Gonz\u00e1lez, i l&#8217;edil de Cooperaci\u00f3 al Desenvolupament, Mariola Galiana, reben a l&#8217;edifici consistorial la presidenta de l&#8217;Associaci\u00f3 d&#8217;Ajuda al Poble Sahrau\u00ed, \u00c1ngela Carrillo, i l&#8217;activista Sultana<\/h4>\n<hr \/>\n<p>[\/vc_column_text][\/vc_column][\/vc_row][vc_row el_id=&#8221;TEXTO_NOTICIA&#8221;][vc_column][vc_column_text]L&#8217;Ajuntament d&#8217;Elx mant\u00e9 el seu comprom\u00eds amb el S\u00e0hara Occidental. A m\u00e9s de reprendre despr\u00e9s de la pand\u00e8mia les reunions de treball amb l&#8217;Associaci\u00f3 d&#8217;Ajuda al Poble Sahrau\u00ed i el programa Vacances en Pau, <strong>el municipi refor\u00e7a el seu suport amb l\u2019increment del conveni que mant\u00e9 amb aquesta fins als 18.000 euros en 2022 i es planteja per al pr\u00f2xim curs brindar la possibilitat a xiquets sahrau\u00eds d&#8217;estudiar un curs acad\u00e8mic<\/strong> al municipi. \u201cUn \u2018Erasmus\u2019 del poble sahrau\u00ed a Elx\u201d, definit l&#8217;alcalde, Carlos Gonz\u00e1lez, la iniciativa la denominaci\u00f3 oficial de la qual \u00e9s Madrasa, escola en \u00e0rab.[\/vc_column_text][\/vc_column][\/vc_row][vc_row el_id=&#8221;DESTACADO_NOTICIA&#8221;][vc_column][vc_column_text el_class=&#8221;cuadronoticia&#8221;]<\/p>\n<h5>L&#8217;Equip de Govern incrementa el conveni que mant\u00e9 amb l&#8217;entitat fins als 18.000 euros en 2022 i repr\u00e9n el veter\u00e0 programa Vacances en Pau, gr\u00e0cies al qual una desena de menors tornaran a passar el per\u00edode estival al municipi<\/h5>\n<p>[\/vc_column_text][\/vc_column][\/vc_row][vc_row el_id=&#8221;TEXTO_FIN_NOTICIA&#8221;][vc_column][vc_column_text]Gonz\u00e1lez, acompanyat per l&#8217;edil de Cooperaci\u00f3 al Desenvolupament, Mariola Galiana, ha efectuat aquest anunci en el marc de la trobada que ambd\u00f3s han mantingut a l&#8217;edifici consistorial <strong>amb la presidenta de l&#8217;Associaci\u00f3 d&#8217;Ajuda al Poble Sahrau\u00ed, \u00c1ngela Carrillo, i l&#8217;activista Sultana, \u201cm\u00e0xim referent de la lluita del poble sahrau\u00ed a les zones ocupades\u201d<\/strong>, ha recalcat Carrillo.<\/p>\n<p>El regidor il\u00b7licit\u00e0 ha recordat que l&#8217;Ajuntament d&#8217;Elx mant\u00e9 una llarga traject\u00f2ria de \u201ccol\u00b7laboraci\u00f3 i de cooperaci\u00f3\u201d amb l&#8217;Associaci\u00f3 presidida per Carrillo que \u201chem de mantindre en el futur i refor\u00e7ar-la\u201d ja que \u00e9s \u201c\u00fatil i fruct\u00edfera per al poble sahrau\u00ed\u201d. D&#8217;antuvi, <strong>una vegada reiniciat el programa Vacances en Pau en aquest 2022, una desena de xiquets i xiquetes sahrau\u00eds podran passar les seues vacances estivals a Elx<\/strong>, \u201ccom ha sigut tradicional durant tant de temps\u201d, ha dit l&#8217;alcalde, \u201cper a mantindre el marc de cooperaci\u00f3 intensa i l&#8217;objectiu de la qual \u00e9s afavorir el benestar i la qualitat de vida del poble sahrau\u00ed; un objectiu compartit per aquest Equip de Govern\u201d.<\/p>\n<hr \/>\n<p>[\/vc_column_text][\/vc_column][\/vc_row][vc_row][vc_column width=&#8221;1\/6&#8243;][\/vc_column][vc_column width=&#8221;2\/3&#8243;]<audio class=\"sc_audio\" src=\"\" width=\"\" height=\"\"><\/audio>[\/vc_column][vc_column width=&#8221;1\/6&#8243;][\/vc_column][\/vc_row]<\/p>\n<\/div>","protected":false},"excerpt":{"rendered":"<p>[vc_row el_id=&#8221;SUBTITULAR_NOTICIA&#8221;][vc_column][vc_column_text] L&#8217;alcalde, Carlos Gonz\u00e1lez, i l&#8217;edil de Cooperaci\u00f3 al Desenvolupament, Mariola Galiana, reben a l&#8217;edifici consistorial la presidenta de l&#8217;Associaci\u00f3 d&#8217;Ajuda al Poble Sahrau\u00ed, \u00c1ngela Carrillo, i l&#8217;activista Sultana [&hellip;]<\/p>\n","protected":false},"author":131,"featured_media":201280,"comment_status":"closed","ping_status":"closed","sticky":false,"template":"","format":"standard","meta":{"footnotes":""},"categories":[524,391,1312],"tags":[],"class_list":["post-201282","post","type-post","status-publish","format-standard","has-post-thumbnail","hentry","category-cooperacio","category-home-va","category-noticias-va"],"_links":{"self":[{"href":"https:\/\/www.elche.es\/va\/wp-json\/wp\/v2\/posts\/201282","targetHints":{"allow":["GET"]}}],"collection":[{"href":"https:\/\/www.elche.es\/va\/wp-json\/wp\/v2\/posts"}],"about":[{"href":"https:\/\/www.elche.es\/va\/wp-json\/wp\/v2\/types\/post"}],"author":[{"embeddable":true,"href":"https:\/\/www.elche.es\/va\/wp-json\/wp\/v2\/users\/131"}],"replies":[{"embeddable":true,"href":"https:\/\/www.elche.es\/va\/wp-json\/wp\/v2\/comments?post=201282"}],"version-history":[{"count":0,"href":"https:\/\/www.elche.es\/va\/wp-json\/wp\/v2\/posts\/201282\/revisions"}],"wp:featuredmedia":[{"embeddable":true,"href":"https:\/\/www.elche.es\/va\/wp-json\/wp\/v2\/media\/201280"}],"wp:attachment":[{"href":"https:\/\/www.elche.es\/va\/wp-json\/wp\/v2\/media?parent=201282"}],"wp:term":[{"taxonomy":"category","embeddable":true,"href":"https:\/\/www.elche.es\/va\/wp-json\/wp\/v2\/categories?post=201282"},{"taxonomy":"post_tag","embeddable":true,"href":"https:\/\/www.elche.es\/va\/wp-json\/wp\/v2\/tags?post=201282"}],"curies":[{"name":"wp","href":"https:\/\/api.w.org\/{rel}","templated":true}]}}