{"id":201408,"date":"2022-06-15T14:05:22","date_gmt":"2022-06-15T13:05:22","guid":{"rendered":"https:\/\/www.elche.es\/2022\/06\/detingudes-quatre-persones-mentre-preparaven-un-cultiu-de-marihuana-en-una-nau-abandonada\/"},"modified":"2022-06-15T14:05:23","modified_gmt":"2022-06-15T13:05:23","slug":"detingudes-quatre-persones-mentre-preparaven-un-cultiu-de-marihuana-en-una-nau-abandonada","status":"publish","type":"post","link":"https:\/\/www.elche.es\/va\/2022\/06\/detingudes-quatre-persones-mentre-preparaven-un-cultiu-de-marihuana-en-una-nau-abandonada\/","title":{"rendered":"Detingudes quatre persones mentre preparaven un cultiu de marihuana en una nau abandonada"},"content":{"rendered":"<div class=\"wpb-content-wrapper\"><p>[vc_row el_id=&#8221;SUBTITULAR_NOTICIA&#8221;][vc_column][vc_column_text]<\/p>\n<hr \/>\n<h4>Els agents van sorprendre els sospitosos muntant una estructura met\u00e0l\u00b7lica a l&#8217;interior de les instal\u00b7lacions, situades a la Penya de les \u00c0guiles, despr\u00e9s de rebre l&#8217;alerta d&#8217;Aig\u00fces d\u2019Elx, que va descobrir enganxaments il\u00b7legals als subministraments d&#8217;aigua i llum<\/h4>\n<hr \/>\n<p>[\/vc_column_text][\/vc_column][\/vc_row][vc_row el_id=&#8221;TEXTO_FIN_NOTICIA&#8221;][vc_column][vc_column_text]La Policia Local d&#8217;Elx va detindre quatre persones mentre preparaven un <strong>cultiu de marihuana a la Penya de les \u00c0guiles<\/strong>. El divendres 3 de juny a la vesprada, una patrulla va ser enviada a la zona per la Sala d&#8217;Operacions (092), que havia rebut una telefonada de l&#8217;empresa mixta Aig\u00fces d\u2019Elx que alertava d&#8217;enganxaments il\u00b7legals al subministrament d&#8217;aigua i d&#8217;electricitat en una nau abandonada.<\/p>\n<p>La situaci\u00f3, detectada durant una revisi\u00f3 rutin\u00e0ria, va ser comunicada per a procedir de la manera habitual davant aquests casos i els agents van confirmar amb els ve\u00efns les entrades i eixides de l&#8217;immoble i la possible manipulaci\u00f3 dels comptadors per part d&#8217;un grup de desconeguts.<\/p>\n<p>En realitzar la inspecci\u00f3 perimetral, es va trobar la tanca oberta i van escoltar un soroll met\u00e0l\u00b7lic procedent de l&#8217;interior de les instal\u00b7lacions, on van <strong>localitzar finalment quatre persones realitzant el muntatge d&#8217;una estructura al seu interior.<\/strong><\/p>\n<p>D&#8217;aquesta manera es va detectar la <strong>preparaci\u00f3 de l&#8217;espai amb una desena de ventiladors, m\u00e9s d&#8217;una trentena de transformadors el\u00e8ctrics, reg per degoteig, una vintena de focus i la instal\u00b7laci\u00f3 completa d&#8217;un sistema de ventilaci\u00f3 industrial.<\/strong> Tot aix\u00f2 coincidia de manera evident amb la infraestructura habitual de les plantacions de marihuana, que completava els necessaris dep\u00f2sits d&#8217;aigua, tests, substrat i altres elements necessaris per al creixement de les plantes.<\/p>\n<p>A la vista dels fets, els quatre individus, de 33, 31, 21 i 19 anys, van ser <strong>detinguts per un presumpte delicte contra la salut p\u00fablica i traslladats a depend\u00e8ncies policials<\/strong>.<\/p>\n<hr \/>\n<p>[\/vc_column_text][\/vc_column][\/vc_row]<\/p>\n<\/div>","protected":false},"excerpt":{"rendered":"<p>[vc_row el_id=&#8221;SUBTITULAR_NOTICIA&#8221;][vc_column][vc_column_text] Els agents van sorprendre els sospitosos muntant una estructura met\u00e0l\u00b7lica a l&#8217;interior de les instal\u00b7lacions, situades a la Penya de les \u00c0guiles, despr\u00e9s de rebre l&#8217;alerta d&#8217;Aig\u00fces d\u2019Elx, [&hellip;]<\/p>\n","protected":false},"author":131,"featured_media":112915,"comment_status":"closed","ping_status":"closed","sticky":false,"template":"","format":"standard","meta":{"footnotes":""},"categories":[2864,238],"tags":[],"class_list":["post-201408","post","type-post","status-publish","format-standard","has-post-thumbnail","hentry","category-breus","category-policia-local-va"],"_links":{"self":[{"href":"https:\/\/www.elche.es\/va\/wp-json\/wp\/v2\/posts\/201408","targetHints":{"allow":["GET"]}}],"collection":[{"href":"https:\/\/www.elche.es\/va\/wp-json\/wp\/v2\/posts"}],"about":[{"href":"https:\/\/www.elche.es\/va\/wp-json\/wp\/v2\/types\/post"}],"author":[{"embeddable":true,"href":"https:\/\/www.elche.es\/va\/wp-json\/wp\/v2\/users\/131"}],"replies":[{"embeddable":true,"href":"https:\/\/www.elche.es\/va\/wp-json\/wp\/v2\/comments?post=201408"}],"version-history":[{"count":0,"href":"https:\/\/www.elche.es\/va\/wp-json\/wp\/v2\/posts\/201408\/revisions"}],"wp:featuredmedia":[{"embeddable":true,"href":"https:\/\/www.elche.es\/va\/wp-json\/wp\/v2\/media\/112915"}],"wp:attachment":[{"href":"https:\/\/www.elche.es\/va\/wp-json\/wp\/v2\/media?parent=201408"}],"wp:term":[{"taxonomy":"category","embeddable":true,"href":"https:\/\/www.elche.es\/va\/wp-json\/wp\/v2\/categories?post=201408"},{"taxonomy":"post_tag","embeddable":true,"href":"https:\/\/www.elche.es\/va\/wp-json\/wp\/v2\/tags?post=201408"}],"curies":[{"name":"wp","href":"https:\/\/api.w.org\/{rel}","templated":true}]}}