{"id":201592,"date":"2022-06-16T15:17:38","date_gmt":"2022-06-16T14:17:38","guid":{"rendered":"https:\/\/www.elche.es\/2022\/06\/la-regidoria-de-medi-ambient-presenta-juntament-amb-ecologistes-en-accio-una-campanya-per-a-la-deteccio-de-possibles-nidificacions-de-tortugues-babaues\/"},"modified":"2022-06-16T15:17:38","modified_gmt":"2022-06-16T14:17:38","slug":"la-regidoria-de-medi-ambient-presenta-juntament-amb-ecologistes-en-accio-una-campanya-per-a-la-deteccio-de-possibles-nidificacions-de-tortugues-babaues","status":"publish","type":"post","link":"https:\/\/www.elche.es\/va\/2022\/06\/la-regidoria-de-medi-ambient-presenta-juntament-amb-ecologistes-en-accio-una-campanya-per-a-la-deteccio-de-possibles-nidificacions-de-tortugues-babaues\/","title":{"rendered":"La Regidoria de Medi Ambient presenta juntament amb Ecologistes en Acci\u00f3 una campanya per a la detecci\u00f3 de possibles nidificacions de tortugues babaues"},"content":{"rendered":"<div class=\"wpb-content-wrapper\"><p>[vc_row el_id=&#8221;SUBTITULAR_NOTICIA&#8221;][vc_column][vc_column_text]<\/p>\n<hr \/>\n<h4>Esther D\u00edez: \u201cLa campanya \u2018Rastres en l&#8217;Arena\u2019\u201d busca sensibilitzar la ciutadania i que aprenguen a detectar els rastres de tortuga babaua\u201d<\/h4>\n<hr \/>\n<p>[\/vc_column_text][\/vc_column][\/vc_row][vc_row el_id=&#8221;TEXTO_NOTICIA&#8221;][vc_column][vc_column_text]En el Dia Mundial de les Tortugues Marines, la regidoria de Medi Ambient i l&#8217;organitzaci\u00f3 Margall\u00f3 Ecologistes en Acci\u00f3 han presentat, per segon any consecutiu, una<strong> campanya per a detectar possibles nidificacions de tortugues babaues a les platges il\u00b7licitanes<\/strong>.<\/p>\n<p>La presentaci\u00f3 s&#8217;ha realitzat a la platja de la Marina i durant aquesta s&#8217;ha realitzat un <strong>simulacre del dispositiu de protecci\u00f3 d&#8217;un niu de tortuga<\/strong> i s&#8217;ha explicat el protocol que s&#8217;ha de seguir si es troba un d&#8217;aquests animals o les seues petjades.<\/p>\n<p>La campanya, que s&#8217;emmarca dins del projecte <strong>Life MedTurtles , consisteix en la instal\u00b7laci\u00f3 de diversos cartells a les platges d&#8217;Elx<\/strong> en els quals s&#8217;explica de manera clara a la ciutadania qu\u00e8 fer en cas de trobar una nidificaci\u00f3, una tortuga o petjades.[\/vc_column_text][\/vc_column][\/vc_row][vc_row source=&#8221;media_library&#8221; image=&#8221;&#8221; img_size=&#8221;full&#8221; external_img_size=&#8221;&#8221; add_caption=&#8221;&#8221; alignment=&#8221;left&#8221; style=&#8221;&#8221; external_style=&#8221;&#8221; border_color=&#8221;grey&#8221; external_border_color=&#8221;grey&#8221; onclick=&#8221;link_image&#8221; img_link_target=&#8221;_self&#8221; el_class=&#8221;fotounicanoticia&#8221; title=&#8221;&#8221; custom_src=&#8221;&#8221; caption=&#8221;&#8221; link=&#8221;&#8221; img_link_large=&#8221;&#8221;][vc_column][vc_single_image image=&#8221;201583&#8243; img_size=&#8221;full&#8221; onclick=&#8221;link_image&#8221; el_class=&#8221;fotounicanoticia&#8221;][\/vc_column][\/vc_row][vc_row][vc_column][vc_column_text]La regidora de Medi Ambient, ha explicat que \u201dl&#8217;objectiu de la campanya \u00e9s sensibilitzar la ciutadania i que <strong>aprenguen a detectar els rastres de tortuga babaua que, en els \u00faltims anys, ha comen\u00e7at a posar els seus ous a les platges mediterr\u00e0nies<\/strong>. Cal tindre en compte que estem parlant d&#8217;una esp\u00e8cie que est\u00e0 especialment amena\u00e7ada per les arts de pesca, els impactes amb embarcacions o els pl\u00e0stics.\u201d<\/p>\n<p>A m\u00e9s, l&#8217;edil ha animat els ciutadans i les ciutadanes a \u201cllegir els panells informatius que hem col\u00b7locat a les diferents platges del municipi d&#8217;Elx amb <strong>l&#8217;objectiu que puguen formar-se en aquesta identificaci\u00f3 i contribu\u00efsquen de manera decisiva a protegir les tortugues babaues<\/strong>.\u201d[\/vc_column_text][\/vc_column][\/vc_row][vc_row el_id=&#8221;DESTACADO_NOTICIA&#8221;][vc_column][vc_column_text el_class=&#8221;cuadronoticia&#8221;]<\/p>\n<h5>Durant la presentaci\u00f3 s&#8217;ha fet un simulacre del dispositiu de protecci\u00f3 d&#8217;un niu de tortuga i s&#8217;ha explicat el protocol a seguir<\/h5>\n<p>[\/vc_column_text][\/vc_column][\/vc_row][vc_row el_id=&#8221;TEXTO_FIN_NOTICIA&#8221;][vc_column][vc_column_text]Per part seua, el professor de la Universitat de Val\u00e8ncia Jes\u00fas Tom\u00e1s, ha concretat que, si alg\u00fa troba una tortuga a la platja \u201cno cal molestar-la, no cal il\u00b7luminar ni fer-li fotos. <strong>Cal telefonar al 112 perqu\u00e8 s&#8217;encarregue de protegir la tortuga i el niu<\/strong>\u201d.<\/p>\n<p>Manuela Campello, d&#8217;Ecologistes en Acci\u00f3, ha indicat que si alg\u00fa vol col\u00b7laborar amb aquesta iniciativa de manera volunt\u00e0ria ajudant a buscar rastres de tortugues, <strong>poden escriure a rastrosenlaarena@ecologistasenaccion.org.<\/strong><\/p>\n<h5>La tortuga babaua, una esp\u00e8cie amena\u00e7ada<\/h5>\n<p>Des de l&#8217;any 2001, quan es va constatar per primera vegada la nidificaci\u00f3 de la tortuga babaua a l&#8217;Estat espanyol, <strong>cada any han sigut m\u00e9s els nius trobats i les temptatives d&#8217;implantaci\u00f3 que s&#8217;ha tingut coneixement<\/strong>, passant de considerar-se com a fet anecd\u00f2tic a tend\u00e8ncia en clar augment. En 2021 es van arribar a detectar set nius de tortuga babaua (Caretta caretta) a la costa mediterr\u00e0nia espanyola.<\/p>\n<p>La tortuga babaua, igual que moltes altres esp\u00e8cies, es troba en greu perill. A les seues altes taxes de mortalitat pels efectes de les arts de pesca, els impactes amb embarcacions o la ingesta de pl\u00e0stics, se li uneix ara l&#8217;amena\u00e7a del canvi clim\u00e0tic.<strong> L&#8217;augment de la temperatura a les platges tradicionals de nidificaci\u00f3 situades a l&#8217;est del Mediterrani est\u00e0 obligant aquesta esp\u00e8cie a colonitzar altres zones, com la costa oest mediterr\u00e0nia<\/strong>.<\/p>\n<p>Detectar els possibles nius, molts d&#8217;ells en llocs poc habituals, prop de la riba, molt en superf\u00edcie o en llocs molt transitats o netejats di\u00e0riament per maquin\u00e0ria pesant, <strong>resulta fonamental per a garantir l&#8217;\u00e8xit reproductor de les tortugues<\/strong>. Una vegada localitzats els nius, els t\u00e8cnics poden decidir la idone\u00eftat de la ubicaci\u00f3 i optar per moure els ous o deixar-los al mateix lloc, amb un dispositiu especial de seguiment i vigil\u00e0ncia si fora necessari.<\/p>\n<hr \/>\n<p>&nbsp;<\/p>\n<p>[\/vc_column_text][\/vc_column][\/vc_row][vc_row][vc_column width=&#8221;1\/6&#8243;][\/vc_column][vc_column width=&#8221;2\/3&#8243;]<audio class=\"sc_audio\" src=\"https:\/\/soundcloud.com\/ayuntamiento-de-elche\/simulacro-de-desove-de-tortuga-boba?utm_source=clipboard&#038;utm_medium=text&#038;utm_campaign=social_sharing\" width=\"\" height=\"\"><\/audio>[\/vc_column][vc_column width=&#8221;1\/6&#8243;][\/vc_column][\/vc_row]<\/p>\n<\/div>","protected":false},"excerpt":{"rendered":"<p>[vc_row el_id=&#8221;SUBTITULAR_NOTICIA&#8221;][vc_column][vc_column_text] Esther D\u00edez: \u201cLa campanya \u2018Rastres en l&#8217;Arena\u2019\u201d busca sensibilitzar la ciutadania i que aprenguen a detectar els rastres de tortuga babaua\u201d [\/vc_column_text][\/vc_column][\/vc_row][vc_row el_id=&#8221;TEXTO_NOTICIA&#8221;][vc_column][vc_column_text]En el Dia Mundial de les [&hellip;]<\/p>\n","protected":false},"author":131,"featured_media":201586,"comment_status":"closed","ping_status":"closed","sticky":false,"template":"","format":"standard","meta":{"footnotes":""},"categories":[391,211,1312],"tags":[],"class_list":["post-201592","post","type-post","status-publish","format-standard","has-post-thumbnail","hentry","category-home-va","category-medi-ambient-va","category-noticias-va"],"_links":{"self":[{"href":"https:\/\/www.elche.es\/va\/wp-json\/wp\/v2\/posts\/201592","targetHints":{"allow":["GET"]}}],"collection":[{"href":"https:\/\/www.elche.es\/va\/wp-json\/wp\/v2\/posts"}],"about":[{"href":"https:\/\/www.elche.es\/va\/wp-json\/wp\/v2\/types\/post"}],"author":[{"embeddable":true,"href":"https:\/\/www.elche.es\/va\/wp-json\/wp\/v2\/users\/131"}],"replies":[{"embeddable":true,"href":"https:\/\/www.elche.es\/va\/wp-json\/wp\/v2\/comments?post=201592"}],"version-history":[{"count":0,"href":"https:\/\/www.elche.es\/va\/wp-json\/wp\/v2\/posts\/201592\/revisions"}],"wp:featuredmedia":[{"embeddable":true,"href":"https:\/\/www.elche.es\/va\/wp-json\/wp\/v2\/media\/201586"}],"wp:attachment":[{"href":"https:\/\/www.elche.es\/va\/wp-json\/wp\/v2\/media?parent=201592"}],"wp:term":[{"taxonomy":"category","embeddable":true,"href":"https:\/\/www.elche.es\/va\/wp-json\/wp\/v2\/categories?post=201592"},{"taxonomy":"post_tag","embeddable":true,"href":"https:\/\/www.elche.es\/va\/wp-json\/wp\/v2\/tags?post=201592"}],"curies":[{"name":"wp","href":"https:\/\/api.w.org\/{rel}","templated":true}]}}