{"id":201717,"date":"2022-06-17T12:26:16","date_gmt":"2022-06-17T11:26:16","guid":{"rendered":"https:\/\/www.elche.es\/2022\/06\/la-policia-local-dete-un-home-per-un-presumpte-robatori-a-linterior-dun-habitatge-a-torrellano\/"},"modified":"2022-06-17T13:19:08","modified_gmt":"2022-06-17T12:19:08","slug":"la-policia-local-dete-un-home-per-un-presumpte-robatori-a-linterior-dun-habitatge-a-torrellano","status":"publish","type":"post","link":"https:\/\/www.elche.es\/va\/2022\/06\/la-policia-local-dete-un-home-per-un-presumpte-robatori-a-linterior-dun-habitatge-a-torrellano\/","title":{"rendered":"La Policia Local det\u00e9 un home per un presumpte robatori a l&#8217;interior d&#8217;un habitatge a Torrellano"},"content":{"rendered":"<div class=\"wpb-content-wrapper\"><p>[vc_row el_id=&#8221;SUBTITULAR_NOTICIA&#8221;][vc_column][vc_column_text]<\/p>\n<hr \/>\n<h4>La propiet\u00e0ria de la casa va sorprendre dues persones al pati, una de les quals va ser arrestada en la fugida pels agents municipals quan patrullaven a peu prop de la pla\u00e7a Mestre Cutillas<\/h4>\n<hr \/>\n<p>[\/vc_column_text][\/vc_column][\/vc_row][vc_row el_id=&#8221;TEXTO_FIN_NOTICIA&#8221;][vc_column][vc_column_text]Una patrulla de la Policia Local d&#8217;Elx que es trobava realitzant a peu tasques de vigil\u00e0ncia rutin\u00e0ries a Torrellano el dissabte 4 de juny va escoltar, sobre les 17.20 hores, crits a l&#8217;entorn de la pla\u00e7a Mestre Cutillas. Els agents, en acudir en direcci\u00f3 d&#8217;aquests, <strong>es van topar amb un home de 19 anys perseguit per una ve\u00efna que alertava d&#8217;un robatori.<\/strong><\/p>\n<p>Els policies van retindre l&#8217;implicat i van ser informats per la dona que, mentre es trobava al sal\u00f3 de la seua llar, va escoltar forts colps des del fons de l&#8217;habitatge, per la qual cosa va acudir a comprovar qu\u00e8 succe\u00efa. <strong>En eixe instant, va observar dos desconeguts: un pujant per les escales que condueixen a la terrassa i un altre que accedia pel pati de la seua casa, situada en una planta baixa<\/strong>. En ser descobert aquest \u00faltim, va c\u00f3rrer cap a la porta del carrer i va emprendre la fugida.<\/p>\n<p>La v\u00edctima va explicar als agents que va trobar el seu dormitori regirat i que va trobar a faltar uns 450 euros. <strong>Els dos homes, presumptament, havien escalat per la fa\u00e7ana de l&#8217;habitatge o confrontants i van accedir al celobert i no van poder localitzar el segon implicat<\/strong>, que va escapar per la terrassa.<\/p>\n<p>En l&#8217;escorcoll de la persona arrestada es van trobar 50 euros amagats al seu calcet\u00ed. En procedir a la seua identificaci\u00f3, aquest els va portar fins al seu vehicle, aparcat a la rodalia, en el qual els efectius policials <strong>van observar que aquest turisme tenia el pont fet i no figurava al seu nom<\/strong>, encara que tampoc apareixia com denunciat per robatori.<\/p>\n<p>L&#8217;home va ser detingut i traslladat a depend\u00e8ncies policials. <strong>D&#8217;altra banda, el cotxe va ser immobilitzat al Dep\u00f2sit Municipal de Vehicles<\/strong>.<\/p>\n<hr \/>\n<p>[\/vc_column_text][\/vc_column][\/vc_row][vc_row][vc_column width=&#8221;1\/6&#8243;][\/vc_column][vc_column width=&#8221;2\/3&#8243;]<audio class=\"sc_audio\" src=\"\" width=\"\" height=\"\"><\/audio>[\/vc_column][vc_column width=&#8221;1\/6&#8243;][\/vc_column][\/vc_row]<\/p>\n<\/div>","protected":false},"excerpt":{"rendered":"<p>[vc_row el_id=&#8221;SUBTITULAR_NOTICIA&#8221;][vc_column][vc_column_text] La propiet\u00e0ria de la casa va sorprendre dues persones al pati, una de les quals va ser arrestada en la fugida pels agents municipals quan patrullaven a peu [&hellip;]<\/p>\n","protected":false},"author":131,"featured_media":175802,"comment_status":"closed","ping_status":"closed","sticky":false,"template":"","format":"standard","meta":{"footnotes":""},"categories":[2864,238],"tags":[],"class_list":["post-201717","post","type-post","status-publish","format-standard","has-post-thumbnail","hentry","category-breus","category-policia-local-va"],"_links":{"self":[{"href":"https:\/\/www.elche.es\/va\/wp-json\/wp\/v2\/posts\/201717","targetHints":{"allow":["GET"]}}],"collection":[{"href":"https:\/\/www.elche.es\/va\/wp-json\/wp\/v2\/posts"}],"about":[{"href":"https:\/\/www.elche.es\/va\/wp-json\/wp\/v2\/types\/post"}],"author":[{"embeddable":true,"href":"https:\/\/www.elche.es\/va\/wp-json\/wp\/v2\/users\/131"}],"replies":[{"embeddable":true,"href":"https:\/\/www.elche.es\/va\/wp-json\/wp\/v2\/comments?post=201717"}],"version-history":[{"count":0,"href":"https:\/\/www.elche.es\/va\/wp-json\/wp\/v2\/posts\/201717\/revisions"}],"wp:featuredmedia":[{"embeddable":true,"href":"https:\/\/www.elche.es\/va\/wp-json\/wp\/v2\/media\/175802"}],"wp:attachment":[{"href":"https:\/\/www.elche.es\/va\/wp-json\/wp\/v2\/media?parent=201717"}],"wp:term":[{"taxonomy":"category","embeddable":true,"href":"https:\/\/www.elche.es\/va\/wp-json\/wp\/v2\/categories?post=201717"},{"taxonomy":"post_tag","embeddable":true,"href":"https:\/\/www.elche.es\/va\/wp-json\/wp\/v2\/tags?post=201717"}],"curies":[{"name":"wp","href":"https:\/\/api.w.org\/{rel}","templated":true}]}}