{"id":201747,"date":"2022-06-17T14:39:25","date_gmt":"2022-06-17T13:39:25","guid":{"rendered":"https:\/\/www.elche.es\/2022\/06\/lartista-fran-lopez-bru-evoca-la-coronacio-en-el-cartell-anunciador-del-misteri-delx-de-2022\/"},"modified":"2022-06-17T14:39:26","modified_gmt":"2022-06-17T13:39:26","slug":"lartista-fran-lopez-bru-evoca-la-coronacio-en-el-cartell-anunciador-del-misteri-delx-de-2022","status":"publish","type":"post","link":"https:\/\/www.elche.es\/va\/2022\/06\/lartista-fran-lopez-bru-evoca-la-coronacio-en-el-cartell-anunciador-del-misteri-delx-de-2022\/","title":{"rendered":"L&#8217;artista Fran L\u00f3pez Bru evoca la Coronaci\u00f3 en el cartell anunciador del Misteri d\u2019Elx de 2022"},"content":{"rendered":"<div class=\"wpb-content-wrapper\"><p>[vc_row el_id=&#8221;SUBTITULAR_NOTICIA&#8221;][vc_column][vc_column_text]<\/p>\n<hr \/>\n<h4>L&#8217;alcalde d&#8217;Elx, acompanyat per l&#8217;edil de Cultura, Marga Ant\u00f3n, i per membres de l&#8217;Equip de Govern i de la Corporaci\u00f3 Municipal, agraeix l&#8217;autora el seu treball i el defineix com a \u201celegant, sobri, senzill, per\u00f2, sobretot, bell\u201d<\/h4>\n<hr \/>\n<p>[\/vc_column_text][\/vc_column][\/vc_row][vc_row el_id=&#8221;TEXTO_NOTICIA&#8221;][vc_column][vc_column_text]L&#8217;artista Fran L\u00f3pez Bru evoca la Coronaci\u00f3 en el cartell anunciador del Misteri d\u2019Elx per a aquest 2022. L&#8217;obra de la il\u00b7licitana s&#8217;ha donat a con\u00e9ixer al migdia a la Casa de la Festa, en un acte en el qual han participat, a m\u00e9s de la mateixa pintora, l&#8217;alcalde, Carlos Gonz\u00e1lez; l&#8217;edil de Cultura, Marga Ant\u00f3n; el vocal de la Junta Rectora del Misteri Javier Cuasante; el rector de Santa Mar\u00eda, \u00c1ngel Bonav\u00eda, i la presidenta de la Comissi\u00f3 d&#8217;Activitats Culturals de la Junta, Carolina Mart\u00ednez, que han estat acompanyats per membres de l&#8217;Equip de Govern i de la Corporaci\u00f3 Municipal.<\/p>\n<p>La imatge de la corona imperial i els centellejos de l&#8217;oripell presideixen un cartell en els quals predominen els colors blau, blanc, roig i groc, i que no solament marca l&#8217;inici del compte enrere de les representacions d&#8217;agost, sin\u00f3 el retorn a la normalitat despr\u00e9s de m\u00e9s de dos anys de pand\u00e8mia, tal com ha indicat el regidor il\u00b7licit\u00e0, \u201cla qual cosa \u00e9s una magn\u00edfica not\u00edcia, perqu\u00e8 Elx t\u00e9 en la Festa el seu s\u00edmbol m\u00e9s valu\u00f3s\u201d, ha afegit\u201d.<\/p>\n<p>L&#8217;alcalde ha felicitat i ha donat les gr\u00e0cies a l&#8217;autora del cartell que l&#8217;ha definit com a \u201celegant, sobri, senzill, per\u00f2, sobretot, bell\u201d. I li ha agra\u00eft la seua labor per \u201cl&#8217;inter\u00e9s d&#8217;obsequiar-nos amb aquesta magn\u00edfica obra\u201d. \u201cSegons el parer de tots, has fet un treball excel\u00b7lent que naix de la seua simplicitat i de la indubtable emoci\u00f3 que transmet\u201d, ha continuat el regidor il\u00b7licit\u00e0, que ha subratllat la Coronaci\u00f3 com \u201cun dels moments m\u00e9s emotius de la Festa\u201d.[\/vc_column_text][\/vc_column][\/vc_row][vc_row source=&#8221;media_library&#8221; image=&#8221;&#8221; img_size=&#8221;full&#8221; external_img_size=&#8221;&#8221; add_caption=&#8221;&#8221; alignment=&#8221;left&#8221; style=&#8221;&#8221; external_style=&#8221;&#8221; border_color=&#8221;grey&#8221; external_border_color=&#8221;grey&#8221; onclick=&#8221;link_image&#8221; img_link_target=&#8221;_self&#8221; el_class=&#8221;fotounicanoticia&#8221; title=&#8221;&#8221; custom_src=&#8221;&#8221; caption=&#8221;&#8221; link=&#8221;&#8221; img_link_large=&#8221;&#8221;][vc_column][vc_single_image image=&#8221;201723&#8243; img_size=&#8221;full&#8221; onclick=&#8221;link_image&#8221; el_class=&#8221;fotounicanoticia&#8221;][\/vc_column][\/vc_row][vc_row el_id=&#8221;TEXTO_FIN_NOTICIA&#8221;][vc_column][vc_column_text]\u201cEl cartell s&#8217;identifica completament amb el Misteri. Per\u00f2 jo, m\u00e9s que eixe detall, afegiria la sensibilitat que cont\u00e9 i que ha traslladat Fran a aquesta obra, perqu\u00e8 l&#8217;ha feta amb el cor, amb el seu cor, amb l&#8217;emoci\u00f3 que ens trasllada i transmet\u201d, ha expressat Cuasante, que ha introdu\u00eft l&#8217;artista.<\/p>\n<p>L\u00f3pez Bru, que segons reflecteix la seua biografia de la C\u00e0tedra Pedro Ibarra de la UMH cultiva la \u201cabstracci\u00f3 mat\u00e8rica amb caracter\u00edstiques mironianes, emprant en les seues composicions taques crom\u00e0tiques amb abundants elements iconogr\u00e0fics\u201d, s&#8217;ha mostrat agra\u00efda al Patronat de la Festa per encarregar-li aquest honor. Tamb\u00e9 ha donat les gr\u00e0cies a la seua fam\u00edlia, i ha rememorat com sobre les 18.00 hores de cada 15 d&#8217;agost, en escoltar les campanes, eixien corrent a admirar la Coronaci\u00f3, entrant per la porta xica de la bas\u00edlica i ficant-se \u201con pod\u00edem per a veure eixa pluja d&#8217;oripell amb la corona penjant\u201d. L\u00f3pez Bru, a m\u00e9s, ha volgut enviar paraules de record i d\u2019agra\u00efment al seu amic Santiago Ule, \u201cper proporcionar-me molts moments de felicitat i de riures; per a ell, un pet\u00f3\u201d.<\/p>\n<p>La il\u00b7licitana, nascuda en 1959, ha emprat en la seua traject\u00f2ria no solament la pintura i la cer\u00e0mica, sin\u00f3 tota mena de t\u00e8cniques que han experimentat una evoluci\u00f3. \u201cLa prova est\u00e0 en totes les seues obres, que es troben en col\u00b7leccions p\u00fabliques i privades d\u2019\u00e0mbit nacional i internacional\u201d, ha explicat Cuasante. Aix\u00ed mateix, ha subratllat que no \u00e9s la primera vegada que L\u00f3pez Bru posa el seu talent al servei del Misteri i de les Festes d&#8217;Elx. \u201cEn 1989 l&#8217;Ajuntament li va encarregar unes carpetes que finalment es van exposar a la Casa de la Festa, i eixe mateix any va il\u00b7lustrar la portada de la revista Festa d\u2019Elx\u201d. Tamb\u00e9, en 1989, va ser la responsable del cartell de les Festes d&#8217;Agost. \u201cSempre que pot, sempre que parlem amb Fran de temes relacionats amb el Misteri, ac\u00ed est\u00e0 i comptem amb ella\u201d, ha afegit Cuasante.<\/p>\n<p>Per part seua, \u00c1ngel Bonav\u00eda ha assenyalat que \u201cel cartell diu molt, i \u00e9s molt important el que diu\u201d, referint-se al retorn del Misteri amb \u201cl&#8217;alegria, la festa, la solidaritat i el sentir-nos junts per a celebrar-lo com mana el temps d&#8217;agost\u201d, i que el cartell de L\u00f3pez Bru recorda l&#8217;essencial en aquest Patrimoni de la Humanitat: \u201cEl que portem tots en l&#8217;\u00e0nima. La Coronaci\u00f3 de la Verge\u201d.<\/p>\n<hr \/>\n<p>&nbsp;<\/p>\n<p>[\/vc_column_text][\/vc_column][\/vc_row][vc_row][vc_column width=&#8221;1\/6&#8243;][\/vc_column][vc_column width=&#8221;2\/3&#8243;]<audio class=\"sc_audio\" src=\"https:\/\/soundcloud.com\/ayuntamiento-de-elche\/presentacion-del-cartel-del-misteri-2022?utm_source=clipboard&#038;utm_medium=text&#038;utm_campaign=social_sharing\" width=\"\" height=\"\"><\/audio>[\/vc_column][vc_column width=&#8221;1\/6&#8243;][\/vc_column][\/vc_row]<\/p>\n<\/div>","protected":false},"excerpt":{"rendered":"<p>[vc_row el_id=&#8221;SUBTITULAR_NOTICIA&#8221;][vc_column][vc_column_text] L&#8217;alcalde d&#8217;Elx, acompanyat per l&#8217;edil de Cultura, Marga Ant\u00f3n, i per membres de l&#8217;Equip de Govern i de la Corporaci\u00f3 Municipal, agraeix l&#8217;autora el seu treball i el [&hellip;]<\/p>\n","protected":false},"author":131,"featured_media":201726,"comment_status":"closed","ping_status":"closed","sticky":false,"template":"","format":"standard","meta":{"footnotes":""},"categories":[191,391,1312],"tags":[],"class_list":["post-201747","post","type-post","status-publish","format-standard","has-post-thumbnail","hentry","category-festes-va","category-home-va","category-noticias-va"],"_links":{"self":[{"href":"https:\/\/www.elche.es\/va\/wp-json\/wp\/v2\/posts\/201747","targetHints":{"allow":["GET"]}}],"collection":[{"href":"https:\/\/www.elche.es\/va\/wp-json\/wp\/v2\/posts"}],"about":[{"href":"https:\/\/www.elche.es\/va\/wp-json\/wp\/v2\/types\/post"}],"author":[{"embeddable":true,"href":"https:\/\/www.elche.es\/va\/wp-json\/wp\/v2\/users\/131"}],"replies":[{"embeddable":true,"href":"https:\/\/www.elche.es\/va\/wp-json\/wp\/v2\/comments?post=201747"}],"version-history":[{"count":0,"href":"https:\/\/www.elche.es\/va\/wp-json\/wp\/v2\/posts\/201747\/revisions"}],"wp:featuredmedia":[{"embeddable":true,"href":"https:\/\/www.elche.es\/va\/wp-json\/wp\/v2\/media\/201726"}],"wp:attachment":[{"href":"https:\/\/www.elche.es\/va\/wp-json\/wp\/v2\/media?parent=201747"}],"wp:term":[{"taxonomy":"category","embeddable":true,"href":"https:\/\/www.elche.es\/va\/wp-json\/wp\/v2\/categories?post=201747"},{"taxonomy":"post_tag","embeddable":true,"href":"https:\/\/www.elche.es\/va\/wp-json\/wp\/v2\/tags?post=201747"}],"curies":[{"name":"wp","href":"https:\/\/api.w.org\/{rel}","templated":true}]}}