{"id":201881,"date":"2022-06-20T09:09:53","date_gmt":"2022-06-20T08:09:53","guid":{"rendered":"https:\/\/www.elche.es\/2022\/06\/el-parc-municipal-compta-amb-una-nova-escultura-en-record-dels-bebes-que-ens-van-deixar-massa-prompte\/"},"modified":"2022-06-20T09:09:54","modified_gmt":"2022-06-20T08:09:54","slug":"el-parc-municipal-compta-amb-una-nova-escultura-en-record-dels-bebes-que-ens-van-deixar-massa-prompte","status":"publish","type":"post","link":"https:\/\/www.elche.es\/va\/2022\/06\/el-parc-municipal-compta-amb-una-nova-escultura-en-record-dels-bebes-que-ens-van-deixar-massa-prompte\/","title":{"rendered":"El Parc Municipal compta amb una nova escultura en record dels beb\u00e9s que ens van deixar massa prompte"},"content":{"rendered":"<div class=\"wpb-content-wrapper\"><p>[vc_row el_id=&#8221;SUBTITULAR_NOTICIA&#8221;][vc_column][vc_column_text]<\/p>\n<hr \/>\n<h4>En l&#8217;acte d&#8217;inauguraci\u00f3 participen l&#8217;alcalde, Carlos Gonz\u00e1lez, i els regidors H\u00e9ctor D\u00edez, Mariola Galiana i Patricia Maci\u00e0; una pe\u00e7a que \u00e9s fruit de la col\u00b7laboraci\u00f3 entre l&#8217;Ajuntament d\u2019Elx, les matrones de Col\u00b7legi d&#8217;Infermeria d&#8217;Alacant i la xarxa sense \u00e0nim de lucre El Hueco de mi Vientre<\/h4>\n<hr \/>\n<p>[\/vc_column_text][\/vc_column][\/vc_row][vc_row el_id=&#8221;TEXTO_NOTICIA&#8221;][vc_column][vc_column_text]El Parc Municipal compta\u00a0 amb una nova escultura. <strong>\u2018Amor sin latido\u2019, de Jes\u00fas Garc\u00eda Trapiello, \u00e9s una obra en record dels beb\u00e9s que ens van deixar massa prompte<\/strong>, i que s&#8217;ha inaugurat en un emotiu acte que ha comptat amb la participaci\u00f3 de <strong>l&#8217;alcalde, Carlos Gonz\u00e1lez, dels edils H\u00e9ctor D\u00edez, Mariola Galiana i Patricia Maci\u00e0, de la representant de l&#8217;associaci\u00f3 El Hueco de mi Vientre, Marian Mahamud, de la matrona infermera vocal del Col\u00b7legi Oficial d&#8217;Infermeria d&#8217;Alacant Noelia Rodr\u00edguez, la matrona de l&#8217;Hospital General Universitari d&#8217;Elx Paqui Rodrigo<\/strong>, i de c\u00e0rrecs i personal de centres hospitalaris de la localitat, que han acompanyat en aquest homenatge a mares i fam\u00edlies que han perdut els seus fills durant la gestaci\u00f3, el part o en els primers mesos de vida.<\/p>\n<p>Gonz\u00e1lez, que ha manifestat que \u201c<strong>aquesta trobada ens acosta a una realitat moltes vegades invisible, desconeguda, per\u00f2 sempre terriblement dura<\/strong>\u201d, ha mostrat la seua gratitud per \u201cel valuos\u00edssim treball\u201d que realitza El Hueco de mi Vientre, pel qual, gr\u00e0cies a la seua col\u00b7laboraci\u00f3 amb el Govern local i amb el Col\u00b7legi d&#8217;Infermeria, ha sorgit \u201cun espai per al record i la trobada\u201d.<\/p>\n<p>En eixe sentit, Mahamud, que ha mostrat la seua gratitud a l&#8217;Ajuntament per considerar i suggerir la suma de les propostes d&#8217;El Hueco de mi Vientre i les matrones del Col\u00b7legi d&#8217;Infermeria per a construir aquest monument, ha donat tamb\u00e9 les gr\u00e0cies a aquesta \u00faltima entitat i a l&#8217;artista per donar el motle. Seguint el deixant d&#8217;altres urbs espanyoles, Mahamud ha indicat que <strong>l&#8217;escultura s&#8217;erigeix perqu\u00e8 les fam\u00edlies puguen plorar els seus fills morts durant la gestaci\u00f3, el part o en els primers mesos de vida<\/strong>. Una classe de duel que, ha lamentat, \u201cno s&#8217;est\u00e0 tractant amb la deguda sensibilitat\u201d. D&#8217;aqu\u00ed ve que l&#8217;obra de Garc\u00eda Trapiello servisca aix\u00ed mateix per a conscienciar, i que quan alg\u00fa es trobe amb una fam\u00edlia que estiga passant per aquest dolor, \u201cpuga tindre una sensibilitat especial per a recon\u00e9ixer-lo i acompanyar-lo\u201d.<\/p>\n<p>El moment m\u00e9s emotiu ha sigut quan els presents han pogut escoltar el <strong>testimoniatge d&#8217;Aldara Fern\u00e1ndez Manchado<\/strong>. \u201cQuan vas a l&#8217;hospital per a una revisi\u00f3 rutin\u00e0ria o per una lleugera sospita que el teu beb\u00e9 no est\u00e0 b\u00e9 i escoltes la frase de \u2018no hi ha batec\u2019, el m\u00f3n s&#8217;ensorra\u201d, ha comptat visiblement emocionada. \u201c\u00c9s en eixe moment quan comen\u00e7a un dolor amb el qual conviure\u201d, ha assenyalat. A m\u00e9s, Fern\u00e1ndez Manchado ha lamentat que <strong>\u201cel duel gestacional i perinatal no rep la mateixa atenci\u00f3 i empatia que un altre tipus de p\u00e8rdues\u201d<\/strong>; fins i tot des del sistema de salut, i que es necessita \u201ccomprensi\u00f3 i sensibilitat\u201d.[\/vc_column_text][\/vc_column][\/vc_row][vc_row el_id=&#8221;DESTACADO_NOTICIA&#8221;][vc_column][vc_gallery type=&#8221;flexslider_slide&#8221; interval=&#8221;5&#8243; images=&#8221;201796,201774,201776,201778,201790,201788,201786,201784,201782,201780,201792,201794&#8243; img_size=&#8221;full&#8221; el_class=&#8221;galerianoticia&#8221;][\/vc_column][\/vc_row][vc_row el_id=&#8221;TEXTO_FIN_NOTICIA&#8221;][vc_column][vc_column_text]\u201cEspais com aquest expressen la voluntat i l&#8217;impuls perqu\u00e8 puguem reflexionar, comprendre i acompanyar aquestes fam\u00edlies i recordar a eixos beb\u00e9s que segueixen als nostres cors al llarg de la nostra vida\u201d, ha expressat la vocal del Col\u00b7legi d&#8217;Infermeria i ha definit la p\u00e8rdua d&#8217;aquests com \u201cno solament f\u00edsica, sin\u00f3 d&#8217;un projecte de vida, d&#8217;una il\u00b7lusi\u00f3, d&#8217;amor;<strong> una p\u00e8rdua que no est\u00e0 reconeguda per la societat de hui dia<\/strong>\u201d, ha recalcat Noelia Rodr\u00edguez.<\/p>\n<h5>Emocions en bronze<\/h5>\n<p>H\u00e9ctor D\u00edez ha llegit unes paraules escrites per l&#8217;escultor per a l&#8217;ocasi\u00f3, en les quals es relaten com en 2019 va comen\u00e7ar a esbossar el seu segon enc\u00e0rrec per a l&#8217;associaci\u00f3 El Hueco de mi Vientre. \u201cRepresenta les emocions davant la p\u00e8rdua del beb\u00e9 desitjat i esperat\u201d, ha verbalitzat Garc\u00eda Trapiello a trav\u00e9s de l&#8217;edil, detallant que tots els esbossos giraven entorn d&#8217;un ventre i uns sins enormes. El disseny definitiu, ha continuat el text, reflecteix \u201cun buit transversal, irregular, llis i poliment que plena d&#8217;abs\u00e8ncia parteix del ventre, el maluc i l&#8217;esquena\u201d, afirmant que \u201cl&#8217;abs\u00e8ncia tamb\u00e9 \u00e9s vida\u201d, i que la papallona daurada de la pe\u00e7a representa \u201cla vida que inicia un cam\u00ed diferent a l&#8217;esperat i que vola fregant i acariciant el ventre que li va donar vida\u201d. \u201cPerqu\u00e8 el batec de l&#8217;amor \u00e9s etern\u201d, finalitza la missiva.<\/p>\n<p>D&#8217;altra banda, Paqui Rodrigo s&#8217;ha mostrat orgullosa de ser part\u00edcip <strong>\u201ca aconseguir que es puga presentar aquest lloc tan bonic i emblem\u00e0tic de la nostra ciutat com a espai dedicat als beb\u00e9s que ens van deixar massa prompte\u201d<\/strong>, una ubicaci\u00f3 envoltada de palmeres, \u201cs\u00edmbols de la pau i, en l&#8217;antic Egipte, de la vida eterna\u201d, ha precisat. Igualment, ha relatat com un grup de matrones de l&#8217;Hospital General d&#8217;Elx, fa mesos, va proposar els regidors H\u00e9ctor D\u00edez i Mariano Valera aquest espai, coincidint amb la petici\u00f3 d&#8217;El Hueco de mi Vientre.<\/p>\n<p>No obstant aix\u00f2, la instal\u00b7laci\u00f3 de la pe\u00e7a escult\u00f2rica \u00e9s fruit de l&#8217;entesa entre l&#8217;Ajuntament d&#8217;Elx, les matrones de Col\u00b7legi d&#8217;Infermeria d&#8217;Alacant i El Hueco de mi Vientre. Aquesta \u00faltima, una xarxa sense \u00e0nim de lucre fundada en 2013 i formada per psic\u00f2logues o matrones i mares que han viscut la defunci\u00f3 o la p\u00e8rdua de fills xicotets durant la gestaci\u00f3 o despr\u00e9s del naixement. Experimentar o estar prop d&#8217;aquest drama les va unir a totes en una iniciativa que va creixent dia a dia, i que, a m\u00e9s de suport i acompanyament al duel, impulsa formaci\u00f3, investigaci\u00f3 i prevenci\u00f3 d&#8217;aquestes morts primerenques.<\/p>\n<p>Finalment, mentre sonaven els concordes de <em>Recu\u00e9rdame<\/em> de la pel\u00b7l\u00edcula <em>Coco<\/em>, interpretats per la violista il\u00b7licitana Paula Romero Rodrigo, <strong>les mares assistents han tancat l&#8217;acte depositant pedres amb el nom dels seus beb\u00e9s morts i altres ofrenes al nou monument<\/strong>, proper al Centre de Visitants del Parc Municipal.<\/p>\n<hr \/>\n<p>[\/vc_column_text][\/vc_column][\/vc_row][vc_row][vc_column width=&#8221;1\/2&#8243;]<audio class=\"sc_audio\" src=\"https:\/\/soundcloud.com\/ayuntamiento-de-elche\/escultura-en-recuerdo-de-los-bebes-que-nos-dejaron-demasiado-pronto?utm_source=clipboard&#038;utm_medium=text&#038;utm_campaign=social_sharing\" width=\"\" height=\"\"><\/audio>[\/vc_column][vc_column width=&#8221;1\/2&#8243;]<audio class=\"sc_audio\" src=\"https:\/\/soundcloud.com\/ayuntamiento-de-elche\/escultura-en-recuerdo-de-los-bebes-que-nos-dejaron-demasiado-pronto-1?utm_source=clipboard&#038;utm_medium=text&#038;utm_campaign=social_sharing\" width=\"\" height=\"\"><\/audio>[\/vc_column][\/vc_row]<\/p>\n<\/div>","protected":false},"excerpt":{"rendered":"<p>[vc_row el_id=&#8221;SUBTITULAR_NOTICIA&#8221;][vc_column][vc_column_text] En l&#8217;acte d&#8217;inauguraci\u00f3 participen l&#8217;alcalde, Carlos Gonz\u00e1lez, i els regidors H\u00e9ctor D\u00edez, Mariola Galiana i Patricia Maci\u00e0; una pe\u00e7a que \u00e9s fruit de la col\u00b7laboraci\u00f3 entre l&#8217;Ajuntament d\u2019Elx, [&hellip;]<\/p>\n","protected":false},"author":131,"featured_media":201773,"comment_status":"closed","ping_status":"closed","sticky":false,"template":"","format":"standard","meta":{"footnotes":""},"categories":[391,1312,2706],"tags":[],"class_list":["post-201881","post","type-post","status-publish","format-standard","has-post-thumbnail","hentry","category-home-va","category-noticias-va","category-parques-y-jardines-va"],"_links":{"self":[{"href":"https:\/\/www.elche.es\/va\/wp-json\/wp\/v2\/posts\/201881","targetHints":{"allow":["GET"]}}],"collection":[{"href":"https:\/\/www.elche.es\/va\/wp-json\/wp\/v2\/posts"}],"about":[{"href":"https:\/\/www.elche.es\/va\/wp-json\/wp\/v2\/types\/post"}],"author":[{"embeddable":true,"href":"https:\/\/www.elche.es\/va\/wp-json\/wp\/v2\/users\/131"}],"replies":[{"embeddable":true,"href":"https:\/\/www.elche.es\/va\/wp-json\/wp\/v2\/comments?post=201881"}],"version-history":[{"count":0,"href":"https:\/\/www.elche.es\/va\/wp-json\/wp\/v2\/posts\/201881\/revisions"}],"wp:featuredmedia":[{"embeddable":true,"href":"https:\/\/www.elche.es\/va\/wp-json\/wp\/v2\/media\/201773"}],"wp:attachment":[{"href":"https:\/\/www.elche.es\/va\/wp-json\/wp\/v2\/media?parent=201881"}],"wp:term":[{"taxonomy":"category","embeddable":true,"href":"https:\/\/www.elche.es\/va\/wp-json\/wp\/v2\/categories?post=201881"},{"taxonomy":"post_tag","embeddable":true,"href":"https:\/\/www.elche.es\/va\/wp-json\/wp\/v2\/tags?post=201881"}],"curies":[{"name":"wp","href":"https:\/\/api.w.org\/{rel}","templated":true}]}}