{"id":201930,"date":"2022-06-20T10:11:27","date_gmt":"2022-06-20T09:11:27","guid":{"rendered":"https:\/\/www.elche.es\/2022\/06\/prop-de-5-000-il%c2%b7licitans-gaudeixen-de-les-piscines-municipals-en-el-primer-cap-de-setmana-de-la-temporada-de-bany\/"},"modified":"2022-06-20T10:11:28","modified_gmt":"2022-06-20T09:11:28","slug":"prop-de-5-000-il%c2%b7licitans-gaudeixen-de-les-piscines-municipals-en-el-primer-cap-de-setmana-de-la-temporada-de-bany","status":"publish","type":"post","link":"https:\/\/www.elche.es\/va\/2022\/06\/prop-de-5-000-il%c2%b7licitans-gaudeixen-de-les-piscines-municipals-en-el-primer-cap-de-setmana-de-la-temporada-de-bany\/","title":{"rendered":"Prop de 5.000 il\u00b7licitans gaudeixen de les piscines municipals en el primer cap de setmana de la temporada de bany"},"content":{"rendered":"<div class=\"wpb-content-wrapper\"><p>[vc_row el_id=&#8221;SUBTITULAR_NOTICIA&#8221;][vc_column][vc_column_text]<\/p>\n<hr \/>\n<h4>L&#8217;edil d&#8217;Esports, Vicente Alberola, i l&#8217;encarregat de les instal\u00b7lacions, Jer\u00f3nimo Soro, visiten els recintes descoberts del Pla, del Toscar i de Carr\u00fas, on el personal i els usuaris els traslladen les seues impressions d&#8217;aquests primers dies, els quals, afirmen, s&#8217;estan desenvolupant de manera satisfact\u00f2ria<\/h4>\n<hr \/>\n<p>[\/vc_column_text][\/vc_column][\/vc_row][vc_row el_id=&#8221;TEXTO_NOTICIA&#8221;][vc_column][vc_column_text]Prop de 5.000 il\u00b7licitans han gaudit de les piscines municipals en el primer cap de setmana de la temporada de bany estival, que <strong>va arrancar dissabte passat, 18 de juny, i que es prolongar\u00e0 fins a principis de setembre<\/strong>. Quasi mig centenar de professionals, entre socorristes, taquillers i operaris de manteniment s&#8217;encarregaran aquests mesos que les huit piscines municipals descobertes <strong>\u2013Carr\u00fas, Toscar, Pla, Parc Esportiu, Ciutat Esportiva, Palmerars, Torrellano i l&#8217;Altet\u2013<\/strong>, amb 21 en total, brinden un servei de qualitat per a garantir la salut, la seguretat i el benestar dels banyistes que acudeixen a aquests espais per a combatre la can\u00edcula.[\/vc_column_text][\/vc_column][\/vc_row][vc_row type=&#8221;flexslider_slide&#8221; interval=&#8221;5&#8243; source=&#8221;media_library&#8221; images=&#8221;&#8221; img_size=&#8221;full&#8221; external_img_size=&#8221;&#8221; onclick=&#8221;link_image&#8221; custom_links_target=&#8221;_self&#8221; el_class=&#8221;galerianoticia&#8221; title=&#8221;&#8221; custom_srcs=&#8221;&#8221; custom_links=&#8221;&#8221;][vc_column][vc_gallery type=&#8221;flexslider_slide&#8221; interval=&#8221;5&#8243; images=&#8221;201897,201899,201901,201903,201905,201907,201909,201911,201913,201915,201917,201919,201921,201923&#8243; img_size=&#8221;full&#8221; el_class=&#8221;galerianoticia&#8221;][\/vc_column][\/vc_row][vc_row][vc_column][vc_column_text]El regidor d&#8217;Esports, Vicente Alberola, i el t\u00e8cnic municipal encarregat d&#8217;aquests recintes, Jer\u00f3nimo Soro, han visitat aquest diumenge les piscines del Pla, de Toscar i de Carr\u00fas, on el personal i usuaris els han traslladat les seus impressions d&#8217;aquests primers dies, els quals, afirmen, s&#8217;estan desenvolupant de manera satisfact\u00f2ria. \u201c<strong>Fem una valoraci\u00f3 molt positiva d&#8217;aquest inici de temporada, perqu\u00e8 tant l&#8217;aflu\u00e8ncia, com l&#8217;estat de les instal\u00b7lacions i de l&#8217;aigua, el comportament del p\u00fablic i la labor dels empleats<\/strong> estan sent fins al moment excepcionals\u201d, ha manifestat Alberola, que ha vaticinat un gran per\u00edode estiuenc a les piscines p\u00fabliques i ha convidat la ciutadania a utilitzar-les.<\/p>\n<p>En aquest primer cap de setmana, <strong>la piscina que ha obtingut m\u00e9s visites ha sigut la de Pla, amb 1.000 persones<\/strong> en total. En l&#8217;\u00faltima temporada, les mesures pand\u00e8miques van fer que aquests llocs no presentaren la mateixa concurr\u00e8ncia respecte a anteriors campanyes. Despr\u00e9s de reprendre el servei amb normalitat despr\u00e9s de m\u00e9s de dos anys, i amb l&#8217;obertura de la piscina dels Palmerars el pr\u00f2xim divendres, <strong>s&#8217;espera que les xifres de 2021 se superen folgadament<\/strong>.[\/vc_column_text][\/vc_column][\/vc_row][vc_row el_id=&#8221;DESTACADO_NOTICIA&#8221;][vc_column][vc_column_text el_class=&#8221;cuadronoticia&#8221;]<\/p>\n<h5>\u201cFem una valoraci\u00f3 molt positiva d&#8217;aquest inici de temporada, perqu\u00e8 tant l&#8217;aflu\u00e8ncia, com l&#8217;estat de les instal\u00b7lacions i de l&#8217;aigua, el comportament del p\u00fablic i la labor dels empleats estan sent fins al moment excepcionals\u201d, manifesta el responsable municipal<\/h5>\n<p>[\/vc_column_text][\/vc_column][\/vc_row][vc_row][vc_column][vc_column_text]Aquestes \u00faltimes instal\u00b7lacions, les de Palmerars, han hagut de demorar la seua obertura fins divendres que ve, at\u00e9s que encara s&#8217;est\u00e0 ultimant les escomeses energia, aigua i desgu\u00e0s. El motiu del retard,<strong> les obres confrontants del poliesportiu del barri, que amb 5.000 metres quadrats, i despr\u00e9s d&#8217;invertir 418.000 euros emmarcats en l&#8217;estrat\u00e8gia DUSI<\/strong>, reprendr\u00e0 la seua activitat despr\u00e9s de l&#8217;estiu.<\/p>\n<h5>Pagament amb targeta en proves al Toscar, al Pla i a Torrellano<\/h5>\n<p>Les piscines municipals d&#8217;Elx, les an\u00e0lisis de les aig\u00fces de les quals es realitza tres vegades al dia com a marca la legislaci\u00f3, romandran obertes fins al diumenge 4 de setembre, excepte la de Torrellano i dues del nucli urb\u00e0 encara per determinar, que tancaran l&#8217;11 de setembre. <strong>Els horaris, de dimarts a divendres, d&#8217;11.00 a 19.00; els dissabtes, de 10.00 a 20.00; i els diumenges, de 10.00 a 19.00 hores<\/strong>.[\/vc_column_text][\/vc_column][\/vc_row][vc_row][vc_column][vc_column_text el_class=&#8221;cuadronoticia&#8221;]<\/p>\n<h5>La piscina dels Palmerars obrir\u00e0 les seues portes el pr\u00f2xim divendres, i la campanya estival en aquests llocs p\u00fablics es prolongar\u00e0 fins a principis de setembre sense incrementar els preus de les entrades i els bons de bany infantils i d&#8217;adults<\/h5>\n<p>[\/vc_column_text][\/vc_column][\/vc_row][vc_row el_id=&#8221;TEXTO_FIN_NOTICIA&#8221;][vc_column][vc_column_text]Quant als preus, <strong>no pateixen cap increment: el bany infantil i d&#8217;adult, 1,05 i 2,05 euros respectivament, mentre que els bons, que es poden compartir, s&#8217;ofereixen per 10,15 euros per a xiquets i 20,30 euros per a majors<\/strong>. L&#8217;entrada dels menors de 14 anys acompanyats per adults \u00e9s gratu\u00efta. I com a experi\u00e8ncia pilot, els usuaris de les piscines del Toscar, del Pla i, pr\u00f2ximament, de Torrellano podran pagar amb targeta gr\u00e0cies a les m\u00e0quines instal\u00b7lades per a aix\u00f2.<\/p>\n<p>Finalment, el regidor d&#8217;Esports ha recordat que els cursos de nataci\u00f3 en les piscines cobertes es desenvoluparan d<strong>el 26 de juny al 15 de juliol i a les descobertes del 26 de juny al 29 de juliol, igual que l&#8217;aiguagim, que tindr\u00e0 lloc a la Ciutat Esportiva, al Parc Esportiu i al Pla<\/strong>. Les inscripcions per a aquestes activitats aqu\u00e0tiques dirigides a persones nascudes en 2017 i anys anteriors es van obrir el passat 14 de juny, i encara poden efectuar-se en la web de la Regidoria d&#8217;Esports i de manera presencial a les piscines de Carr\u00fas, del Pla i del pavell\u00f3 Esperanza Lag.<\/p>\n<hr \/>\n<p>&nbsp;<\/p>\n<p>[\/vc_column_text][\/vc_column][\/vc_row][vc_row][vc_column width=&#8221;1\/6&#8243;][\/vc_column][vc_column width=&#8221;2\/3&#8243;]<audio class=\"sc_audio\" src=\"https:\/\/soundcloud.com\/ayuntamiento-de-elche\/5000-ilicitanos-disfrutan-de-las-piscinas-municipales?utm_source=clipboard&#038;utm_medium=text&#038;utm_campaign=social_sharing\" width=\"\" height=\"\"><\/audio>[\/vc_column][vc_column width=&#8221;1\/6&#8243;][\/vc_column][\/vc_row]<\/p>\n<\/div>","protected":false},"excerpt":{"rendered":"<p>[vc_row el_id=&#8221;SUBTITULAR_NOTICIA&#8221;][vc_column][vc_column_text] L&#8217;edil d&#8217;Esports, Vicente Alberola, i l&#8217;encarregat de les instal\u00b7lacions, Jer\u00f3nimo Soro, visiten els recintes descoberts del Pla, del Toscar i de Carr\u00fas, on el personal i els usuaris [&hellip;]<\/p>\n","protected":false},"author":131,"featured_media":201926,"comment_status":"closed","ping_status":"closed","sticky":false,"template":"","format":"standard","meta":{"footnotes":""},"categories":[187,391,1312],"tags":[],"class_list":["post-201930","post","type-post","status-publish","format-standard","has-post-thumbnail","hentry","category-esports","category-home-va","category-noticias-va"],"_links":{"self":[{"href":"https:\/\/www.elche.es\/va\/wp-json\/wp\/v2\/posts\/201930","targetHints":{"allow":["GET"]}}],"collection":[{"href":"https:\/\/www.elche.es\/va\/wp-json\/wp\/v2\/posts"}],"about":[{"href":"https:\/\/www.elche.es\/va\/wp-json\/wp\/v2\/types\/post"}],"author":[{"embeddable":true,"href":"https:\/\/www.elche.es\/va\/wp-json\/wp\/v2\/users\/131"}],"replies":[{"embeddable":true,"href":"https:\/\/www.elche.es\/va\/wp-json\/wp\/v2\/comments?post=201930"}],"version-history":[{"count":0,"href":"https:\/\/www.elche.es\/va\/wp-json\/wp\/v2\/posts\/201930\/revisions"}],"wp:featuredmedia":[{"embeddable":true,"href":"https:\/\/www.elche.es\/va\/wp-json\/wp\/v2\/media\/201926"}],"wp:attachment":[{"href":"https:\/\/www.elche.es\/va\/wp-json\/wp\/v2\/media?parent=201930"}],"wp:term":[{"taxonomy":"category","embeddable":true,"href":"https:\/\/www.elche.es\/va\/wp-json\/wp\/v2\/categories?post=201930"},{"taxonomy":"post_tag","embeddable":true,"href":"https:\/\/www.elche.es\/va\/wp-json\/wp\/v2\/tags?post=201930"}],"curies":[{"name":"wp","href":"https:\/\/api.w.org\/{rel}","templated":true}]}}