{"id":201937,"date":"2022-06-20T10:28:50","date_gmt":"2022-06-20T09:28:50","guid":{"rendered":"https:\/\/www.elche.es\/2022\/06\/detingut-per-forcar-un-vehicle-despres-de-ser-identificat-per-intent-de-furt\/"},"modified":"2022-06-20T10:28:50","modified_gmt":"2022-06-20T09:28:50","slug":"detingut-per-forcar-un-vehicle-despres-de-ser-identificat-per-intent-de-furt","status":"publish","type":"post","link":"https:\/\/www.elche.es\/va\/2022\/06\/detingut-per-forcar-un-vehicle-despres-de-ser-identificat-per-intent-de-furt\/","title":{"rendered":"Detingut per for\u00e7ar un vehicle despr\u00e9s de ser identificat per intent de furt"},"content":{"rendered":"<div class=\"wpb-content-wrapper\"><p>[vc_row el_id=&#8221;SUBTITULAR_NOTICIA&#8221;][vc_column][vc_column_text]<\/p>\n<hr \/>\n<h4>Mentre es donava curs als tr\u00e0mits oportuns en Comissaria per l&#8217;intent de furt, els agents de la Policia Local d&#8217;Elx van poder observar des de l&#8217;oficina de den\u00fancies com l&#8217;home de 49 anys es trobava dins d&#8217;un turisme<\/h4>\n<hr \/>\n<p>[\/vc_column_text][\/vc_column][\/vc_row][vc_row el_id=&#8221;TEXTO_FIN_NOTICIA&#8221;][vc_column][vc_column_text]La Policia Local d&#8217;Elx va detindre un home de 49 anys per for\u00e7ar un vehicle enfront de la Comiss\u00e0ria despr\u00e9s de ser identificat en aquestes depend\u00e8ncies per intent de furt. <strong>El dilluns 13 de mar\u00e7, sobre les 23.30 hores, un ve\u00ed de l&#8217;avinguda de la Unesco va telefonar al 092 per alertar que una persona<\/strong>, pel que sembla, estava manipulant el pany de la porta d&#8217;un cotxe.<\/p>\n<p>Quan la patrulla va arribar al lloc no el van trobar al costat del vehicle, per\u00f2 <strong>s\u00ed que portant una reixeta met\u00e0l\u00b7lica d&#8217;un embornal pr\u00f2xim i va manifestar que es trobava \u201cbuscant ferro\u201d<\/strong>. Aix\u00ed mateix, els agents no van trobar signes de danys al cotxe, encara que s\u00ed marques de mans de, presumiblement, haver tractat de baixar la finestreta des de l&#8217;exterior.<\/p>\n<p>En mancar de documentaci\u00f3, va ser traslladat a depend\u00e8ncies policials a fi de ser identificat per intent de furt de l\u2019esmentada reixeta i l&#8217;individu va abandonar aquestes instal\u00b7lacions minuts despr\u00e9s. Mentre es donaven curs als tr\u00e0mits oportuns, els agents <strong>locals van poder observar des de l\u2019oficina de den\u00fancies com l&#8217;home es trobava a l&#8217;interior d&#8217;un turisme i els policies van eixir a la seua trobada i van comprovar que la porta del cotxe es trobava for\u00e7ada<\/strong>. Per aix\u00f2, va ser detingut immediatament.<\/p>\n<hr \/>\n<p>&nbsp;<\/p>\n<p>[\/vc_column_text][\/vc_column][\/vc_row][vc_row][vc_column width=&#8221;1\/6&#8243;][\/vc_column][vc_column width=&#8221;2\/3&#8243;]<audio class=\"sc_audio\" src=\"\" width=\"\" height=\"\"><\/audio>[\/vc_column][vc_column width=&#8221;1\/6&#8243;][\/vc_column][\/vc_row]<\/p>\n<\/div>","protected":false},"excerpt":{"rendered":"<p>[vc_row el_id=&#8221;SUBTITULAR_NOTICIA&#8221;][vc_column][vc_column_text] Mentre es donava curs als tr\u00e0mits oportuns en Comissaria per l&#8217;intent de furt, els agents de la Policia Local d&#8217;Elx van poder observar des de l&#8217;oficina de den\u00fancies [&hellip;]<\/p>\n","protected":false},"author":131,"featured_media":193562,"comment_status":"closed","ping_status":"closed","sticky":false,"template":"","format":"standard","meta":{"footnotes":""},"categories":[2864,238],"tags":[],"class_list":["post-201937","post","type-post","status-publish","format-standard","has-post-thumbnail","hentry","category-breus","category-policia-local-va"],"_links":{"self":[{"href":"https:\/\/www.elche.es\/va\/wp-json\/wp\/v2\/posts\/201937","targetHints":{"allow":["GET"]}}],"collection":[{"href":"https:\/\/www.elche.es\/va\/wp-json\/wp\/v2\/posts"}],"about":[{"href":"https:\/\/www.elche.es\/va\/wp-json\/wp\/v2\/types\/post"}],"author":[{"embeddable":true,"href":"https:\/\/www.elche.es\/va\/wp-json\/wp\/v2\/users\/131"}],"replies":[{"embeddable":true,"href":"https:\/\/www.elche.es\/va\/wp-json\/wp\/v2\/comments?post=201937"}],"version-history":[{"count":0,"href":"https:\/\/www.elche.es\/va\/wp-json\/wp\/v2\/posts\/201937\/revisions"}],"wp:featuredmedia":[{"embeddable":true,"href":"https:\/\/www.elche.es\/va\/wp-json\/wp\/v2\/media\/193562"}],"wp:attachment":[{"href":"https:\/\/www.elche.es\/va\/wp-json\/wp\/v2\/media?parent=201937"}],"wp:term":[{"taxonomy":"category","embeddable":true,"href":"https:\/\/www.elche.es\/va\/wp-json\/wp\/v2\/categories?post=201937"},{"taxonomy":"post_tag","embeddable":true,"href":"https:\/\/www.elche.es\/va\/wp-json\/wp\/v2\/tags?post=201937"}],"curies":[{"name":"wp","href":"https:\/\/api.w.org\/{rel}","templated":true}]}}