{"id":201973,"date":"2022-06-20T13:23:14","date_gmt":"2022-06-20T12:23:14","guid":{"rendered":"https:\/\/www.elche.es\/2022\/06\/elx-amplia-la-seua-oferta-educativa-amb-nou-cicles-formatius-i-una-fp-basica-per-al-proxim-curs\/"},"modified":"2022-06-20T13:23:15","modified_gmt":"2022-06-20T12:23:15","slug":"elx-amplia-la-seua-oferta-educativa-amb-nou-cicles-formatius-i-una-fp-basica-per-al-proxim-curs","status":"publish","type":"post","link":"https:\/\/www.elche.es\/va\/2022\/06\/elx-amplia-la-seua-oferta-educativa-amb-nou-cicles-formatius-i-una-fp-basica-per-al-proxim-curs\/","title":{"rendered":"Elx amplia la seua oferta educativa amb nou cicles formatius i una FP b\u00e0sica per al pr\u00f2xim curs"},"content":{"rendered":"<div class=\"wpb-content-wrapper\"><p>[vc_row el_id=&#8221;SUBTITULAR_NOTICIA&#8221;][vc_column][vc_column_text]<\/p>\n<hr \/>\n<h4>El director general d&#8217;FP, Manuel Gomicia, destaca que enguany s&#8217;han registrat 6.541 matriculats, un 30% m\u00e9s que en 2015, i ha recordat que aquest curs es posar\u00e0 en marxa el Centre Integrat de l&#8217;IES La Torreta<\/h4>\n<hr \/>\n<p>[\/vc_column_text][\/vc_column][\/vc_row][vc_row el_id=&#8221;TEXTO_NOTICIA&#8221;][vc_column][vc_column_text]La Conselleria d&#8217;Educaci\u00f3 continua ampliant l&#8217;oferta de Formaci\u00f3 Professional a Elx i per <strong>al curs 2022\/2023 ha planificat la creaci\u00f3 de 9 cicles i una FP b\u00e0sica<\/strong>. La regidora d&#8217;Educaci\u00f3, Mar\u00eda Jos\u00e9 Mart\u00ednez, acompanyada del director general de Formaci\u00f3 Professional, Manuel Gomicia, ha comptat les novetats per a enguany.<\/p>\n<p>En concret, <strong>l&#8217;IES Cayetano Sempere<\/strong> impartir\u00e0 el grau mitj\u00e0 d&#8217;instal\u00b7lacions el\u00e8ctriques d&#8217;automatismes; <strong>l&#8217;IES La Torreta<\/strong> un grau mitj\u00e0 de paisatgisme i medi rural i un altre d&#8217;instal\u00b7laci\u00f3 i manteniment de sistemes connectats a internet; el <strong>Montserrat Roig<\/strong> un grau mitj\u00e0 de perruqueria i cosm\u00e8tica capil\u00b7lar;<strong> l&#8217;IES Severo Ochoa<\/strong> un grau superior d&#8217;Administraci\u00f3 i Finances; l&#8217;IES Victora Kent un grau mitj\u00e0 d&#8217;activitats comercials i un grau superior de Transport i Log\u00edstica; <strong>l&#8217;IES de Carr\u00fas<\/strong> una FP b\u00e0sica d&#8217;Inform\u00e0tica d&#8217;Oficina; i el <strong>Vicente Verd\u00fa<\/strong> estrenar\u00e0 l&#8217;FP amb un grau mitj\u00e0 de rebosteria i confiteria i un grau superior de processos i qualitat de la ind\u00fastria aliment\u00e0ria.<\/p>\n<p>\u201cAquesta \u00e9s la legislatura de la FP <strong>perqu\u00e8 s&#8217;est\u00e0 desenvolupant una nova llei amb m\u00e9s inversi\u00f3 econ\u00f2mica i una aposta clara per l&#8217;acreditaci\u00f3 de compet\u00e8ncies professionals adquirides<\/strong>\u201d, ha manifestat l&#8217;edil, que ha posat l&#8217;accent en el fet que \u201cs&#8217;estan creant centres d&#8217;excel\u00b7l\u00e8ncia i apostant per cursos d&#8217;especialitzaci\u00f3\u201d.[\/vc_column_text][\/vc_column][\/vc_row][vc_row el_id=&#8221;DESTACADO_NOTICIA&#8221;][vc_column][vc_column_text el_class=&#8221;cuadronoticia&#8221;]<\/p>\n<h5>La regidora d&#8217;Educaci\u00f3, Mar\u00eda Jos\u00e9 Mart\u00ednez, assegura que \u201caquesta \u00e9s la legislatura de l\u2019FP perqu\u00e8 s&#8217;est\u00e0 desenvolupant una nova llei amb m\u00e9s inversi\u00f3 econ\u00f2mica i una aposta clara per l&#8217;acreditaci\u00f3 de compet\u00e8ncies professionals adquirides\u201d<\/h5>\n<p>[\/vc_column_text][\/vc_column][\/vc_row][vc_row el_id=&#8221;TEXTO_FIN_NOTICIA&#8221;][vc_column][vc_column_text]Mart\u00ednez ha recordat que des de 2019 que es va comen\u00e7ar a gestar el Consell Municipal de l\u2019FP s&#8217;ha estat treballant amb l&#8217;objectiu de con\u00e9ixer les necessitats de l&#8217;activitat empresarial d&#8217;Elx i de la comarca. Tamb\u00e9<strong> s&#8217;ha integrat Elx en el Consell Territorial d&#8217;FP i s&#8217;han celebrat les fires d&#8217;FP desenvolupades a Castell\u00f3, Val\u00e8ncia i Elx<\/strong> amb la finalitat de promocionar les perspectives d&#8217;ocupabilitat que ofereix aquesta mena de formaci\u00f3 sota els principis de dualitat i flexibilitat.<\/p>\n<p>Per part seua, Gomicia ha assenyalat que <strong>1.800 estudiants han finalitzat els seus estudis i que en aquests moments hi ha 6.541 alumnes matriculats en FP, un 30% m\u00e9s respecte a 2015<\/strong>. A m\u00e9s, s&#8217;han registrat 4.221 inst\u00e0ncies de primera convocat\u00f2ria, un 20% m\u00e9s respecte a l&#8217;any passat. De la mateixa manera, ha apuntat que l&#8217;oferta aconseguir\u00e0 el pr\u00f2xim curs les 24 fam\u00edlies professionals.<\/p>\n<p>El director general d&#8217;FP ha assegurat que s&#8217;ha aconseguit \u00e8xit de participaci\u00f3 de les empreses en els cursos d&#8217;especialitzaci\u00f3 d&#8217;FP i ha manifestat que continuaran apostant per aquesta formaci\u00f3. En aquest sentit, Gomicia ha puntualitzat que <strong>s&#8217;est\u00e0 treballant per a avan\u00e7ar en la implantaci\u00f3 del projecte pioner d&#8217;una \u201cFP a la Carta\u201d que cobrisca les necessitats de formaci\u00f3 espec\u00edfiques per a determinats sectors industrials<\/strong>, amb un nou model de participaci\u00f3 m\u00e9s directe de les empreses. \u201cLa formaci\u00f3 professional d&#8217;Elx \u00e9s innovaci\u00f3, adaptaci\u00f3 a les necessitats de les empreses i qualitat de resultats\u201d, ha reiterat.<\/p>\n<p>A m\u00e9s, Gomicia ha recordat que, arran de la consolidaci\u00f3 de l&#8217;IES Periodista Vicente Verd\u00fa, en aquest curs <strong>es posar\u00e0 en marxa el Centre Integrat de l&#8217;IES La Torreta<\/strong>, una fita molt important per a la Comunitat i la ciutat a causa de l&#8217;escassetat d&#8217;aquesta mena de centres a la prov\u00edncia d&#8217;Alacant.<\/p>\n<hr \/>\n<p>&nbsp;<\/p>\n<p>[\/vc_column_text][\/vc_column][\/vc_row][vc_row][vc_column width=&#8221;1\/6&#8243;][\/vc_column][vc_column width=&#8221;2\/3&#8243;]<audio class=\"sc_audio\" src=\"https:\/\/soundcloud.com\/ayuntamiento-de-elche\/oferta-de-cursos-de-formacion-profesional-en-elche?utm_source=clipboard&#038;utm_medium=text&#038;utm_campaign=social_sharing\" width=\"\" height=\"\"><\/audio>[\/vc_column][vc_column width=&#8221;1\/6&#8243;][\/vc_column][\/vc_row]<\/p>\n<\/div>","protected":false},"excerpt":{"rendered":"<p>[vc_row el_id=&#8221;SUBTITULAR_NOTICIA&#8221;][vc_column][vc_column_text] El director general d&#8217;FP, Manuel Gomicia, destaca que enguany s&#8217;han registrat 6.541 matriculats, un 30% m\u00e9s que en 2015, i ha recordat que aquest curs es posar\u00e0 en [&hellip;]<\/p>\n","protected":false},"author":131,"featured_media":201948,"comment_status":"closed","ping_status":"closed","sticky":false,"template":"","format":"standard","meta":{"footnotes":""},"categories":[194,391,1312],"tags":[],"class_list":["post-201973","post","type-post","status-publish","format-standard","has-post-thumbnail","hentry","category-educacio-va","category-home-va","category-noticias-va"],"_links":{"self":[{"href":"https:\/\/www.elche.es\/va\/wp-json\/wp\/v2\/posts\/201973","targetHints":{"allow":["GET"]}}],"collection":[{"href":"https:\/\/www.elche.es\/va\/wp-json\/wp\/v2\/posts"}],"about":[{"href":"https:\/\/www.elche.es\/va\/wp-json\/wp\/v2\/types\/post"}],"author":[{"embeddable":true,"href":"https:\/\/www.elche.es\/va\/wp-json\/wp\/v2\/users\/131"}],"replies":[{"embeddable":true,"href":"https:\/\/www.elche.es\/va\/wp-json\/wp\/v2\/comments?post=201973"}],"version-history":[{"count":0,"href":"https:\/\/www.elche.es\/va\/wp-json\/wp\/v2\/posts\/201973\/revisions"}],"wp:featuredmedia":[{"embeddable":true,"href":"https:\/\/www.elche.es\/va\/wp-json\/wp\/v2\/media\/201948"}],"wp:attachment":[{"href":"https:\/\/www.elche.es\/va\/wp-json\/wp\/v2\/media?parent=201973"}],"wp:term":[{"taxonomy":"category","embeddable":true,"href":"https:\/\/www.elche.es\/va\/wp-json\/wp\/v2\/categories?post=201973"},{"taxonomy":"post_tag","embeddable":true,"href":"https:\/\/www.elche.es\/va\/wp-json\/wp\/v2\/tags?post=201973"}],"curies":[{"name":"wp","href":"https:\/\/api.w.org\/{rel}","templated":true}]}}