{"id":201979,"date":"2022-06-20T15:14:16","date_gmt":"2022-06-20T14:14:16","guid":{"rendered":"https:\/\/www.elche.es\/2022\/06\/la-il%c2%b7licitana-eva-belmonte-i-el-seu-equip-de-la-fundacio-civio-salcen-amb-el-ii-premi-vicente-verdu-de-periodisme-per-una-serie-darticles-sobre-la-reproduccio-assistida-a-europa\/"},"modified":"2022-06-21T09:59:19","modified_gmt":"2022-06-21T08:59:19","slug":"la-il%c2%b7licitana-eva-belmonte-i-el-seu-equip-de-la-fundacio-civio-salcen-amb-el-ii-premi-vicente-verdu-de-periodisme-per-una-serie-darticles-sobre-la-reproduccio-assistida-a-europa","status":"publish","type":"post","link":"https:\/\/www.elche.es\/va\/2022\/06\/la-il%c2%b7licitana-eva-belmonte-i-el-seu-equip-de-la-fundacio-civio-salcen-amb-el-ii-premi-vicente-verdu-de-periodisme-per-una-serie-darticles-sobre-la-reproduccio-assistida-a-europa\/","title":{"rendered":"La il\u00b7licitana Eva Belmonte i el seu equip de la Fundaci\u00f3 Civio s&#8217;alcen amb el II Premi Vicente Verd\u00fa de Periodisme per una s\u00e8rie d&#8217;articles sobre la reproducci\u00f3 assistida a Europa."},"content":{"rendered":"<div class=\"wpb-content-wrapper\"><p>[vc_row el_id=&#8221;SUBTITULAR_NOTICIA&#8221;][vc_column][vc_column_text]<\/p>\n<hr \/>\n<h4>L&#8217;edil de Cultura, Marga Ant\u00f3n, acompanyada per la presidenta de l&#8217;AIE, Mar\u00eda Teresa Bol\u00edvar, i pel president del jurat, Mario Tasc\u00f3n, felicita la codirectora de civio.es i el seu equip de periodistes, en una segona edici\u00f3 que compta amb dos acc\u00e8ssits i huit finalistes i que ha registrat un increment de la participaci\u00f3<\/h4>\n<hr \/>\n<p>[\/vc_column_text][\/vc_column][\/vc_row][vc_row el_id=&#8221;TEXTO_NOTICIA&#8221;][vc_column][vc_column_text]La il\u00b7licitana <strong>Eva Belmonte i el seu equip de la Fundaci\u00f3 Civio s&#8217;han al\u00e7at amb el II Premi Vicente Verd\u00fa de Periodisme i Innovaci\u00f3<\/strong> per una s\u00e8rie de tres articles sobre la reproducci\u00f3 assistida a Europa. El Sal\u00f3 de Plens de l&#8217;Ajuntament d&#8217;Elx ha acollit la cerim\u00f2nia de lliurament d&#8217;un certamen impulsat per l&#8217;Associaci\u00f3 d&#8217;Informadors d&#8217;Elx (AIE) en col\u00b7laboraci\u00f3 amb el M\u00e0ster Universitari d&#8217;Innovaci\u00f3 en Periodisme (MIP) de la Universitat Miguel Hern\u00e1ndez (UMH) i el <strong>Govern Municipal<\/strong>, aquest \u00faltim que, igual que en la primera edici\u00f3, c<strong>ontribueix amb els 6.000 euros del premi<\/strong>.<\/p>\n<p>El jurat ha guardonat la s\u00e8rie de <strong>peces period\u00edstiques sobre la reproducci\u00f3 assistida i el turisme reproductiu al continent europeu, publicades en civio.es al novembre de 2021<\/strong>, per la seua innovaci\u00f3 en el desenvolupament d&#8217;un tema que explica una realitat social rellevant i traslladar la informaci\u00f3 de manera personalitzada. A m\u00e9s, en la decisi\u00f3 feta p\u00fablica el passat 31 de maig es va destacar que el treball de la codirectora de Civio i dels seus companys posseeix \u201coriginalitat i utilitat de la funci\u00f3 interactiva que aconsegueix un gran impacte per a atraure i explicar la informaci\u00f3\u201d.[\/vc_column_text][\/vc_column][\/vc_row][vc_row type=&#8221;flexslider_slide&#8221; interval=&#8221;5&#8243; source=&#8221;media_library&#8221; images=&#8221;&#8221; img_size=&#8221;full&#8221; external_img_size=&#8221;&#8221; onclick=&#8221;link_image&#8221; custom_links_target=&#8221;_self&#8221; el_class=&#8221;galerianoticia&#8221; title=&#8221;&#8221; custom_srcs=&#8221;&#8221; custom_links=&#8221;&#8221;][vc_column][vc_gallery type=&#8221;flexslider_slide&#8221; interval=&#8221;5&#8243; images=&#8221;201963,201961,201959&#8243; img_size=&#8221;full&#8221; el_class=&#8221;galerianoticia&#8221;][\/vc_column][\/vc_row][vc_row][vc_column][vc_column_text]La <strong>regidora de Cultura, Marga Ant\u00f3n<\/strong>, acompanyada de la presidenta de la IAE, Mar\u00eda Teresa Bol\u00edvar, del president del jurat, Mario Tasc\u00f3n, del director del M\u00e0ster d&#8217;Innovaci\u00f3 en Periodisme de la UMH, Miguel Carvajal, de membres de l&#8217;Equip de Govern i de la Corporaci\u00f3 Municipal, a m\u00e9s de familiars de Vicente Verd\u00fa, ha lliurat el premi a Belmonte. <strong>\u201cFelicitar l&#8217;equip de periodistes encap\u00e7alats per Eva\u201d<\/strong>, ha manifestat la responsable municipal.<\/p>\n<p>\u201cEs diu que mai s&#8217;\u00e9s profeta en la pr\u00f2pia terra, per\u00f2 en aquest cas, la periodista il\u00b7licitana demostra el talent que tenim al municipi, en qualsevol \u00e0mbit, sent per a mi un plaer entregar aquesta distinci\u00f3\u201d, ha continuat Ant\u00f3n, que <strong>ha lloat la notable carrera de Belmonte i el seu excel\u00b7lent treball i l\u2019ha animada a continuar. \u201cEncara que ara no estigues a casa, per\u00f2 s\u00ed que representes Elx a Madrid<\/strong>\u201d, ha recordat l&#8217;edil, que ha agra\u00eft als membres del jurat la seua labor.<\/p>\n<p>La periodista il\u00b7licitana, despr\u00e9s de donar les gr\u00e0cies a les entitats que intervenen en l&#8217;organitzaci\u00f3 del premi, i assegurar que rebre aquest li fa \u201cespecial il\u00b7lusi\u00f3 per jugar a casa\u201d, ha explicat que el treball pel qual Civio ha sigut reconegut <strong>parla \u201csobre la desigualtat i injust\u00edcia brutal de l&#8217;acc\u00e9s a aquest quasi dret b\u00e0sic que \u00e9s la reproducci\u00f3 assistida<\/strong>\u201d. I que all\u00f2 veritablement innovador d\u2019aquest \u00e9s la col\u00b7laboraci\u00f3, cosa que no \u00e9s tan habitual en els mitjans tradicionals, ha afirmat. \u201cEn aquest projecte hem col\u00b7laborat amb un munt de redaccions de tota Europa i que hem fet un equip molt xicotet de deu persones\u201d, ha postil\u00b7lat.[\/vc_column_text][\/vc_column][\/vc_row][vc_row el_id=&#8221;DESTACADO_NOTICIA&#8221;][vc_column][vc_column_text el_class=&#8221;cuadronoticia&#8221;]<\/p>\n<h5>Belmonte explica que el treball guardonat parla \u201csobre la desigualtat i injust\u00edcia brutal de l&#8217;acc\u00e9s a aquest quasi dret b\u00e0sic que \u00e9s la reproducci\u00f3 assistida\u201d, i que el veritablement innovador d\u2019aquest \u00e9s la col\u00b7laboraci\u00f3, cosa que no \u00e9s tan habitual en els mitjans tradicionals, afirma<\/h5>\n<p>[\/vc_column_text][\/vc_column][\/vc_row][vc_row el_id=&#8221;TEXTO_FIN_NOTICIA&#8221;][vc_column][vc_column_text]La presidenta de l&#8217;AIE, que<strong> ha donat les gr\u00e0cies a l&#8217;Ajuntament i a la UMH per \u201cfer realitat aquest premi\u201d, i ha assenyalat que el jurat ha valorat la innovaci\u00f3 en el desenvolupament d&#8217;un tema que explica una problem\u00e0tica social rellevant<\/strong> i trasllada la informaci\u00f3 de manera personalitzada. Destaquen l&#8217;originalitat i la utilitat de la funci\u00f3 interactiva que aconsegueix un gran impacte per a atraure i explicar la informaci\u00f3. Aix\u00ed mateix, que el treball es recolze en una investigaci\u00f3 profunda, que compleix una funci\u00f3 de servei p\u00fablic en denunciar la discriminaci\u00f3 de diversos col\u00b7lectius a l&#8217;acc\u00e9s a determinats serveis sanitaris.<\/p>\n<p>Aquest premi, ha prosseguit Bol\u00edvar, \u201cconjumina el reconeixement al periodisme de qualitat, indissociable de la innovaci\u00f3 en els continguts i en els formats, i el reconeixement a la figura de l&#8217;il\u00b7lustre il\u00b7licit\u00e0 Vicente Verd\u00fa, m\u00e0xim exponent i precursor d&#8217;aquest nou model d&#8217;informaci\u00f3\u201d. En eixe sentit, la presidenta dels informadors il\u00b7licitans ha tingut emotives paraules cap al periodista, escriptor i pintor Fill Predilecte d&#8217;Elx. <strong>\u201cHa sigut el germen d&#8217;un renovat model de comunicaci\u00f3 i la inspiraci\u00f3 del nostre Premi Vicente Verd\u00fa de Periodisme i Innovaci\u00f3\u201d<\/strong>, ha expressat.<\/p>\n<h5>Un guard\u00f3 que es consolida<\/h5>\n<p>En aquest segon premi han concorregut 11 treballs m\u00e9s que en la passada edici\u00f3. \u00c9s a dir, <strong>en 2021 van participar 21 treballs, mentre en 2022 ho han fet 32.<\/strong> El jurat, l&#8217;acta del qual ha llegit Bol\u00edvar, interpreta que aquesta xifra i la qualitat de les seues propostes com \u201cla consolidaci\u00f3 d&#8217;aquesta iniciativa i la seua repercussi\u00f3 professional\u201d. Tamb\u00e9 ha subratllat la pres\u00e8ncia cada vegada m\u00e9s significativa de mitjans locals i nadius digitals, \u201ctan capa\u00e7os d&#8217;innovar com les organitzacions amb m\u00e9s recursos\u201d.<\/p>\n<p>Per part seua, el responsable del jurat, Mario Tasc\u00f3n, expresident de la Fundeu i actual president de la consultora Prodigioso Volc\u00e1n, ha assenyalat que la tasca del jurat ha sigut \u201ccomplexa\u201d donada \u201cla quantitat de treballs presentats\u201d. <strong>\u201cEl periodisme nom\u00e9s sobreviur\u00e0 amb innovaci\u00f3, intentant adaptar-se a aquesta nova societat que estem creant entre tots i en la qual vivim\u201d<\/strong>, ha dit.<\/p>\n<h5>Acc\u00e8ssits<\/h5>\n<p>A m\u00e9s del premi principal de 6.000 euros, s&#8217;han entregat <strong>dos acc\u00e8ssits de 500 euros cadascun<\/strong>: a una s\u00e8rie d&#8217;articles sobre la tipologia, edat i evoluci\u00f3 de l&#8217;edificaci\u00f3 a les ciutats espanyoles\u2019, de <strong>Ra\u00fal S\u00e1nchez i Anal\u00eda Plaza (elDiario.es)<\/strong> i a la pe\u00e7a \u2018Espa\u00f1a intensiva: as\u00ed ha cambiado el campo a fuerza de PAC y mercado\u2019, d&#8217;<strong>Ana Tudela i Antonio Delgado (Datadista)<\/strong>. Ambd\u00f3s han sigut arreplegats per la vocal de l&#8217;AIE, Genoveva Mart\u00edn, i pel director del M\u00e0ster d&#8217;Innovaci\u00f3 en Periodisme, Miguel Carvajal, respectivament.<\/p>\n<h5>Treballs finalistes<\/h5>\n<p>En total, han sigut huit els treballs finalistes en aquesta edici\u00f3: \u2018La precariedad en el mercado laboral espa\u00f1ol: las brechas de desempleo y la cultura de la temporalidad\u2019, de <strong>Victoria Oliveres i altres (elDiario.es)<\/strong>; \u00a0\u2018Cobertura informativa de la erupci\u00f3n volc\u00e1nica en la isla de La Palma\u2019, de <strong>Paula Guisado i altres (RTVE)<\/strong>; \u00a0\u2018Especial: 20 a\u00f1os del 11-S\u2019, de Virginia Hern\u00e1ndez i altres (El Mundo); \u2018Un punto caliente bajo Canarias alimenta el volc\u00e1n de La Palma y crear\u00e1 nuevas islas\u2019, de <strong>Mariano Zafra \u2013guanyador del I Vicente Verd\u00fa\u2013 i Nu\u00f1o Dom\u00ednguez (El Pa\u00eds)<\/strong>.<\/p>\n<p>\u2018Paro, pol\u00edticos, pandemia: c\u00f3mo cambian las preocupaciones de los espa\u00f1oles en los \u00faltimos veinte a\u00f1os&#8217;, d&#8217;<strong>Ana Ordaz (elDiario.es)<\/strong>; \u2018Erasmus a dos velocidades\u2019, de\u00a0<strong>Mar\u00eda Zuil i altres (El Confidencial)<\/strong>; \u2018\u00bfSe puede escuchar una pandemia? As\u00ed suenan las olas de covid dentro de las UCI\u2019, de<strong> Sara I. Belled i altres (Colpisa\/El Correo);<\/strong>\u00a0\u2018El Mundo en las nuevas plataformas\u2019, de\u00a0<strong>Guacimara Castrillo (El Mundo)<\/strong>.<\/p>\n<p>[\/vc_column_text][\/vc_column][\/vc_row][vc_row][vc_column width=&#8221;1\/6&#8243;][\/vc_column][vc_column width=&#8221;2\/3&#8243;]<audio class=\"sc_audio\" src=\"https:\/\/soundcloud.com\/ayuntamiento-de-elche\/eva-belmonte-y-su-equipo-de-la-fundacion-civio-se-alzan-con-el-ii-premio-vicente-verdu-de-periodismo?utm_source=clipboard&#038;utm_medium=text&#038;utm_campaign=social_sharing\" width=\"\" height=\"\"><\/audio>[\/vc_column][vc_column width=&#8221;1\/6&#8243;][\/vc_column][\/vc_row]<\/p>\n<\/div>","protected":false},"excerpt":{"rendered":"<p>[vc_row el_id=&#8221;SUBTITULAR_NOTICIA&#8221;][vc_column][vc_column_text] L&#8217;edil de Cultura, Marga Ant\u00f3n, acompanyada per la presidenta de l&#8217;AIE, Mar\u00eda Teresa Bol\u00edvar, i pel president del jurat, Mario Tasc\u00f3n, felicita la codirectora de civio.es i el [&hellip;]<\/p>\n","protected":false},"author":131,"featured_media":201966,"comment_status":"closed","ping_status":"closed","sticky":false,"template":"","format":"standard","meta":{"footnotes":""},"categories":[193,391,1312],"tags":[],"class_list":["post-201979","post","type-post","status-publish","format-standard","has-post-thumbnail","hentry","category-cultura-va","category-home-va","category-noticias-va"],"_links":{"self":[{"href":"https:\/\/www.elche.es\/va\/wp-json\/wp\/v2\/posts\/201979","targetHints":{"allow":["GET"]}}],"collection":[{"href":"https:\/\/www.elche.es\/va\/wp-json\/wp\/v2\/posts"}],"about":[{"href":"https:\/\/www.elche.es\/va\/wp-json\/wp\/v2\/types\/post"}],"author":[{"embeddable":true,"href":"https:\/\/www.elche.es\/va\/wp-json\/wp\/v2\/users\/131"}],"replies":[{"embeddable":true,"href":"https:\/\/www.elche.es\/va\/wp-json\/wp\/v2\/comments?post=201979"}],"version-history":[{"count":0,"href":"https:\/\/www.elche.es\/va\/wp-json\/wp\/v2\/posts\/201979\/revisions"}],"wp:featuredmedia":[{"embeddable":true,"href":"https:\/\/www.elche.es\/va\/wp-json\/wp\/v2\/media\/201966"}],"wp:attachment":[{"href":"https:\/\/www.elche.es\/va\/wp-json\/wp\/v2\/media?parent=201979"}],"wp:term":[{"taxonomy":"category","embeddable":true,"href":"https:\/\/www.elche.es\/va\/wp-json\/wp\/v2\/categories?post=201979"},{"taxonomy":"post_tag","embeddable":true,"href":"https:\/\/www.elche.es\/va\/wp-json\/wp\/v2\/tags?post=201979"}],"curies":[{"name":"wp","href":"https:\/\/api.w.org\/{rel}","templated":true}]}}