{"id":202171,"date":"2022-06-21T14:07:13","date_gmt":"2022-06-21T13:07:13","guid":{"rendered":"https:\/\/www.elche.es\/2022\/06\/cultura-i-photoespana-impulsen-tres-exposicions-a-elx-en-el-xxv-aniversari-del-prestigios-festival-fotografic\/"},"modified":"2022-06-21T14:07:14","modified_gmt":"2022-06-21T13:07:14","slug":"cultura-i-photoespana-impulsen-tres-exposicions-a-elx-en-el-xxv-aniversari-del-prestigios-festival-fotografic","status":"publish","type":"post","link":"https:\/\/www.elche.es\/va\/2022\/06\/cultura-i-photoespana-impulsen-tres-exposicions-a-elx-en-el-xxv-aniversari-del-prestigios-festival-fotografic\/","title":{"rendered":"Cultura i PHotoESPA\u00d1A impulsen tres exposicions a Elx en el XXV aniversari del prestigi\u00f3s festival fotogr\u00e0fic"},"content":{"rendered":"<div class=\"wpb-content-wrapper\"><p>[vc_row el_id=&#8221;SUBTITULAR_NOTICIA&#8221;][vc_column][vc_column_text]<\/p>\n<hr \/>\n<h4>L&#8217;edil Marga Ant\u00f3n acompanyada per la directora del festival, Claude Bussac, de la seua coordinadora general, Mar\u00eda Pall\u00e1s, i de membres de l&#8217;Equip de Govern, inaugura la mostra de retrats d&#8217;Alberto Schommer sobre rostres de la cultura espanyola del segle XX a la Llotja Medieval<\/h4>\n<hr \/>\n<p>[\/vc_column_text][\/vc_column][\/vc_row][vc_row el_id=&#8221;TEXTO_NOTICIA&#8221;][vc_column][vc_column_text]L&#8217;art de la imatge est\u00e0tica arriba a Elx de la m\u00e0 de PHotoESPA\u00d1A 2022. El prestigi\u00f3s festival internacional de fotografia, que <strong>compleix vint-i-cinc anys, impulsa juntament amb la Regidoria de Cultura de l&#8217;Ajuntament d&#8217;Elx tres exposicions amb m\u00e9s d&#8217;un centenar d&#8217;instant\u00e0nies<\/strong> en total repartides entre la Llotja Medieval, l&#8217;Ordre Tercer i el Centre de Congressos.<\/p>\n<p>L&#8217;edil de Cultura, Margan Ant\u00f3n, acompanyada per la directora de l&#8217;esdeveniment, Claude Bussac, i per la seua coordinadora general, Mar\u00eda Pall\u00e1s, membres de l&#8217;Equip de Govern i personalitats de la societat i la cultura il\u00b7licitana, ha presidit la inauguraci\u00f3 de \u2018Contempor\u00e1neos\u2019, mostra monogr\u00e0fica del mestre i innovador del llenguatge fotogr\u00e0fic Alberto Schommer, que <strong>romandr\u00e0 oberta a la Llotja Medieval fins a l&#8217;11 de setembre. Una \u00e0mplia selecci\u00f3 de 78 retrats d&#8217;homes i dones de la cultura espanyola a manera de cr\u00f2nica del segle XX<\/strong> a partir de rostres de la pintura, del cinema, de la literatura, de la m\u00fasica, del teatre o de la dansa, entre altres disciplines.[\/vc_column_text][\/vc_column][\/vc_row][vc_row type=&#8221;flexslider_slide&#8221; interval=&#8221;5&#8243; source=&#8221;media_library&#8221; images=&#8221;&#8221; img_size=&#8221;full&#8221; external_img_size=&#8221;&#8221; onclick=&#8221;link_image&#8221; custom_links_target=&#8221;_self&#8221; el_class=&#8221;galerianoticia&#8221; title=&#8221;&#8221; custom_srcs=&#8221;&#8221; custom_links=&#8221;&#8221;][vc_column][vc_gallery type=&#8221;flexslider_slide&#8221; interval=&#8221;5&#8243; images=&#8221;202147,202145,202143&#8243; img_size=&#8221;full&#8221; el_class=&#8221;galerianoticia&#8221;][\/vc_column][\/vc_row][vc_row][vc_column][vc_column_text]Per la seua part, <strong>l&#8217;Ordre Tercer acollir\u00e0, del 5 al 29 de juliol, 16 imatges de gran format en \u2018La flora mediterr\u00e1nea en la obra de Pilar Peque\u00f1o\u2019<\/strong>, una mostra patrocinada per Casa Mediterrani que arreplega obres de la s\u00e8rie \u2018Naturalezas muertas\u2019 per la qual l&#8217;artista va rebre el Premi Bartolom\u00e9 Ros de PHotoESPA\u00d1A en 2019.<strong> I del 14 de juliol a l&#8217;11 de setembre, altres 16 imatges s&#8217;exhibiran al Centre de Congressos en el marc d\u2019 \u2018\u2018Enfoca al coraz\u00f3n para cambiar el mundo. Primera Edici\u00f3n Premio Internacional de Fotograf\u00eda Esperanza Pertusa\u2019 <\/strong>d&#8217;aquesta fundaci\u00f3 i secundat igualment per la Regidoria; un certamen en el qual van participar m\u00e9s de seixanta artistes de tot el m\u00f3n i al qual es van presentar un total de 182 fotos sobre pobresa i exclusi\u00f3 social amb un enfocament directe al cor.<\/p>\n<p>Ant\u00f3n ha agra\u00eft la seua col\u00b7laboraci\u00f3 a PHotoESPA\u00d1A, a m\u00e9s de Casa Mediterrani i la Fundaci\u00f3 Esperanza Pertusa, per fer possible aquesta iniciativa. Despr\u00e9s de recordar que no \u00e9s la primera vegada que la Regidoria i el festival col\u00b7laboren estretament, perqu\u00e8 ho van fer amb <strong>l&#8217;exposici\u00f3 \u2018Desde mi balc\u00f3n\u2019 despr\u00e9s del confinament, cita que va omplir els carrers i fa\u00e7anes<\/strong> del centre i de les pedanies d&#8217;imatges, ha manifestat que \u201ces tracta de tindre totes les nostres sales amb exposicions de diferents tem\u00e0tiques, i aix\u00ed que la ciutadania puga triar entre l&#8217;una i l&#8217;altra en funci\u00f3 de les seues prefer\u00e8ncies.[\/vc_column_text][\/vc_column][\/vc_row][vc_row el_id=&#8221;DESTACADO_NOTICIA&#8221;][vc_column][vc_column_text el_class=&#8221;cuadronoticia&#8221;]<\/p>\n<h5>Dins de la iniciativa, el dia 5 de juliol obrir\u00e0 a l&#8217;Ordre Tercer una exposici\u00f3 de la guardonada Pilar Peque\u00f1o sobre flora mediterr\u00e0nia, mentre que el 14 ho far\u00e0 al Centre de Congressos \u2018Enfoca al coraz\u00f3n para cambiar el mundo\u2019, amb treballs del I Premi Internacional de Fotografia Esperanza Pertusa<\/h5>\n<p>[\/vc_column_text][\/vc_column][\/vc_row][vc_row el_id=&#8221;TEXTO_FIN_NOTICIA&#8221;][vc_column][vc_column_text]Per part seua, la directora de PHotoESPA\u00d1A, que ha parlat sobre els treballs fotogr\u00e0fics de Schommer i de les tres exposicions en les quals col\u00b7labora a Elx, ha assenyalat que, encara que l&#8217;esdeveniment va n\u00e0ixer a Madrid en 1998,<strong> \u201ct\u00e9 seus i intentem que cadascuna tinga l&#8217;ess\u00e8ncia del que \u00e9s el festival\u201d<\/strong>, amb una programaci\u00f3 amb fotos que \u201ctenen la capacitat de connectar amb la gent\u201d.<\/p>\n<hr \/>\n<p>&nbsp;<\/p>\n<p>[\/vc_column_text][\/vc_column][\/vc_row][vc_row][vc_column width=&#8221;1\/6&#8243;][\/vc_column][vc_column width=&#8221;2\/3&#8243;]<audio class=\"sc_audio\" src=\"https:\/\/soundcloud.com\/ayuntamiento-de-elche\/elche-y-photoespana-presentan-tres-festivales-en-elche?utm_source=clipboard&#038;utm_medium=text&#038;utm_campaign=social_sharing\" width=\"\" height=\"\"><\/audio>[\/vc_column][vc_column width=&#8221;1\/6&#8243;][\/vc_column][\/vc_row]<\/p>\n<\/div>","protected":false},"excerpt":{"rendered":"<p>[vc_row el_id=&#8221;SUBTITULAR_NOTICIA&#8221;][vc_column][vc_column_text] L&#8217;edil Marga Ant\u00f3n acompanyada per la directora del festival, Claude Bussac, de la seua coordinadora general, Mar\u00eda Pall\u00e1s, i de membres de l&#8217;Equip de Govern, inaugura la mostra [&hellip;]<\/p>\n","protected":false},"author":131,"featured_media":202150,"comment_status":"closed","ping_status":"closed","sticky":false,"template":"","format":"standard","meta":{"footnotes":""},"categories":[193,391,1312],"tags":[],"class_list":["post-202171","post","type-post","status-publish","format-standard","has-post-thumbnail","hentry","category-cultura-va","category-home-va","category-noticias-va"],"_links":{"self":[{"href":"https:\/\/www.elche.es\/va\/wp-json\/wp\/v2\/posts\/202171","targetHints":{"allow":["GET"]}}],"collection":[{"href":"https:\/\/www.elche.es\/va\/wp-json\/wp\/v2\/posts"}],"about":[{"href":"https:\/\/www.elche.es\/va\/wp-json\/wp\/v2\/types\/post"}],"author":[{"embeddable":true,"href":"https:\/\/www.elche.es\/va\/wp-json\/wp\/v2\/users\/131"}],"replies":[{"embeddable":true,"href":"https:\/\/www.elche.es\/va\/wp-json\/wp\/v2\/comments?post=202171"}],"version-history":[{"count":0,"href":"https:\/\/www.elche.es\/va\/wp-json\/wp\/v2\/posts\/202171\/revisions"}],"wp:featuredmedia":[{"embeddable":true,"href":"https:\/\/www.elche.es\/va\/wp-json\/wp\/v2\/media\/202150"}],"wp:attachment":[{"href":"https:\/\/www.elche.es\/va\/wp-json\/wp\/v2\/media?parent=202171"}],"wp:term":[{"taxonomy":"category","embeddable":true,"href":"https:\/\/www.elche.es\/va\/wp-json\/wp\/v2\/categories?post=202171"},{"taxonomy":"post_tag","embeddable":true,"href":"https:\/\/www.elche.es\/va\/wp-json\/wp\/v2\/tags?post=202171"}],"curies":[{"name":"wp","href":"https:\/\/api.w.org\/{rel}","templated":true}]}}