{"id":202392,"date":"2022-06-22T15:18:23","date_gmt":"2022-06-22T14:18:23","guid":{"rendered":"https:\/\/www.elche.es\/2022\/06\/el-nou-pla-daparcament-de-lajuntament-creara-3-700-places-1-000-de-les-quals-estaran-enllestides-en-12-mesos\/"},"modified":"2022-06-22T15:27:48","modified_gmt":"2022-06-22T14:27:48","slug":"el-nou-pla-daparcament-de-lajuntament-creara-3-700-places-1-000-de-les-quals-estaran-enllestides-en-12-mesos","status":"publish","type":"post","link":"https:\/\/www.elche.es\/va\/2022\/06\/el-nou-pla-daparcament-de-lajuntament-creara-3-700-places-1-000-de-les-quals-estaran-enllestides-en-12-mesos\/","title":{"rendered":"El nou pla d&#8217;aparcament de l&#8217;Ajuntament crear\u00e0 3.700 places, 1.000 de les quals estaran enllestides en 12 mesos"},"content":{"rendered":"<div class=\"wpb-content-wrapper\"><p>[vc_row el_id=&#8221;SUBTITULAR_NOTICIA&#8221;][vc_column][vc_column_text]<\/p>\n<hr \/>\n<h4>Els edils H\u00e9ctor D\u00edez i Esther D\u00edez informen que seran gratu\u00eftes i en superf\u00edcie, i que es generaran en solars de propietat municipal en des\u00fas i transformant en bateria aparcaments en l\u00ednia<\/h4>\n<hr \/>\n<p>[\/vc_column_text][\/vc_column][\/vc_row][vc_row el_id=&#8221;TEXTO_NOTICIA&#8221;][vc_column][vc_column_text]El nou pla d&#8217;aparcament de l&#8217;Equip de Govern<strong> crear\u00e0 en tot el nucli urb\u00e0 3.700 places. En 12 mesos a comptar des de hui, es preveu tindre generats els 1.000 primers<\/strong> d&#8217;aquests estacionaments en superf\u00edcie gratu\u00efts usant solars de propietat municipal en des\u00fas i transformant en bateria aparcaments en l\u00ednia. Els regidors de Manteniment de l&#8217;Espai P\u00fablic i de Mobilitat, H\u00e9ctor D\u00edez i Esther D\u00edez, han presentat un pla per als pr\u00f2xims anys.\u00a0 <strong>Les primeres \u00e0rees d&#8217;actuaci\u00f3 seran els carrers Josefina Manresa, Bigastre o Benij\u00f2far<\/strong> i, posteriorment, aquelles parcel\u00b7les Als per\u00edmetres dels barris \u201csegons les necessitats d&#8217;aquests\u201d, ha explicat H\u00e9ctor D\u00edez.<\/p>\n<p>Aquest pla d&#8217;aparcament, ha continuat, \u00e9s fruit del treball conjunt entre les Regidories de Manteniment de l&#8217;Espai P\u00fablic, de Mobilitat i d&#8217;Urbanisme, despr\u00e9s de \u201cconscienciosos estudis zona per zona\u201d per a determinar on era possible traure noves places mitjan\u00e7ant la reordenaci\u00f3 vi\u00e0ria o emprant aquells solars situats estrat\u00e8gicament, que s&#8217;adequaran amb el seu pavimentat i la instal\u00b7laci\u00f3 de senyalitzaci\u00f3 i il\u00b7luminaci\u00f3. En eixe sentit, l&#8217;edil ha subratllat l&#8217;experi\u00e8ncia de <strong>\u201crotund \u00e8xit\u201d que va suposar a finals de l&#8217;any passat condicionar el solar del carrer Roc\u00edo i crear 150 places que \u201ca la nit estan completament plenes\u201d<\/strong>, en un espai en el qual antany a penes estacionaven quinze vehicles.<\/p>\n<p>H\u00e9ctor D\u00edez ha recalcat que<strong> en els pr\u00f2xims mesos s&#8217;aniran adjudicant diferents contractes d&#8217;obres de manteniment del ferm<\/strong>, de l&#8217;espai p\u00fablic o de la senyalitzaci\u00f3 horitzontal, els quals s&#8217;empraran per a crear aquests aparcaments i el comprom\u00eds del Govern local \u00e9s que \u201cd&#8217;ac\u00ed a un any estiguen en marxa les 1.000 primeres places que, estem conven\u00e7uts, vindran molt b\u00e9 als diferents barris i que per descomptat ens permetran continuar avan\u00e7ant en el canvi de model que ens ha de portar a prioritzar l&#8217;espai p\u00fablic i apostar per nous models de mobilitat\u201d, ha manifestat H\u00e9ctor D\u00edez.[\/vc_column_text][\/vc_column][\/vc_row][vc_row source=&#8221;media_library&#8221; image=&#8221;&#8221; img_size=&#8221;full&#8221; external_img_size=&#8221;&#8221; add_caption=&#8221;&#8221; alignment=&#8221;left&#8221; style=&#8221;&#8221; external_style=&#8221;&#8221; border_color=&#8221;grey&#8221; external_border_color=&#8221;grey&#8221; onclick=&#8221;link_image&#8221; img_link_target=&#8221;_self&#8221; el_class=&#8221;fotounicanoticia&#8221; title=&#8221;&#8221; custom_src=&#8221;&#8221; caption=&#8221;&#8221; link=&#8221;&#8221; img_link_large=&#8221;&#8221;][vc_column][vc_single_image image=&#8221;202292&#8243; img_size=&#8221;full&#8221; onclick=&#8221;link_image&#8221; el_class=&#8221;fotounicanoticia&#8221;][\/vc_column][\/vc_row][vc_row][vc_column][vc_column_text]<\/p>\n<p data-insuit-uuid=\"a4496df9-77ef-46e3-b18d-d9b4f336330c\">L\u2019edil de Mobilitat i de Medi Ambient ha valorat aquest pla com<strong> \u201cel m\u00e9s racional, responsable i que obeeix a un model de municipi verd que aquest Govern Municipal defensa\u201d<\/strong>, caracter\u00edstic de les \u201cciutats verdes en les quals els barris deixen de pensar-se exclusivament per als vehicles i passen a entendre\u2019s com a espais accessibles, de socialitzaci\u00f3 i de vida\u201d. I aquestes places gratu\u00eftes, ha indicat, a m\u00e9s de <strong>\u201cpermetre guanyar en zones per als vianants, en vies que puguem destinar al transport p\u00fablic i a l\u2019alternatiu, i en espais de qualitat\u201d<\/strong>, amplien amb escreix l\u2019oferta existent en aquests moments en cadascun dels barris d\u2019Elx.<\/p>\n<p data-insuit-uuid=\"029aafe0-bcc7-4da5-907b-6f7923653980\">De fet, Esther D\u00edez ha assenyalat que compensen les suprimides als carrers ja transformats en els \u00faltims anys. \u201cBasta veure el resultat de com s\u2019han modernitzat aquestes vies i quant han guanyat els seus ve\u00efns i ve\u00efnes per a veure all\u00f2 positiu d\u2019aquestes actuacions\u201d. I que <strong>el pla amb els aparcaments estar\u00e0 disponible en la web municipal per a oferir als il\u00b7licitans i visitants dades sobre alternatives sostenibles<\/strong> com ara autobusos urbans, estacions de BiciElx o el mapa Metre Minut amb itineraris per als vianants.<\/p>\n<p data-insuit-uuid=\"84a683cd-6619-491c-b51e-7b47c0776d16\">Aquestes transformacions d\u2019espais p\u00fablics s\u2019emmarquen en els <strong>Objectius de Desenvolupament Sostenible (ODS) de l\u2019Agenda 2030 de l\u2019ONU i en l\u2019estrat\u00e8gia Elx2030<\/strong>. Algunes intervencions concretes sobre aquest tema s\u00f3n la conversi\u00f3 en zona de vianants d\u2019eixos com la Corredora o la Pla\u00e7a de Baix, i que s\u2019est\u00e0 estenent als barris com en el cas del carrer Olegari Domarco Seller, o els carrils bici com els actualment en obres de Pere Joan Perpiny\u00e0 o l\u2019avinguda d\u2019Alacant.<\/p>\n<h5><strong data-insuit-uuid=\"c87fcd44-85c6-42ad-ae86-8236fb479913\">P\u00e0rquings en centres de treball i zones densament poblades<\/strong><\/h5>\n<p data-insuit-uuid=\"b9ceed2e-7418-49ae-872e-565d6fd86431\">Esther D\u00edez ha recalcat que actualment al nucli urb\u00e0 <strong>existeixen 40.000 places d\u2019aparcament en superf\u00edcie, de les quals el 90% s\u00f3n gratu\u00eftes<\/strong>, un indicador que est\u00e0 molt per damunt d\u2019altres localitats espanyoles amb una grand\u00e0ria similar a Elx.<\/p>\n<p>[\/vc_column_text][\/vc_column][\/vc_row][vc_row el_id=&#8221;DESTACADO_NOTICIA&#8221;][vc_column][vc_column_text el_class=&#8221;cuadronoticia&#8221;]<\/p>\n<h5>En els \u00faltims anys, l&#8217;Equip de Govern ja ha creat 1.000 places en centres de treball i en zones del nucli urb\u00e0 densament poblades, seguint la mateixa estrat\u00e8gia del pla presentat aquest dimarts<\/h5>\n<p>[\/vc_column_text][\/vc_column][\/vc_row][vc_row el_id=&#8221;TEXTO_FIN_NOTICIA&#8221;][vc_column][vc_column_text]<\/p>\n<p data-insuit-uuid=\"85e47570-0f3b-4cea-9362-d5a9e4bceeff\">En els \u00faltims anys, ha recordat H\u00e9ctor D\u00edez,<strong> ja s&#8217;han creat 1.000 places seguint la mateixa estrat\u00e8gia del pla<\/strong> presentat aquest dimarts. En concret, en centres de treball com el pol\u00edgon industrial de Carr\u00fas o Elx Parc Empresarial, i en zones de la ciutat \u201cdensament poblades i que segueixen unes certes din\u00e0miques di\u00e0ries\u201d, com <strong>a l&#8217;entorn de l&#8217;Hospital del Vinalop\u00f3, els poliesportius de Carr\u00fas o del Toscar<\/strong>, o altres \u00e0rees amb elevada activitat comercial i de serveis en les quals els aparcaments es feien necessaris.<\/p>\n<p><strong>Servei especial de la l\u00ednia 1B per a la nit de Sant Joan<\/strong><\/p>\n<p><strong>La l\u00ednia 1B d&#8217;autob\u00fas que connecta Elx i els Arenals del Sol es refor\u00e7a per a la nit de Sant Joan<\/strong>. Esther D\u00edez ha informat que els horaris d&#8217;aquest recorregut es reforcen amb la finalitat que la ciutadania compte amb una alternativa de transport sostenible per a acostar-se a la platja el dijous i el divendres 24 de juny.<\/p>\n<p>A les eixides a la vesprada des d&#8217;Elx, que <strong>en dies laborables s\u00f3n a les 17.55, 18.55, 19.55 i 20.55, se li suma dem\u00e0 una altra freq\u00fc\u00e8ncia a les 22.00 hores. I els autobusos partiran des dels Arenals en la matinada del dijous al divendres a les 02.00, 03.00, 04.00, 05.00 i 06.00. A les 06.55 comen\u00e7ar\u00e0 el servei habitual<\/strong>, encara que a les nou del mat\u00ed s&#8217;agregar\u00e0 un altre servei especial amb el qual tornar al nucli urb\u00e0.<\/p>\n<hr \/>\n<p>[\/vc_column_text][\/vc_column][\/vc_row][vc_row][vc_column width=&#8221;1\/2&#8243;]<audio class=\"sc_audio\" src=\"https:\/\/soundcloud.com\/ayuntamiento-de-elche\/presentacion-dl-plan-de-aparcamiento-que-creara-3700-plazas?utm_source=clipboard&#038;utm_medium=text&#038;utm_campaign=social_sharing\" width=\"\" height=\"\"><\/audio>[\/vc_column][vc_column width=&#8221;1\/2&#8243;]<audio class=\"sc_audio\" src=\"https:\/\/soundcloud.com\/ayuntamiento-de-elche\/dispositivo-especial-de-autobuses-de-san-juan?utm_source=clipboard&#038;utm_medium=text&#038;utm_campaign=social_sharing\" width=\"\" height=\"\"><\/audio>[\/vc_column][\/vc_row]<\/p>\n<\/div>","protected":false},"excerpt":{"rendered":"<p>[vc_row el_id=&#8221;SUBTITULAR_NOTICIA&#8221;][vc_column][vc_column_text] Els edils H\u00e9ctor D\u00edez i Esther D\u00edez informen que seran gratu\u00eftes i en superf\u00edcie, i que es generaran en solars de propietat municipal en des\u00fas i transformant en [&hellip;]<\/p>\n","protected":false},"author":131,"featured_media":202295,"comment_status":"closed","ping_status":"closed","sticky":false,"template":"","format":"standard","meta":{"footnotes":""},"categories":[391,680,217,1312],"tags":[],"class_list":["post-202392","post","type-post","status-publish","format-standard","has-post-thumbnail","hentry","category-home-va","category-mantenimiento-va","category-mobilitat","category-noticias-va"],"_links":{"self":[{"href":"https:\/\/www.elche.es\/va\/wp-json\/wp\/v2\/posts\/202392","targetHints":{"allow":["GET"]}}],"collection":[{"href":"https:\/\/www.elche.es\/va\/wp-json\/wp\/v2\/posts"}],"about":[{"href":"https:\/\/www.elche.es\/va\/wp-json\/wp\/v2\/types\/post"}],"author":[{"embeddable":true,"href":"https:\/\/www.elche.es\/va\/wp-json\/wp\/v2\/users\/131"}],"replies":[{"embeddable":true,"href":"https:\/\/www.elche.es\/va\/wp-json\/wp\/v2\/comments?post=202392"}],"version-history":[{"count":0,"href":"https:\/\/www.elche.es\/va\/wp-json\/wp\/v2\/posts\/202392\/revisions"}],"wp:featuredmedia":[{"embeddable":true,"href":"https:\/\/www.elche.es\/va\/wp-json\/wp\/v2\/media\/202295"}],"wp:attachment":[{"href":"https:\/\/www.elche.es\/va\/wp-json\/wp\/v2\/media?parent=202392"}],"wp:term":[{"taxonomy":"category","embeddable":true,"href":"https:\/\/www.elche.es\/va\/wp-json\/wp\/v2\/categories?post=202392"},{"taxonomy":"post_tag","embeddable":true,"href":"https:\/\/www.elche.es\/va\/wp-json\/wp\/v2\/tags?post=202392"}],"curies":[{"name":"wp","href":"https:\/\/api.w.org\/{rel}","templated":true}]}}