{"id":202860,"date":"2022-06-27T10:07:03","date_gmt":"2022-06-27T09:07:03","guid":{"rendered":"https:\/\/www.elche.es\/2022\/06\/mes-de-24-000-llars-il%c2%b7licitanes-podran-beneficiar-se-de-les-noves-mesures-anticrisi-aprovades-pel-govern-despanya\/"},"modified":"2022-06-27T10:07:03","modified_gmt":"2022-06-27T09:07:03","slug":"mes-de-24-000-llars-il%c2%b7licitanes-podran-beneficiar-se-de-les-noves-mesures-anticrisi-aprovades-pel-govern-despanya","status":"publish","type":"post","link":"https:\/\/www.elche.es\/va\/2022\/06\/mes-de-24-000-llars-il%c2%b7licitanes-podran-beneficiar-se-de-les-noves-mesures-anticrisi-aprovades-pel-govern-despanya\/","title":{"rendered":"M\u00e9s de 24.000 llars il\u00b7licitanes podran beneficiar-se de les noves mesures anticrisi aprovades pel Govern d&#8217;Espanya"},"content":{"rendered":"<div class=\"wpb-content-wrapper\"><p>[vc_row el_id=&#8221;SUBTITULAR_NOTICIA&#8221;][vc_column][vc_column_text]<\/p>\n<hr \/>\n<h4>L&#8217;alcalde d&#8217;Elx, Carlos Gonz\u00e1lez, considera que el decret impulsat per l&#8217;Executiu \u201c\u00e9s un encert i ser\u00e0 \u00fatil per a contindre la inflaci\u00f3 i l&#8217;escalada de preus en la qual ens trobem immersos\u201d<\/h4>\n<hr \/>\n<p>[\/vc_column_text][\/vc_column][\/vc_row][vc_row el_id=&#8221;TEXTO_NOTICIA&#8221;][vc_column][vc_column_text]L&#8217;alcalde d&#8217;Elx, Carlos Gonz\u00e1lez, considera que les mesures recollides en el decret anticrisi del Govern d&#8217;Espanya suposaran un alleujament per a les fam\u00edlies il\u00b7licitanes a les quals m\u00e9s est\u00e0 afectant la inflaci\u00f3 provocada per la guerra d&#8217;Ucra\u00efna. Tal com ha explicat el regidor, s&#8217;estima que prop de 24.000 llars il\u00b7licitanes podran beneficiar-se d&#8217;aquestes ajudes que <strong>se sumen a les que l&#8217;Equip de Govern Local t\u00e9 en marxa, com \u00e9s el cas de les ajudes a l&#8217;energia dirigides a aut\u00f2noms i micropimes el termini de les quals encara continua obert<\/strong>.<\/p>\n<p>\u201cCrec que les mesures impulsades pel Govern d&#8217;Espanya s\u00f3n un encert i seran \u00fatils per a contindre l&#8217;escalada de la inflaci\u00f3 i l&#8217;escalada de preus en la qual ens trobem immersos\u201d, ha indicat l&#8217;alcalde. que ha recordat que<strong> el decret contempla 9.000 milions d&#8217;euros per a mesures extraordin\u00e0ries que sumades a les ja aprovades ascendeixen a 15.000 milions d&#8217;euros<\/strong>.<\/p>\n<p>Entre les mesures aprovades, Gonz\u00e1lez ha destacat el xec de 200 euros que <strong>beneficiar\u00e0 les fam\u00edlies amb ingressos inferiors a 14.000 euros anuals i amb un patrimoni de menys de 43.196 euros<\/strong>, descomptant el valor del seu habitatge habitual. \u201cAquesta ajuda ajudar\u00e0 a afrontar l&#8217;increment dels b\u00e9ns b\u00e0sics de consum, com \u00e9s el cas dels aliments\u201d, ha dit el regidor.<\/p>\n<p>A aix\u00f2 cal sumar <strong>l&#8217;augment del 15% de les pensions no contributives de jubilaci\u00f3 i invalidesa<\/strong>, aix\u00ed com de l&#8217;ingr\u00e9s m\u00ednim vital. Tamb\u00e9 la reducci\u00f3 del preu dels abonaments del transport.<\/p>\n<p>\u201cEspecialment interessant \u00e9s <strong>la baixada de l&#8217;IVA de l&#8217;electricitat del 10% al 5%<\/strong>, que beneficiar\u00e0 la pr\u00e0ctica totalitat de les llars, aut\u00f2noms i empreses espanyoles (27,7 milions), independentment de la mena de tarifa que tinguen contractada i la congelaci\u00f3 del preu de la bombona de but\u00e0 en 19,55 euros fins a final d&#8217;any.[\/vc_column_text][\/vc_column][\/vc_row][vc_row el_id=&#8221;DESTACADO_NOTICIA&#8221;][vc_column][vc_column_text el_class=&#8221;cuadronoticia&#8221;]<\/p>\n<h5>El regidor destaca que \u201cal marge d&#8217;aquestes noves mesures, vull animar els il\u00b7licitans i les il\u00b7licitanes a sol\u00b7licitar les ajudes municipals a l&#8217;energia dirigides a aut\u00f2noms i micropimes i per a les quals hi ha pressupostat prop d&#8217;un mili\u00f3 d&#8217;euros\u201d<\/h5>\n<p>[\/vc_column_text][\/vc_column][\/vc_row][vc_row el_id=&#8221;TEXTO_FIN_NOTICIA&#8221;][vc_column][vc_column_text]L&#8217;alcalde ha destacat que \u201cal marge d&#8217;aquestes noves mesures, <strong>vull animar els il\u00b7licitans i les il\u00b7licitanes a sol\u00b7licitar les ajudes a l&#8217;energia dirigides a aut\u00f2noms i micropimes<\/strong> i per a les quals hi ha pressupostat prop d&#8217;un mili\u00f3 d&#8217;euros\u201d.<\/p>\n<p>Segons ha explicat Carlos Gonz\u00e1lez,<strong> fins ara s&#8217;han rebut m\u00e9s de mig miler de sol\u00b7licituds<\/strong>.<\/p>\n<p>Els sol\u00b7licitants podran beneficiar-se de fins a 500 euros presentant factures de l&#8217;electricitat o del gas des de l&#8217;1 de gener d&#8217;enguany fins a la data actual. D&#8217;altra banda, <strong>les Ajudes COVID-19 Diputaci\u00f3 2022, gestionades tamb\u00e9 pel Consistori il\u00b7licit\u00e0, ascendeixen a 547.815 euros. De fins a 1.000 euros cadascuna, podran accedir a elles els aut\u00f2noms i les petites empreses<\/strong> que hagen tingut una mitjana mensual de facturaci\u00f3, entre l&#8217;1 de juliol de 2021 i el 30 de juny de 2022, igual o inferior al de tot l&#8217;any 2019.<\/p>\n<hr \/>\n<p>&nbsp;<\/p>\n<p>[\/vc_column_text][\/vc_column][\/vc_row][vc_row][vc_column width=&#8221;1\/6&#8243;][\/vc_column][vc_column width=&#8221;2\/3&#8243;]<audio class=\"sc_audio\" src=\"https:\/\/soundcloud.com\/ayuntamiento-de-elche\/mas-de-24000-hogares-ilicitanos-podran-beneficiarse-de-las-nuevas-medidas-anticrisis?utm_source=clipboard&#038;utm_medium=text&#038;utm_campaign=social_sharing\" width=\"\" height=\"\"><\/audio>[\/vc_column][vc_column width=&#8221;1\/6&#8243;][\/vc_column][\/vc_row]<\/p>\n<\/div>","protected":false},"excerpt":{"rendered":"<p>[vc_row el_id=&#8221;SUBTITULAR_NOTICIA&#8221;][vc_column][vc_column_text] L&#8217;alcalde d&#8217;Elx, Carlos Gonz\u00e1lez, considera que el decret impulsat per l&#8217;Executiu \u201c\u00e9s un encert i ser\u00e0 \u00fatil per a contindre la inflaci\u00f3 i l&#8217;escalada de preus en la [&hellip;]<\/p>\n","protected":false},"author":131,"featured_media":202864,"comment_status":"closed","ping_status":"closed","sticky":false,"template":"","format":"standard","meta":{"footnotes":""},"categories":[391,1312],"tags":[],"class_list":["post-202860","post","type-post","status-publish","format-standard","has-post-thumbnail","hentry","category-home-va","category-noticias-va"],"_links":{"self":[{"href":"https:\/\/www.elche.es\/va\/wp-json\/wp\/v2\/posts\/202860","targetHints":{"allow":["GET"]}}],"collection":[{"href":"https:\/\/www.elche.es\/va\/wp-json\/wp\/v2\/posts"}],"about":[{"href":"https:\/\/www.elche.es\/va\/wp-json\/wp\/v2\/types\/post"}],"author":[{"embeddable":true,"href":"https:\/\/www.elche.es\/va\/wp-json\/wp\/v2\/users\/131"}],"replies":[{"embeddable":true,"href":"https:\/\/www.elche.es\/va\/wp-json\/wp\/v2\/comments?post=202860"}],"version-history":[{"count":0,"href":"https:\/\/www.elche.es\/va\/wp-json\/wp\/v2\/posts\/202860\/revisions"}],"wp:featuredmedia":[{"embeddable":true,"href":"https:\/\/www.elche.es\/va\/wp-json\/wp\/v2\/media\/202864"}],"wp:attachment":[{"href":"https:\/\/www.elche.es\/va\/wp-json\/wp\/v2\/media?parent=202860"}],"wp:term":[{"taxonomy":"category","embeddable":true,"href":"https:\/\/www.elche.es\/va\/wp-json\/wp\/v2\/categories?post=202860"},{"taxonomy":"post_tag","embeddable":true,"href":"https:\/\/www.elche.es\/va\/wp-json\/wp\/v2\/tags?post=202860"}],"curies":[{"name":"wp","href":"https:\/\/api.w.org\/{rel}","templated":true}]}}