{"id":203139,"date":"2022-06-28T12:18:42","date_gmt":"2022-06-28T11:18:42","guid":{"rendered":"https:\/\/www.elche.es\/2022\/06\/la-nova-unitat-turistica-formada-per-40-agents-de-la-policia-local-vetlara-per-la-seguretat-dels-usuaris-a-les-platges-delx-durant-la-temporada-estival\/"},"modified":"2022-06-28T12:18:42","modified_gmt":"2022-06-28T11:18:42","slug":"la-nova-unitat-turistica-formada-per-40-agents-de-la-policia-local-vetlara-per-la-seguretat-dels-usuaris-a-les-platges-delx-durant-la-temporada-estival","status":"publish","type":"post","link":"https:\/\/www.elche.es\/va\/2022\/06\/la-nova-unitat-turistica-formada-per-40-agents-de-la-policia-local-vetlara-per-la-seguretat-dels-usuaris-a-les-platges-delx-durant-la-temporada-estival\/","title":{"rendered":"La nova Unitat Tur\u00edstica formada per 40 agents de la Policia Local vetlar\u00e0 per la seguretat dels usuaris a les platges d&#8217;Elx durant la temporada estival"},"content":{"rendered":"<div class=\"wpb-content-wrapper\"><p>[vc_row el_id=&#8221;SUBTITULAR_NOTICIA&#8221;][vc_column][vc_column_text]<\/p>\n<hr \/>\n<h4>El regidor de Seguretat Ciutadana, Ram\u00f3n Abad, i l&#8217;edil de Turisme, Carles Molina, presenten el dispositiu que contempla els serveis de salvament i socorrisme, de neteja, mitjans aeris i guies canins<\/h4>\n<hr \/>\n<p>[\/vc_column_text][\/vc_column][\/vc_row][vc_row el_id=&#8221;TEXTO_NOTICIA&#8221;][vc_column][vc_column_text]Elx ha donat el tret d&#8217;eixida oficial a la temporada d&#8217;estiu amb la <strong>posada en funcionament de la Unitat Tur\u00edstica de la Policia Local<\/strong> que enguany compta amb <strong>40 agents<\/strong> que vetlaran de dilluns a diumenge de 10.00 a 19.00 hores per la seguretat dels banyistes a les platges del litoral il\u00b7licit\u00e0, d&#8217;aquests 16 pertanyent al Grup d&#8217;Unitat Mar\u00edtima i Atenci\u00f3 Tur\u00edstica (GRUMAT), 22 a la Unitat Territorial de la Policia Comunit\u00e0ria, i dos guies canins. El <strong>regidor de Seguretat Ciutadana, Ram\u00f3n Abad, i l&#8217;edil de Turisme, Carles Molina<\/strong>, han visitat els Arenals del Sol on han presentat el dispositiu que ja ha comen\u00e7at en totes les platges i es mantindr\u00e0 fins al 15 de setembre.[\/vc_column_text][\/vc_column][\/vc_row][vc_row el_id=&#8221;DESTACADO_NOTICIA&#8221;][vc_column][vc_gallery type=&#8221;flexslider_slide&#8221; interval=&#8221;5&#8243; images=&#8221;203086,203090,203092,203094,203096&#8243; img_size=&#8221;full&#8221; el_class=&#8221;galerianoticia&#8221;][\/vc_column][\/vc_row][vc_row el_id=&#8221;TEXTO_FIN_NOTICIA&#8221;][vc_column][vc_column_text]\u201c<strong>Un servei fonamental de l&#8217;Ajuntament, que ja s&#8217;est\u00e0 consolidant al nostre municipi<\/strong>, i que est\u00e0 arreplegant els seus fruits perqu\u00e8 des que es va implantar s&#8217;ha notat un descens d&#8217;incid\u00e8ncies i de fets delictius a les platges\u201d, ha assenyalat Abad, que ha puntualitzat que malgrat que enguany no ser\u00e0 necessari servei d&#8217;informaci\u00f3 sobre mesures COVID-19 a les platges, a <strong>aquest dispositiu s&#8217;incorpora salvament i socorrisme, aix\u00ed com neteja i higiene<\/strong>, a m\u00e9s de la Unitat de Mitjans Aeris amb drons per a fer la labor de vigil\u00e0ncia de les costes i controlar l&#8217;aforament amb la finalitat d&#8217;evitar aglomeracions.<\/p>\n<p>Aix\u00ed mateix, Abad ha explicat que <strong>la vigil\u00e0ncia es realitzar\u00e0 com en anys anteriors a peu i amb bicicleta per l&#8217;arena<\/strong> de les platges il\u00b7licitanes al mateix temps que al passeig dels Arenals del Sol per a evitar l&#8217;aglomeraci\u00f3 de patinadors i de ciclistes que poden comprometre la seguretat dels vianants, i <strong>s&#8217;incidir\u00e0 en l&#8217;erradicaci\u00f3 de la venda ambulant no autoritzada<\/strong>, aix\u00ed com en la vigil\u00e0ncia per a evitar robatoris i furts al descuit, pres\u00e8ncia de massatgistes i altres activitats similars.<\/p>\n<hr \/>\n<p>&nbsp;<\/p>\n<p>[\/vc_column_text][\/vc_column][\/vc_row][vc_row][vc_column][vc_video link=&#8221;https:\/\/youtu.be\/MlIu2LZEi8A&#8221; el_class=&#8221;videonoticia&#8221;][\/vc_column][\/vc_row]<\/p>\n<\/div>","protected":false},"excerpt":{"rendered":"<p>[vc_row el_id=&#8221;SUBTITULAR_NOTICIA&#8221;][vc_column][vc_column_text] El regidor de Seguretat Ciutadana, Ram\u00f3n Abad, i l&#8217;edil de Turisme, Carles Molina, presenten el dispositiu que contempla els serveis de salvament i socorrisme, de neteja, mitjans aeris [&hellip;]<\/p>\n","protected":false},"author":131,"featured_media":203101,"comment_status":"closed","ping_status":"closed","sticky":false,"template":"","format":"standard","meta":{"footnotes":""},"categories":[391,1312,238,228],"tags":[],"class_list":["post-203139","post","type-post","status-publish","format-standard","has-post-thumbnail","hentry","category-home-va","category-noticias-va","category-policia-local-va","category-turisme-va"],"_links":{"self":[{"href":"https:\/\/www.elche.es\/va\/wp-json\/wp\/v2\/posts\/203139","targetHints":{"allow":["GET"]}}],"collection":[{"href":"https:\/\/www.elche.es\/va\/wp-json\/wp\/v2\/posts"}],"about":[{"href":"https:\/\/www.elche.es\/va\/wp-json\/wp\/v2\/types\/post"}],"author":[{"embeddable":true,"href":"https:\/\/www.elche.es\/va\/wp-json\/wp\/v2\/users\/131"}],"replies":[{"embeddable":true,"href":"https:\/\/www.elche.es\/va\/wp-json\/wp\/v2\/comments?post=203139"}],"version-history":[{"count":0,"href":"https:\/\/www.elche.es\/va\/wp-json\/wp\/v2\/posts\/203139\/revisions"}],"wp:featuredmedia":[{"embeddable":true,"href":"https:\/\/www.elche.es\/va\/wp-json\/wp\/v2\/media\/203101"}],"wp:attachment":[{"href":"https:\/\/www.elche.es\/va\/wp-json\/wp\/v2\/media?parent=203139"}],"wp:term":[{"taxonomy":"category","embeddable":true,"href":"https:\/\/www.elche.es\/va\/wp-json\/wp\/v2\/categories?post=203139"},{"taxonomy":"post_tag","embeddable":true,"href":"https:\/\/www.elche.es\/va\/wp-json\/wp\/v2\/tags?post=203139"}],"curies":[{"name":"wp","href":"https:\/\/api.w.org\/{rel}","templated":true}]}}