{"id":203205,"date":"2022-06-28T13:40:21","date_gmt":"2022-06-28T12:40:21","guid":{"rendered":"https:\/\/www.elche.es\/2022\/06\/la-regidora-de-cultura-participa-en-la-presentacio-del-seminari-cientific-sobre-el-mon-iber-que-celebrara-la-uned-elx-a-loctubre-amb-motiu-del-125-aniversari-de-la-troballa-de-la-dama\/"},"modified":"2022-06-28T13:40:22","modified_gmt":"2022-06-28T12:40:22","slug":"la-regidora-de-cultura-participa-en-la-presentacio-del-seminari-cientific-sobre-el-mon-iber-que-celebrara-la-uned-elx-a-loctubre-amb-motiu-del-125-aniversari-de-la-troballa-de-la-dama","status":"publish","type":"post","link":"https:\/\/www.elche.es\/va\/2022\/06\/la-regidora-de-cultura-participa-en-la-presentacio-del-seminari-cientific-sobre-el-mon-iber-que-celebrara-la-uned-elx-a-loctubre-amb-motiu-del-125-aniversari-de-la-troballa-de-la-dama\/","title":{"rendered":"La regidora de Cultura participa en la presentaci\u00f3 del seminari cient\u00edfic sobre el m\u00f3n iber que celebrar\u00e0 la UNED Elx a l&#8217;octubre amb motiu del 125 aniversari de la troballa de la Dama"},"content":{"rendered":"<div class=\"wpb-content-wrapper\"><p>[vc_row el_id=&#8221;TEXTO_FIN_NOTICIA&#8221;][vc_column][vc_column_text]La <strong>regidora de Cultura, Marga Ant\u00f3n<\/strong>, ha participat en la presentaci\u00f3 del seminari cient\u00edfic que la <strong>UNED Elx<\/strong> celebrar\u00e0 els dies 27 i 28 d&#8217;octubre, amb la col\u00b7laboraci\u00f3 de <strong>l&#8217;Ajuntament d&#8217;Elx i l&#8217;Institut de Cultura \u201cJuan Gil Albert\u201d<\/strong> de la Diputaci\u00f3 d&#8217;Alacant, sobre el m\u00f3n iber que coincideix amb el 125\u00e9 aniversari de la troballa de la Dama.<\/p>\n<p>La iniciativa tindr\u00e0 lloc a l&#8217;Aula Magna de la Universitat Nacional d&#8217;Educaci\u00f3 a Dist\u00e0ncia, que coincideix amb el 50 aniversari de la creaci\u00f3 d&#8217;aquesta instituci\u00f3 acad\u00e8mica, i participaran els millors especialistes en la investigaci\u00f3 sobre la cultura ib\u00e8rica, entre ells <strong>catedr\u00e0tics d&#8217;universitats de Madrid, Val\u00e8ncia, Ja\u00e9n i Alacant, aix\u00ed com experts d&#8217;Elx<\/strong>.<\/p>\n<p>El seminari servir\u00e0 per a una <strong>actualitzaci\u00f3 d&#8217;estudis entorn de la cultura ib\u00e8rica i sobre el bust de la Dama d&#8217;Elx<\/strong>, i s&#8217;abordaran assumptes com el m\u00f3n ib\u00e8ric al jaciment de l&#8217;Alc\u00fadia, la representaci\u00f3 de la dona en la cultura ibera, la seua religiositat, la romanitzaci\u00f3 dels ibers i un treball espec\u00edfic sobre el bust de la Dama d&#8217;Elx, entre altres treballs.<\/p>\n<p>Com a activitat complement\u00e0ria al seminari, el Museu Arqueol\u00f2gic i d&#8217;Hist\u00f2ria d&#8217;Elx (MAHE) oferir\u00e0, al llarg del mat\u00ed del dissabte 29 d&#8217;octubre, una visita guiada a l&#8217;exposici\u00f3 \u201c<strong>Les edats de les dones iberes: la ritualitat femenina en les col\u00b7leccions del Museu de Ja\u00e9n\u201d, a c\u00e0rrec de les responsables de la mostra Carmen R\u00edsquez i Carmen Rueda<\/strong>, especialistes de la Universitat de Ja\u00e9n.<\/p>\n<p>Segons el parer del <strong>director del Centre Associat a la UNED d&#8217;Elx, Francisco Escudero<\/strong>, \u201c\u00e9s una bona ocasi\u00f3 per a fondre investigaci\u00f3, acad\u00e8mia i turisme congressual entorn d&#8217;aquestes dues importants efem\u00e8rides, senyals d&#8217;identitat de la ciutat\u201d.<\/p>\n<hr \/>\n<p>&nbsp;<\/p>\n<p>[\/vc_column_text][\/vc_column][\/vc_row]<\/p>\n<\/div>","protected":false},"excerpt":{"rendered":"<p>[vc_row el_id=&#8221;TEXTO_FIN_NOTICIA&#8221;][vc_column][vc_column_text]La regidora de Cultura, Marga Ant\u00f3n, ha participat en la presentaci\u00f3 del seminari cient\u00edfic que la UNED Elx celebrar\u00e0 els dies 27 i 28 d&#8217;octubre, amb la col\u00b7laboraci\u00f3 de [&hellip;]<\/p>\n","protected":false},"author":131,"featured_media":203203,"comment_status":"closed","ping_status":"closed","sticky":false,"template":"","format":"standard","meta":{"footnotes":""},"categories":[2864,193],"tags":[],"class_list":["post-203205","post","type-post","status-publish","format-standard","has-post-thumbnail","hentry","category-breus","category-cultura-va"],"_links":{"self":[{"href":"https:\/\/www.elche.es\/va\/wp-json\/wp\/v2\/posts\/203205","targetHints":{"allow":["GET"]}}],"collection":[{"href":"https:\/\/www.elche.es\/va\/wp-json\/wp\/v2\/posts"}],"about":[{"href":"https:\/\/www.elche.es\/va\/wp-json\/wp\/v2\/types\/post"}],"author":[{"embeddable":true,"href":"https:\/\/www.elche.es\/va\/wp-json\/wp\/v2\/users\/131"}],"replies":[{"embeddable":true,"href":"https:\/\/www.elche.es\/va\/wp-json\/wp\/v2\/comments?post=203205"}],"version-history":[{"count":0,"href":"https:\/\/www.elche.es\/va\/wp-json\/wp\/v2\/posts\/203205\/revisions"}],"wp:featuredmedia":[{"embeddable":true,"href":"https:\/\/www.elche.es\/va\/wp-json\/wp\/v2\/media\/203203"}],"wp:attachment":[{"href":"https:\/\/www.elche.es\/va\/wp-json\/wp\/v2\/media?parent=203205"}],"wp:term":[{"taxonomy":"category","embeddable":true,"href":"https:\/\/www.elche.es\/va\/wp-json\/wp\/v2\/categories?post=203205"},{"taxonomy":"post_tag","embeddable":true,"href":"https:\/\/www.elche.es\/va\/wp-json\/wp\/v2\/tags?post=203205"}],"curies":[{"name":"wp","href":"https:\/\/api.w.org\/{rel}","templated":true}]}}