{"id":203233,"date":"2022-06-28T15:00:51","date_gmt":"2022-06-28T14:00:51","guid":{"rendered":"https:\/\/www.elche.es\/2022\/06\/lajuntament-mostra-el-seu-compromis-amb-el-col%c2%b7lectiu-lgtbi-per-a-denunciar-els-discursos-dodi-i-defensar-els-seus-drets\/"},"modified":"2022-06-28T15:00:52","modified_gmt":"2022-06-28T14:00:52","slug":"lajuntament-mostra-el-seu-compromis-amb-el-col%c2%b7lectiu-lgtbi-per-a-denunciar-els-discursos-dodi-i-defensar-els-seus-drets","status":"publish","type":"post","link":"https:\/\/www.elche.es\/va\/2022\/06\/lajuntament-mostra-el-seu-compromis-amb-el-col%c2%b7lectiu-lgtbi-per-a-denunciar-els-discursos-dodi-i-defensar-els-seus-drets\/","title":{"rendered":"L&#8217;Ajuntament mostra el seu comprom\u00eds amb el col\u00b7lectiu LGTBI per a denunciar els discursos d\u2019odi i defensar els seus drets"},"content":{"rendered":"<div class=\"wpb-content-wrapper\"><p>[vc_row el_id=&#8221;SUBTITULAR_NOTICIA&#8221;][vc_column][vc_column_text]<\/p>\n<hr \/>\n<h4>L&#8217;edil d&#8217;Igualtat, Mariano Valera, destaca la creaci\u00f3 de l&#8217;Espai LGTBI ja que &#8220;\u00e9s un clar avan\u00e7 cap on aquest municipi vol desenvolupar i avan\u00e7ar en pol\u00edtiques d&#8217;igualtat i diversitat&#8221;<\/h4>\n<hr \/>\n<p>[\/vc_column_text][\/vc_column][\/vc_row][vc_row el_id=&#8221;TEXTO_NOTICIA&#8221;][vc_column][vc_column_text]L&#8217;Ajuntament d&#8217;Elx ha mostrat el seu comprom\u00eds amb la comunitat LGTBI per a <strong>denunciar els discursos d&#8217;odi sobre el col\u00b7lectiu i defensar els seus drets<\/strong> durant la lectura d&#8217;un manifest amb motiu del Dia Internacional de l&#8217;Orgull LGTBI que ha tingut lloc al Sal\u00f3 de Plens.<\/p>\n<p>L&#8217;acte ha comptat amb les paraules dels portaveus de PSOE, Comprom\u00eds, PP, Ciutadans i el Regidor no adscrit, que han mostrat la seua <strong>preocupaci\u00f3 per la criminalitzaci\u00f3 que en alguns pa\u00efsos existeix sobre l&#8217;homosexualitat i el comprom\u00eds de promocionar actituds i pol\u00edtiques que afavorisquen la conscienciaci\u00f3 social<\/strong> per a un efectiu canvi de mentalitat que erradique les actituds LGTBIf\u00f2biques i el rebuig a aquestes.[\/vc_column_text][\/vc_column][\/vc_row][vc_row type=&#8221;flexslider_slide&#8221; interval=&#8221;5&#8243; source=&#8221;media_library&#8221; images=&#8221;&#8221; img_size=&#8221;full&#8221; external_img_size=&#8221;&#8221; onclick=&#8221;link_image&#8221; custom_links_target=&#8221;_self&#8221; el_class=&#8221;galerianoticia&#8221; title=&#8221;&#8221; custom_srcs=&#8221;&#8221; custom_links=&#8221;&#8221;][vc_column][vc_gallery type=&#8221;flexslider_slide&#8221; interval=&#8221;5&#8243; images=&#8221;203152,203154,203156,203158,203160,203162,203164,203166,203168,203170,203172&#8243; img_size=&#8221;full&#8221; el_class=&#8221;galerianoticia&#8221;][\/vc_column][\/vc_row][vc_row][vc_column][vc_column_text]&#8221;Des de l&#8217;Ajuntament d&#8217;Elx volem manifestar amb orgull el nostre comprom\u00eds amb el col\u00b7lectiu LGTBI, ja s\u00f3n quasi dos anys de la creaci\u00f3 de l&#8217;oficina Elx LGTBI, un clar comprom\u00eds amb el col\u00b7lectiu a la nostra ciutat i una eina necess\u00e0ria per a continuar combatent contra la LGTBIf\u00f2bia&#8221;, ha afirmat el regidor d&#8217;Igualtat, Mariano Valera, que ha destacat la creaci\u00f3 de l&#8217;Espai LGTBI ja que &#8220;\u00e9s un clar <strong>avan\u00e7 cap on aquest vol municipi vol desenvolupar i avan\u00e7ar en pol\u00edtiques d&#8217;igualtat i diversitat<\/strong>&#8220;.<\/p>\n<p>No obstant aix\u00f2, Valera ha comentat que &#8220;malgrat tots aquests avan\u00e7os som conscients que fins i tot existeixen \u00e0mbits on la igualtat del col\u00b7lectiu LGTBI es troba amb majors dificultats <strong>com s\u00f3n l&#8217;\u00e0mbit esportiu i el m\u00f3n rural, per la qual cosa s\u00f3n una prioritat<\/strong> en la qual hem de centrar els nostres esfor\u00e7 i pol\u00edtiques&#8221;.<\/p>\n<p>Per part seua, la primera tinenta d&#8217;alcalde, Mar\u00eda Jos\u00e9 Mart\u00ednez, ha comentat que &#8220;som ac\u00ed per a reivindicar i donar visibilitat al col\u00b7lectiu&#8221; i <strong>ha destacat el paper de la gent jove per al col\u00b7lectiu<\/strong>.<\/p>\n<p>A m\u00e9s de la lectura del manifest, l&#8217;edil de Joventut, Marga Ant\u00f3n, ha donat un reconeixement als participants del programa D-Valents de la Regidoria de Joventut. <strong>El programa ha arribat enguany a m\u00e9s de 2.100 alumnes de 16 instituts<\/strong>. &#8220;En aquest cas vam fer una convocat\u00f2ria d&#8217;esl\u00f2gans per a 2023 i ha comptat amb 825 participants&#8221;.<\/p>\n<h5>Activitats al llarg del dia<\/h5>\n<p>D&#8217;altra banda, durant el mat\u00ed <strong>s&#8217;ha dut a terme la tradicional solta de banderoles per part de l&#8217;alcalde d&#8217;Elx, Carlos Gonz\u00e1lez, al costat de membres de l&#8217;Equip de Govern i de la Corporaci\u00f3 Municipal<\/strong>, posteriorment la solta de globus a la Pla\u00e7a de Baix i unes activitats de reivindicaci\u00f3 que ha comptat amb un <em>photocall <\/em>en un arc de globus LGTBI, amb la pres\u00e8ncia de dos experts <em>influencers<\/em>, Marlon i Litzy Osuna, que han aconsellat els visitants sobre com realitzar v\u00eddeos reivindicatius per l&#8217;Orgull LGTBI perqu\u00e8 tinguen impacte en les xarxes socials.[\/vc_column_text][\/vc_column][\/vc_row][vc_row source=&#8221;media_library&#8221; image=&#8221;&#8221; img_size=&#8221;full&#8221; external_img_size=&#8221;&#8221; add_caption=&#8221;&#8221; alignment=&#8221;left&#8221; style=&#8221;&#8221; external_style=&#8221;&#8221; border_color=&#8221;grey&#8221; external_border_color=&#8221;grey&#8221; onclick=&#8221;link_image&#8221; img_link_target=&#8221;_self&#8221; el_class=&#8221;fotounicanoticia&#8221; title=&#8221;&#8221; custom_src=&#8221;&#8221; caption=&#8221;&#8221; link=&#8221;&#8221; img_link_large=&#8221;&#8221;][vc_column][vc_single_image image=&#8221;203229&#8243; img_size=&#8221;full&#8221; onclick=&#8221;link_image&#8221; el_class=&#8221;fotounicanoticia&#8221;][\/vc_column][\/vc_row][vc_row el_id=&#8221;TEXTO_FIN_NOTICIA&#8221;][vc_column][vc_column_text]El Mol\u00ed del Real s&#8217;il\u00b7luminar\u00e0 aquesta nit amb els colors de la bandera LGTBI i aquesta <strong>bandera romandr\u00e0 al Passeig de l&#8217;Estaci\u00f3 des del dimarts 28 fins al 12 de juliol<\/strong>.<\/p>\n<p>Aquesta vesprada, des de les 19.30 hores, tindr\u00e0 lloc a Pla\u00e7a de Baix una <strong>concentraci\u00f3 amb el lema &#8220;Enfront de l&#8217;odi: Visibilitat, Orgull i Resili\u00e8ncia<\/strong>&#8220;.<\/p>\n<p>A m\u00e9s, l&#8217;edil d&#8217;Igualtat ha fet una crida a defensar la diversitat i unir les accions reivindicatives &#8220;perqu\u00e8 <strong>l&#8217;orgull ha sigut i \u00e9s una eina fonamental del col\u00b7lectiu per a visibilitzar-se i reclamar els seus drets<\/strong>&#8220;.<\/p>\n<p>El 28 de juny \u00e9s el Dia Internacional de l&#8217;Orgull LGTBI en commemoraci\u00f3 de les revoltes que van tindre lloc a Nova York l&#8217;any 1969 quan un grup format majorit\u00e0riament per persones <em>trans<\/em> es va rebel\u00b7lar contra la seua detenci\u00f3 al bar Stonewall. A <strong>Espanya aquesta data es va instaurar com a Dia Nacional el 2018<\/strong>.<\/p>\n<hr \/>\n<p>&nbsp;<\/p>\n<p>[\/vc_column_text][\/vc_column][\/vc_row][vc_row][vc_column width=&#8221;1\/6&#8243;][\/vc_column][vc_column width=&#8221;2\/3&#8243;]<audio class=\"sc_audio\" src=\"https:\/\/soundcloud.com\/ayuntamiento-de-elche\/manifiesto-del-dia-del-orgullo-en-elche?utm_source=clipboard&#038;utm_medium=text&#038;utm_campaign=social_sharing\" width=\"\" height=\"\"><\/audio>[\/vc_column][vc_column width=&#8221;1\/6&#8243;][\/vc_column][\/vc_row]<\/p>\n<\/div>","protected":false},"excerpt":{"rendered":"<p>[vc_row el_id=&#8221;SUBTITULAR_NOTICIA&#8221;][vc_column][vc_column_text] L&#8217;edil d&#8217;Igualtat, Mariano Valera, destaca la creaci\u00f3 de l&#8217;Espai LGTBI ja que &#8220;\u00e9s un clar avan\u00e7 cap on aquest municipi vol desenvolupar i avan\u00e7ar en pol\u00edtiques d&#8217;igualtat i [&hellip;]<\/p>\n","protected":false},"author":131,"featured_media":203175,"comment_status":"closed","ping_status":"closed","sticky":false,"template":"","format":"standard","meta":{"footnotes":""},"categories":[209,391,1312],"tags":[],"class_list":["post-203233","post","type-post","status-publish","format-standard","has-post-thumbnail","hentry","category-igualtat-va","category-home-va","category-noticias-va"],"_links":{"self":[{"href":"https:\/\/www.elche.es\/va\/wp-json\/wp\/v2\/posts\/203233","targetHints":{"allow":["GET"]}}],"collection":[{"href":"https:\/\/www.elche.es\/va\/wp-json\/wp\/v2\/posts"}],"about":[{"href":"https:\/\/www.elche.es\/va\/wp-json\/wp\/v2\/types\/post"}],"author":[{"embeddable":true,"href":"https:\/\/www.elche.es\/va\/wp-json\/wp\/v2\/users\/131"}],"replies":[{"embeddable":true,"href":"https:\/\/www.elche.es\/va\/wp-json\/wp\/v2\/comments?post=203233"}],"version-history":[{"count":0,"href":"https:\/\/www.elche.es\/va\/wp-json\/wp\/v2\/posts\/203233\/revisions"}],"wp:featuredmedia":[{"embeddable":true,"href":"https:\/\/www.elche.es\/va\/wp-json\/wp\/v2\/media\/203175"}],"wp:attachment":[{"href":"https:\/\/www.elche.es\/va\/wp-json\/wp\/v2\/media?parent=203233"}],"wp:term":[{"taxonomy":"category","embeddable":true,"href":"https:\/\/www.elche.es\/va\/wp-json\/wp\/v2\/categories?post=203233"},{"taxonomy":"post_tag","embeddable":true,"href":"https:\/\/www.elche.es\/va\/wp-json\/wp\/v2\/tags?post=203233"}],"curies":[{"name":"wp","href":"https:\/\/api.w.org\/{rel}","templated":true}]}}