{"id":203247,"date":"2022-06-28T15:24:15","date_gmt":"2022-06-28T14:24:15","guid":{"rendered":"https:\/\/www.elche.es\/2022\/06\/comencen-les-obres-de-reparacio-de-les-canalitzacions-dels-llavapeus-que-faltaven-per-arreglar-als-arenals-del-sol\/"},"modified":"2022-06-28T15:24:15","modified_gmt":"2022-06-28T14:24:15","slug":"comencen-les-obres-de-reparacio-de-les-canalitzacions-dels-llavapeus-que-faltaven-per-arreglar-als-arenals-del-sol","status":"publish","type":"post","link":"https:\/\/www.elche.es\/va\/2022\/06\/comencen-les-obres-de-reparacio-de-les-canalitzacions-dels-llavapeus-que-faltaven-per-arreglar-als-arenals-del-sol\/","title":{"rendered":"Comencen les obres de reparaci\u00f3 de les canalitzacions dels llavapeus que faltaven per arreglar als Arenals del Sol"},"content":{"rendered":"<div class=\"wpb-content-wrapper\"><p>[vc_row el_id=&#8221;TEXTO_FIN_NOTICIA&#8221;][vc_column][vc_column_text]Aquest mat\u00ed <strong>han comen\u00e7at les obres de reparaci\u00f3 de les canalitzacions dels llavapeus de la platja dels Arenals del Sol<\/strong> que faltaven per reparar a causa dels \u00faltims temporals.<\/p>\n<p>Aquesta actuaci\u00f3, duta a terme per la Conselleria de Turisme, compta amb el <strong>suport de l&#8217;Ajuntament d&#8217;Elx a trav\u00e9s de la Regidoria de Turisme per a agilitar al m\u00e0xim<\/strong> la reparaci\u00f3 de les canalitzacions i de l&#8217;estaci\u00f3 de bombament.<\/p>\n<p>L&#8217;edil de l&#8217;\u00e0rea, Carles Molina, <strong>confia que les obres acaben en el menor temps possible<\/strong> perqu\u00e8 la ciutadania puga gaudir d&#8217;aquest servei.<\/p>\n<hr \/>\n<p>&nbsp;<\/p>\n<p>[\/vc_column_text][\/vc_column][\/vc_row][vc_row][vc_column width=&#8221;1\/6&#8243;][\/vc_column][vc_column width=&#8221;2\/3&#8243;]<audio class=\"sc_audio\" src=\"\" width=\"\" height=\"\"><\/audio>[\/vc_column][vc_column width=&#8221;1\/6&#8243;][\/vc_column][\/vc_row]<\/p>\n<\/div>","protected":false},"excerpt":{"rendered":"<p>[vc_row el_id=&#8221;TEXTO_FIN_NOTICIA&#8221;][vc_column][vc_column_text]Aquest mat\u00ed han comen\u00e7at les obres de reparaci\u00f3 de les canalitzacions dels llavapeus de la platja dels Arenals del Sol que faltaven per reparar a causa dels \u00faltims temporals. [&hellip;]<\/p>\n","protected":false},"author":131,"featured_media":203245,"comment_status":"closed","ping_status":"closed","sticky":false,"template":"","format":"standard","meta":{"footnotes":""},"categories":[2864,228],"tags":[],"class_list":["post-203247","post","type-post","status-publish","format-standard","has-post-thumbnail","hentry","category-breus","category-turisme-va"],"_links":{"self":[{"href":"https:\/\/www.elche.es\/va\/wp-json\/wp\/v2\/posts\/203247","targetHints":{"allow":["GET"]}}],"collection":[{"href":"https:\/\/www.elche.es\/va\/wp-json\/wp\/v2\/posts"}],"about":[{"href":"https:\/\/www.elche.es\/va\/wp-json\/wp\/v2\/types\/post"}],"author":[{"embeddable":true,"href":"https:\/\/www.elche.es\/va\/wp-json\/wp\/v2\/users\/131"}],"replies":[{"embeddable":true,"href":"https:\/\/www.elche.es\/va\/wp-json\/wp\/v2\/comments?post=203247"}],"version-history":[{"count":0,"href":"https:\/\/www.elche.es\/va\/wp-json\/wp\/v2\/posts\/203247\/revisions"}],"wp:featuredmedia":[{"embeddable":true,"href":"https:\/\/www.elche.es\/va\/wp-json\/wp\/v2\/media\/203245"}],"wp:attachment":[{"href":"https:\/\/www.elche.es\/va\/wp-json\/wp\/v2\/media?parent=203247"}],"wp:term":[{"taxonomy":"category","embeddable":true,"href":"https:\/\/www.elche.es\/va\/wp-json\/wp\/v2\/categories?post=203247"},{"taxonomy":"post_tag","embeddable":true,"href":"https:\/\/www.elche.es\/va\/wp-json\/wp\/v2\/tags?post=203247"}],"curies":[{"name":"wp","href":"https:\/\/api.w.org\/{rel}","templated":true}]}}