{"id":204585,"date":"2022-07-05T13:30:53","date_gmt":"2022-07-05T12:30:53","guid":{"rendered":"https:\/\/www.elche.es\/2022\/07\/mes-de-10-000-alumnes-han-participat-en-la-segona-edicio-del-programa-fem-escola-dactivitats-educatives-complementaries-esportives-culturals-doci-i-temps-lliure\/"},"modified":"2022-07-05T13:46:45","modified_gmt":"2022-07-05T12:46:45","slug":"mes-de-10-000-alumnes-han-participat-en-la-segona-edicio-del-programa-fem-escola-dactivitats-educatives-complementaries-esportives-culturals-doci-i-temps-lliure","status":"publish","type":"post","link":"https:\/\/www.elche.es\/va\/2022\/07\/mes-de-10-000-alumnes-han-participat-en-la-segona-edicio-del-programa-fem-escola-dactivitats-educatives-complementaries-esportives-culturals-doci-i-temps-lliure\/","title":{"rendered":"M\u00e9s de 10.000 alumnes han participat en la segona edici\u00f3 del programa Fem Escola d&#8217;activitats educatives complement\u00e0ries, esportives, culturals, d&#8217;oci i temps lliure"},"content":{"rendered":"<div class=\"wpb-content-wrapper\"><p>[vc_row el_id=&#8221;SUBTITULAR_NOTICIA&#8221;][vc_column][vc_column_text]<\/p>\n<hr \/>\n<h4>La regidora d&#8217;\u00e0rea, Mar\u00eda Jos\u00e9 Mart\u00ednez, al costat dels edils d&#8217;Esports i de Cultura i Joventut, Vicente Alberola i Marga Ant\u00f3n, respectivament, fan un balan\u00e7 positiu d&#8217;una iniciativa que va comptar amb 278.084 euros de subvenci\u00f3 del Consell<\/h4>\n<hr \/>\n<p>[\/vc_column_text][\/vc_column][\/vc_row][vc_row el_id=&#8221;TEXTO_NOTICIA&#8221;][vc_column][vc_column_text]M\u00e9s de 10.000 alumnes han participat en la segona edici\u00f3 del programa Fem Escola d&#8217;activitats educatives complement\u00e0ries, esportives, culturals, d&#8217;oci i temps lliure a Elx. La regidora de l&#8217;\u00e0rea, Mar\u00eda Jos\u00e9 Mart\u00ednez, al costat dels edils d&#8217;Educaci\u00f3 i de Cultura i Joventut, Vicente Alberola i Marga Ant\u00f3n, respectivament, han realitzat un balan\u00e7 positiu de la iniciativa, subvencionada per la Conselleria d&#8217;Educaci\u00f3, Cultura i Esport de la Generalitat Valenciana amb 278.084 euros per a aquest curs 2021\/2022 que acaba de finalitzar. \u201cMitjan\u00e7ant el Fem Escola, <strong>la poblaci\u00f3 il\u00b7licitana de 3 a 18 anys pot tindre alternatives d&#8217;oci, temps lliure, esport, refor\u00e7 escolar i totes aquelles que vinguen a complementar la seua educaci\u00f3<\/strong>\u201d, ha manifestat Mart\u00ednez, que ha destacat la transversalitat del programa.<\/p>\n<p>Segons ha explicat la titular d&#8217;Educaci\u00f3 de l&#8217;Ajuntament d&#8217;Elx, algunes de les accions empreses pel seu departament amb 208.084 euros de la subvenci\u00f3 auton\u00f2mica, <strong>ha pogut continuar desenvolupant durant aquest any la seua \u201cactivitat estrela\u201d, que \u00e9s el refor\u00e7 escolar en prim\u00e0ria i secund\u00e0ria, arribant a 540 estudiants de 12 col\u00b7legis i instituts en total<\/strong>. A m\u00e9s, a petici\u00f3 dels mateixos centres d&#8217;ESO i Batxiller, es va posar en marxa el <strong>Projecte Cuida&#8217;t, xarrades de prevenci\u00f3 en salut mental de les quals s&#8217;han beneficiat 700 adolescents de 14 instituts<\/strong>. \u201cEns sentim molt orgullosos d&#8217;aquesta iniciativa\u201d, ha expressat Mart\u00ednez. A m\u00e9s, es va rodar un videoclip sobre absentisme escolar en TikTok, rodat per la comunitat del CEIP Casablanca i que ha sigut premiat.[\/vc_column_text][\/vc_column][\/vc_row][vc_row type=&#8221;flexslider_slide&#8221; interval=&#8221;5&#8243; source=&#8221;media_library&#8221; images=&#8221;&#8221; img_size=&#8221;full&#8221; external_img_size=&#8221;&#8221; onclick=&#8221;link_image&#8221; custom_links_target=&#8221;_self&#8221; el_class=&#8221;galerianoticia&#8221; title=&#8221;&#8221; custom_srcs=&#8221;&#8221; custom_links=&#8221;&#8221;][vc_column][vc_gallery type=&#8221;flexslider_slide&#8221; interval=&#8221;5&#8243; images=&#8221;204518,204523,204525&#8243; img_size=&#8221;full&#8221; el_class=&#8221;galerianoticia&#8221;][\/vc_column][\/vc_row][vc_row][vc_column][vc_column_text]Altres iniciatives enumerades per Mart\u00ednez han sigut la d&#8217;escacs al CEIP Jaime Balmes, en la qual han participat tres centenars d&#8217;escolars; <strong>la de panificaci\u00f3 a l&#8217;IES Nit de l\u2019Alb\u00e0 dirigit a ampliar la formaci\u00f3 dels estudiants de Formaci\u00f3 Professional B\u00e0sica<\/strong>; els tallers d&#8217;habilitats socials en col\u00b7legis de prim\u00e0ria, dels quals igualment s&#8217;han beneficiat 300 xiquets; un taller espec\u00edfic sobre l&#8217;obra de Miguel Hern\u00e1ndez al col\u00b7legi hom\u00f2nim; l&#8217;Escola de Rock de l&#8217;IES Torrellano, que va comptar amb 40 participants; o un taller de sensibilitzaci\u00f3 en arts esc\u00e8niques i discapacitat de l&#8217;IES Joanot Martorell, amb 175 alumnes de 14 i 15 anys. Tamb\u00e9 <strong>es van programar tallers d&#8217;inclusi\u00f3 a les instal\u00b7lacions d&#8217;Elx Acull, \u201camb m\u00e9s de 175 xiquets i xiquetes de totes les nacionalitats entre els 6 i 12 anys\u201d<\/strong>, ha especificat la tinenta d&#8217;alcalde.<\/p>\n<p>La Regidoria d&#8217;Educaci\u00f3, aix\u00ed mateix, va apostar pel teatre. <strong>Quasi un miler d&#8217;alumnes de nou centres de secund\u00e0ria entre 16 i 18 anys van assistir a la funci\u00f3 a La Llotja d\u2019 <em>El perro del hortelano<\/em><\/strong>. I es va col\u00b7laborar amb La Carreta oferint funcions de titelles a centres d&#8217;infantil i prim\u00e0ria, sobretot aquells amb poblaci\u00f3 vulnerable que no t\u00e9 normalment acc\u00e9s a activitats culturals d&#8217;aquesta classe, tal com ha enunciat la regidora, que ha detallat que 650 alumnes de cinc centres de prim\u00e0ria van poder gaudir finalment d&#8217;aquesta proposta. Els tallers de teatre i expressi\u00f3 cultural per al foment del coneixement, la interacci\u00f3 i el creixement en valors de l\u2019alumnat, encap\u00e7alats per la professional de les arts esc\u00e8niques Sofia Castellote, present en la roda de premsa celebrada al Consistori, van ser tot un \u00e8xit, en aconseguir a m\u00e9s de 2.475 alumnes de 12 instituts.<\/p>\n<p>En eixe sentit, l&#8217;edil Marga Ant\u00f3n ha explicat que, des de la Regidoria de Cultura, que va rebre 15.000 euros de la d&#8217;Educaci\u00f3, es van seleccionar tres peces teatrals a representar al Gran Teatre \u2013<em>La joven, La zaranda i Los remedios<\/em>\u2013 <strong>perqu\u00e8 els estudiants d&#8217;instituts, 850 en total, \u201cpogueren con\u00e9ixer la instal\u00b7laci\u00f3 cultural\u201d i \u201cperqu\u00e8 tinguen eixa visi\u00f3 \u00e0mplia del que \u00e9s el teatre\u201d de manera gratu\u00efta<\/strong>.<\/p>\n<p>Altres 15.000 euros van anar a la Regidoria de Joventut, igualment dirigida per Ant\u00f3n, per a l&#8217;orientaci\u00f3 formativolaboral de 1.875 estudiants d&#8217;ESO, Batxillerat i FP dels nou instituts que van sol\u00b7licitar uns tallers el n\u00famero dels quals va ascendir a 93 \u2013quan inicialment es planejaven 80\u2013 que venen a refor\u00e7ar els ja existents emmarcats en el Pla Jove 2021-2025 de la Regidoria. \u201cDespr\u00e9s de la pand\u00e8mia, els nostres joves van patir molt i el seu proc\u00e9s de presa de decisions tamb\u00e9 es va veure afectat. Per aix\u00f2, <strong>amb aquests tallers d&#8217;orientaci\u00f3 acad\u00e8mica, preparem la seua projecci\u00f3 al m\u00f3n laboral i la seua participaci\u00f3 activa en la societat del futur, ha afegit l&#8217;edil<\/strong>.[\/vc_column_text][\/vc_column][\/vc_row][vc_row source=&#8221;media_library&#8221; image=&#8221;&#8221; img_size=&#8221;full&#8221; external_img_size=&#8221;&#8221; add_caption=&#8221;&#8221; alignment=&#8221;left&#8221; style=&#8221;&#8221; external_style=&#8221;&#8221; border_color=&#8221;grey&#8221; external_border_color=&#8221;grey&#8221; onclick=&#8221;link_image&#8221; img_link_target=&#8221;_self&#8221; el_class=&#8221;fotounicanoticia&#8221; title=&#8221;&#8221; custom_src=&#8221;&#8221; caption=&#8221;&#8221; link=&#8221;&#8221; img_link_large=&#8221;&#8221;][vc_column][vc_single_image image=&#8221;204542&#8243; img_size=&#8221;full&#8221; onclick=&#8221;link_image&#8221; el_class=&#8221;fotounicanoticia&#8221;][\/vc_column][\/vc_row][vc_row el_id=&#8221;TEXTO_FIN_NOTICIA&#8221;][vc_column][vc_column_text]La Regidoria d&#8217;Esports, a la qual Educaci\u00f3 va dotar amb 40.000 euros, ha vist incrementada un 30% la participaci\u00f3 esportiva dels estudiants, entre 4 i 18 anys, dels centres educatius d&#8217;Elx gr\u00e0cies al Fem Escola II, tant en activitat f\u00edsica reglada \u2013els Jocs Esportius de la Comunitat Valenciana\u2013 com en no reglada. \u201cPer al pr\u00f2xim curs, el 100% dels col\u00b7legis d&#8217;Elx volen participar\u201d, ha expressat Vicente Alberola, edil de l&#8217;\u00e0rea, que ha posat en valor la col\u00b7laboraci\u00f3 entre Educaci\u00f3 i Esports. <strong>\u201cEns ha retornat la il\u00b7lusi\u00f3 respecte a l&#8217;esport escolar; hem aconseguit un n\u00famero que feia m\u00e9s de 20 anys que no s&#8217;aconseguien a la nostra ciutat\u201d<\/strong>, ha assenyalat Alberola, que ha dit que gr\u00e0cies al Programa de Promoci\u00f3 Esportiva emmarcat en el Fem Escola, en col\u00b7laboraci\u00f3 amb els centres d&#8217;ensenyament i les seues AMPAS, es fomenten h\u00e0bits saludables, l&#8217;esfor\u00e7 la integraci\u00f3 i la companyonia.<\/p>\n<h5>Tercera edici\u00f3 ja sol\u00b7licitada<\/h5>\n<p>Mar\u00eda Jos\u00e9 Mart\u00ednez ha informat que <strong>ja ha demanat a la Conselleria 386.000 euros de subvenci\u00f3 per a articular el III Fem Escola per al curs 2022\/2023<\/strong>, amb els quals, a m\u00e9s de donar continu\u00eftat a les activitats ja celebrades, s&#8217;escoltaran les propostes i les necessitats dels centres educatius, com es fa fins ara i com va ser el cas del Projecte Cuida&#8217;t sobre salut mental, que tan bons resultats ha tingut.<\/p>\n<p>L&#8217;edil, despr\u00e9s d&#8217;agrair la labor dels seus companys Alberola i Ant\u00f3n, i dels equips t\u00e8cnics de les quatre Regidories que hi ha darrere el Fem Escola, ha reiterat que <strong>es continuar\u00e0 apostant per aquesta subvenci\u00f3, per la transversalitat i el treball en equip des de totes les \u00e0rees implicades<\/strong>. \u201cUn exemple de bon fer i com una subvenci\u00f3 pot arribar a tants xiquets, xiquetes i joves, perqu\u00e8 enriquisquen el seu oci, temps lliure i milloren les seues capacitats\u201d.<\/p>\n<hr \/>\n<p>[\/vc_column_text][\/vc_column][\/vc_row][vc_row][vc_column width=&#8221;1\/6&#8243;][\/vc_column][vc_column width=&#8221;2\/3&#8243;]<audio class=\"sc_audio\" src=\"https:\/\/soundcloud.com\/ayuntamiento-de-elche\/valoracion-de-la-segunda-edicion-del-programa-fem-escola?utm_source=clipboard&#038;utm_medium=text&#038;utm_campaign=social_sharing\" width=\"\" height=\"\"><\/audio>[\/vc_column][vc_column width=&#8221;1\/6&#8243;][\/vc_column][\/vc_row]<\/p>\n<\/div>","protected":false},"excerpt":{"rendered":"<p>[vc_row el_id=&#8221;SUBTITULAR_NOTICIA&#8221;][vc_column][vc_column_text] La regidora d&#8217;\u00e0rea, Mar\u00eda Jos\u00e9 Mart\u00ednez, al costat dels edils d&#8217;Esports i de Cultura i Joventut, Vicente Alberola i Marga Ant\u00f3n, respectivament, fan un balan\u00e7 positiu d&#8217;una iniciativa [&hellip;]<\/p>\n","protected":false},"author":131,"featured_media":204521,"comment_status":"closed","ping_status":"closed","sticky":false,"template":"","format":"standard","meta":{"footnotes":""},"categories":[193,187,391,1312],"tags":[],"class_list":["post-204585","post","type-post","status-publish","format-standard","has-post-thumbnail","hentry","category-cultura-va","category-esports","category-home-va","category-noticias-va"],"_links":{"self":[{"href":"https:\/\/www.elche.es\/va\/wp-json\/wp\/v2\/posts\/204585","targetHints":{"allow":["GET"]}}],"collection":[{"href":"https:\/\/www.elche.es\/va\/wp-json\/wp\/v2\/posts"}],"about":[{"href":"https:\/\/www.elche.es\/va\/wp-json\/wp\/v2\/types\/post"}],"author":[{"embeddable":true,"href":"https:\/\/www.elche.es\/va\/wp-json\/wp\/v2\/users\/131"}],"replies":[{"embeddable":true,"href":"https:\/\/www.elche.es\/va\/wp-json\/wp\/v2\/comments?post=204585"}],"version-history":[{"count":0,"href":"https:\/\/www.elche.es\/va\/wp-json\/wp\/v2\/posts\/204585\/revisions"}],"wp:featuredmedia":[{"embeddable":true,"href":"https:\/\/www.elche.es\/va\/wp-json\/wp\/v2\/media\/204521"}],"wp:attachment":[{"href":"https:\/\/www.elche.es\/va\/wp-json\/wp\/v2\/media?parent=204585"}],"wp:term":[{"taxonomy":"category","embeddable":true,"href":"https:\/\/www.elche.es\/va\/wp-json\/wp\/v2\/categories?post=204585"},{"taxonomy":"post_tag","embeddable":true,"href":"https:\/\/www.elche.es\/va\/wp-json\/wp\/v2\/tags?post=204585"}],"curies":[{"name":"wp","href":"https:\/\/api.w.org\/{rel}","templated":true}]}}