{"id":205154,"date":"2022-07-08T12:48:01","date_gmt":"2022-07-08T11:48:01","guid":{"rendered":"https:\/\/www.elche.es\/2022\/07\/la-policia-local-dete-un-jove-per-agredir-la-seua-mare-i-deixar-inconscient-la-parella-daquesta-despres-duna-discussio\/"},"modified":"2022-07-08T12:48:02","modified_gmt":"2022-07-08T11:48:02","slug":"la-policia-local-dete-un-jove-per-agredir-la-seua-mare-i-deixar-inconscient-la-parella-daquesta-despres-duna-discussio","status":"publish","type":"post","link":"https:\/\/www.elche.es\/va\/2022\/07\/la-policia-local-dete-un-jove-per-agredir-la-seua-mare-i-deixar-inconscient-la-parella-daquesta-despres-duna-discussio\/","title":{"rendered":"La Policia Local det\u00e9 un jove per agredir la seua mare i deixar inconscient la parella d&#8217;aquesta despr\u00e9s d&#8217;una discussi\u00f3"},"content":{"rendered":"<div class=\"wpb-content-wrapper\"><p>[vc_row el_id=&#8221;SUBTITULAR_NOTICIA&#8221;][vc_column][vc_column_text]<\/p>\n<hr \/>\n<h4>L&#8217;home de 20 anys va espentar un dels agents del cos de seguretat il\u00b7licit\u00e0 per les escales de l&#8217;immoble i va mostrar gran resist\u00e8ncia a l&#8217;arrest despr\u00e9s d&#8217;intentar fugir<\/h4>\n<hr \/>\n<p>[\/vc_column_text][\/vc_column][\/vc_row][vc_row el_id=&#8221;TEXTO_FIN_NOTICIA&#8221;][vc_column][vc_column_text]La Policia Local d&#8217;Elx va detindre dissabte passat 25 de juny, al voltant de les onze de la nit, un jove de 20 anys per <strong>agredir la seua mare i deixar inconscient la parella d&#8217;aquesta despr\u00e9s d&#8217;una discussi\u00f3, a m\u00e9s de per ferir un agent de la patrulla<\/strong> que es va acostar fins al domicili del carrer Reina Vict\u00f2ria per a atendre la disputa de la qual van alertar els ve\u00efns, que van escoltar un beb\u00e9 plorar.<\/p>\n<p>Una vegada al portal de l&#8217;edifici residencial, els agents van trobar un home visiblement nervi\u00f3s amb intenci\u00f3 d&#8217;eixir de l&#8217;immoble. Quan li van preguntar si tenia relaci\u00f3 amb el succ\u00e9s comunicat al 092, aquest va indicar que el desconeixia i que provenia d&#8217;una planta concreta, la qual cosa va al\u00e7ar sospites. Per aix\u00f2, li van sol\u00b7licitar acompanyar-lo fins al seu pis, cosa a la qual va accedir. Per\u00f2 en entrar a l&#8217;ascensor, de manera sorprenent<strong> va espentar un dels agents i va tractar d&#8217;escapar<\/strong>, moment en el qual va reaccionar amb gran viol\u00e8ncia i va tirar per les escales el policia i va eixir el carrer, per la qual cosa la companya de l&#8217;agent agredit va iniciar una persecuci\u00f3 a peu. Secundada per una segona unitat, va aconseguir detindre el jove a uns carrers de dist\u00e0ncia, que va oferir gran resist\u00e8ncia.<\/p>\n<p>De tornada a domicili, <strong>els agents van trobar la mare de l&#8217;agressor amb el p\u00f2mul enrogit i amb un beb\u00e9 en bra\u00e7os<\/strong>. Segons va narrar, tot va ser motivat per una discussi\u00f3 dom\u00e8stica en l&#8217;habitatge en la qual ella conviu amb la seua parella i els seus tres fills. L&#8217;arrestat, que va reaccionar amb gran agressivitat, segons va comptar als policies, la va colpejar i la va espentar. D&#8217;altra banda, en un dels dormitoris es va trobar la parella de la mare al s\u00f2l i semiinconscient. Malgrat aix\u00f2, les patrulles van aconseguir parlar amb ell, que va manifestar haver sigut igualment agredit pel jove, el qual <strong>presumptament el va agarrar del coll amb una clau tipus \u201cmatalle\u00f3\u201d<\/strong>, per la qual cosa va perdre el coneixement. Els agents van observar que, efectivament, l&#8217;home presentava marques i macadures al coll i als genolls.<\/p>\n<p>El jove va ser detingut i traslladat a depend\u00e8ncies policials. Per part seua,<strong> l&#8217;agent agredit al repl\u00e0 d&#8217;edifici va ser at\u00e9s per les contusions<\/strong> de la caiguda per les escales i va rebre punts de sutura pel xoc contra el s\u00f2l.<\/p>\n<hr \/>\n<p>[\/vc_column_text][\/vc_column][\/vc_row][vc_row][vc_column width=&#8221;1\/6&#8243;][\/vc_column][vc_column width=&#8221;2\/3&#8243;]<audio class=\"sc_audio\" src=\"\" width=\"\" height=\"\"><\/audio>[\/vc_column][vc_column width=&#8221;1\/6&#8243;][\/vc_column][\/vc_row]<\/p>\n<\/div>","protected":false},"excerpt":{"rendered":"<p>[vc_row el_id=&#8221;SUBTITULAR_NOTICIA&#8221;][vc_column][vc_column_text] L&#8217;home de 20 anys va espentar un dels agents del cos de seguretat il\u00b7licit\u00e0 per les escales de l&#8217;immoble i va mostrar gran resist\u00e8ncia a l&#8217;arrest despr\u00e9s d&#8217;intentar [&hellip;]<\/p>\n","protected":false},"author":145,"featured_media":185286,"comment_status":"closed","ping_status":"closed","sticky":false,"template":"","format":"standard","meta":{"footnotes":""},"categories":[2864,238],"tags":[],"class_list":["post-205154","post","type-post","status-publish","format-standard","has-post-thumbnail","hentry","category-breus","category-policia-local-va"],"_links":{"self":[{"href":"https:\/\/www.elche.es\/va\/wp-json\/wp\/v2\/posts\/205154","targetHints":{"allow":["GET"]}}],"collection":[{"href":"https:\/\/www.elche.es\/va\/wp-json\/wp\/v2\/posts"}],"about":[{"href":"https:\/\/www.elche.es\/va\/wp-json\/wp\/v2\/types\/post"}],"author":[{"embeddable":true,"href":"https:\/\/www.elche.es\/va\/wp-json\/wp\/v2\/users\/145"}],"replies":[{"embeddable":true,"href":"https:\/\/www.elche.es\/va\/wp-json\/wp\/v2\/comments?post=205154"}],"version-history":[{"count":0,"href":"https:\/\/www.elche.es\/va\/wp-json\/wp\/v2\/posts\/205154\/revisions"}],"wp:featuredmedia":[{"embeddable":true,"href":"https:\/\/www.elche.es\/va\/wp-json\/wp\/v2\/media\/185286"}],"wp:attachment":[{"href":"https:\/\/www.elche.es\/va\/wp-json\/wp\/v2\/media?parent=205154"}],"wp:term":[{"taxonomy":"category","embeddable":true,"href":"https:\/\/www.elche.es\/va\/wp-json\/wp\/v2\/categories?post=205154"},{"taxonomy":"post_tag","embeddable":true,"href":"https:\/\/www.elche.es\/va\/wp-json\/wp\/v2\/tags?post=205154"}],"curies":[{"name":"wp","href":"https:\/\/api.w.org\/{rel}","templated":true}]}}