{"id":206164,"date":"2022-07-15T14:47:53","date_gmt":"2022-07-15T13:47:53","guid":{"rendered":"https:\/\/www.elche.es\/2022\/07\/lajuntament-inverteix-550-000-euros-en-els-bons-de-mobilitat-que-permetran-que-la-ciutadania-adquisca-bicicletes-i-patinets-electrics-amb-grans-descomptes\/"},"modified":"2022-07-15T14:47:53","modified_gmt":"2022-07-15T13:47:53","slug":"lajuntament-inverteix-550-000-euros-en-els-bons-de-mobilitat-que-permetran-que-la-ciutadania-adquisca-bicicletes-i-patinets-electrics-amb-grans-descomptes","status":"publish","type":"post","link":"https:\/\/www.elche.es\/va\/2022\/07\/lajuntament-inverteix-550-000-euros-en-els-bons-de-mobilitat-que-permetran-que-la-ciutadania-adquisca-bicicletes-i-patinets-electrics-amb-grans-descomptes\/","title":{"rendered":"L&#8217;Ajuntament inverteix 550.000 euros en els bons de mobilitat que permetran que la ciutadania adquisca bicicletes i patinets el\u00e8ctrics amb grans descomptes"},"content":{"rendered":"<div class=\"wpb-content-wrapper\"><p>[vc_row el_id=&#8221;SUBTITULAR_NOTICIA&#8221;][vc_column][vc_column_text]<\/p>\n<hr \/>\n<h4>L&#8217;edil del Mobilitat Sostenible, Esther D\u00edez, informa que els bons estaran disponibles per als empadronats a Elx mitjan\u00e7ant una web que s&#8217;habilitar\u00e0 el 10 d&#8217;agost, i que despr\u00e9s de la seua adquisici\u00f3 tindran 14 dies per a efectuar la seua compra als establiments amb ra\u00f3 social a Elx adherits a la campanya<\/h4>\n<hr \/>\n<p>[\/vc_column_text][\/vc_column][\/vc_row][vc_row el_id=&#8221;TEXTO_NOTICIA&#8221;][vc_column][vc_column_text]L&#8217;Ajuntament d&#8217;Elx invertir\u00e0 550.000 euros en els bons de mobilitat amb<strong> l&#8217;objectiu que la ciutadania puga adquirir mitjans de transports alternatius sostenibles amb grans descomptes<\/strong>. Tal com ha informat la Regidora de Mobilitat, Esther D\u00edez, \u201cestem decidits a assegurar que formes de transport nets siguen els d&#8217;\u00fas majoritari en el municipi, per aix\u00f2 posem en marxa una l\u00ednia d&#8217;ajudes directes per a la compra de bicicletes i patinets\u201d. L&#8217;objectiu, tal com ha especificat, \u00e9s \u201cpromoure la rebaixa d&#8217;emissions contaminants i afavorir alternatives davant la pujada del preu dels combustibles\u201d.[\/vc_column_text][\/vc_column][\/vc_row][vc_row el_id=&#8221;DESTACADO_NOTICIA&#8221;][vc_column][vc_column_text el_class=&#8221;cuadronoticia&#8221;]<\/p>\n<h5>\u201cAquest Govern afronta la crisi conscient que els recursos han de destinar-se a blindar els serveis p\u00fablics, a facilitar als il\u00b7licitans i il\u00b7licitanes que arriben a fi de mes i aprofundir en un model de ciutat sostenible\u201d, manifesta la responsable municipal<\/h5>\n<p>[\/vc_column_text][\/vc_column][\/vc_row][vc_row el_id=&#8221;TEXTO_FIN_NOTICIA&#8221;][vc_column][vc_column_text]En concret, aquestes ajudes <strong>es posen a la disposici\u00f3 de la ciutadania per a l&#8217;adquisici\u00f3 de bicis convencionals i el\u00e8ctriques<\/strong>, kits d&#8217;electrificaci\u00f3 i patinets. \u00c9s per aix\u00f2 que el preu m\u00e0xim per a la compra de bicicletes convencionals ser\u00e0 de 550 euros, i s&#8217;oferiran bons de 300 i de 150 euros. El preu m\u00e0xim de les bicicletes el\u00e8ctriques haur\u00e0 de ser de 1.800 euros, i el bo ser\u00e0 de 600 euros. Pel que fa als kits d&#8217;electrificaci\u00f3 de bicicletes el preu m\u00e0xim haur\u00e0 de ser d&#8217;un m\u00e0xim de 800 euros, i el bo ser\u00e0 de 400 euros. En el cas dels patinets, el preu m\u00e0xim ser\u00e0 de 550 euros i s&#8217;oferiran dues classes de bons: de 200 i de 350 euros.<\/p>\n<p>\u201cEn total 1.910\u201d, ha detallat D\u00edez. \u201c<strong>Subvencionem un percentatge molt ampli de la compra<\/strong>, de manera que l&#8217;ajuda anime molts ciutadans i ciutadanes a adquirir un vehicle sostenible\u201d, ha indicat Esther D\u00edez.<\/p>\n<p>D&#8217;aquesta mesura <strong>es poden beneficiar persones residents al municipi, acreditant-se als establiments adherits a la campanya amb el DNI o, en defecte d&#8217;aix\u00f2, amb el padr\u00f3. Els bons es podran descarregar mitjan\u00e7ant una web creada per a la campanya, que s&#8217;habilitar\u00e0 el 10 d&#8217;agost<\/strong>. Una vegada obtingut, el consumidor haur\u00e0 de presentar el bo en el moment de la compra i se li aplicar\u00e0 els descomptes establits ja esmentats. Podran usar-se en una sola compra en un m\u00e0xim de 14 dies des de la seua adquisici\u00f3. Els bons podran canviar-se als establiments adherits del terme municipal d&#8217;Elx. En cas de ser una compra en l\u00ednia, els comer\u00e7os hauran de tindre el seu domicili fiscal a la localitat. Aquesta campanya es posa en marxa a trav\u00e9s de Facpyme, que s&#8217;encarregar\u00e0 de la inscripci\u00f3 dels establiments i el posterior pagament.<\/p>\n<h5>Resposta social i verd a la crisi<\/h5>\n<p>\u201cEn aquests moments <strong>l&#8217;\u00fas del vehicle privat \u00e9s el principal problema ambiental al qual ens enfrontem els il\u00b7licitans i il\u00b7licitanes i un dels costos econ\u00f2mics que suportem<\/strong>; per aix\u00f2, la soluci\u00f3 que plantegem suposa un benefici directe sobre els nostres ve\u00efns i ve\u00efnes\u201d, ha manifestat Esther D\u00edez en refer\u00e8ncia a aquests bons, que ha assenyalat que s\u00f3n \u201cuna pe\u00e7a important dins de l&#8217;estrat\u00e8gia de promoci\u00f3 de la mobilitat sostenible amb la qual volem garantir el dret dels nostres ve\u00efns i ve\u00efnes a respirar aire net\u201d. \u201cEn l&#8217;\u00e0mbit de la bicicleta actuem en diverses l\u00ednies: la millora dels serveis, amb l&#8217;ampliaci\u00f3 de BiciElx; les ajudes directes, amb els bons; i la creaci\u00f3 d&#8217;infraestructures, amb els carrils bici\u201d, ha agregat.<\/p>\n<p>La responsable municipal, ha destacat que \u201cel nostre objectiu \u00e9s fer m\u00e9s senzill el dia a dia de la ciutadania i aconseguir-ho a trav\u00e9s de pol\u00edtiques que, a m\u00e9s, reforcen el model de ciutat verda que estem implantant. Aix\u00f2 \u00e9s precisament el que aconseguim amb aquestes ajudes a la compra de bicicletes i patinets\u201d. I que <strong>la iniciativa s&#8217;emmarca dins del paquet global d&#8217;ajudes, de 7 milions d&#8217;euros en total, que des de l&#8217;Ajuntament d&#8217;Elx s&#8217;ha posat en marxa per a fer front a la crisi energ\u00e8tica i a l&#8217;augment de preus derivat de la guerra d&#8217;Ucra\u00efna<\/strong>, com la pujada de preus, com aquelles destinades a les fam\u00edlies i empreses il\u00b7licitanes amb ajudes al pagament de la factura de la llum, ajudes al pagament del rebut de l&#8217;IBI, ajudes al lloguer d&#8217;habitatges, ajudes a la compra d&#8217;electrodom\u00e8stics eficients, bons consum i exempci\u00f3 de diferents taxes.<\/p>\n<p>\u201cAquest Govern afronta la crisi conscient que els recursos han de destinar-se a blindar els serveis p\u00fablics, a facilitar als il\u00b7licitans i il\u00b7licitanes que arriben a final de mes i aprofundir en un model de ciutat sostenible. Aquest \u00e9s el nostre full de ruta i aquests s\u00f3n els resultats; <strong>una resposta social i verd a la crisi que \u00e9s l&#8217;\u00fanica manera d&#8217;assegurar el benestar dels nostres ve\u00efns i ve\u00efnes<\/strong>\u201d.<\/p>\n<hr \/>\n<p>&nbsp;<\/p>\n<p>[\/vc_column_text][\/vc_column][\/vc_row][vc_row][vc_column width=&#8221;1\/6&#8243;][\/vc_column][vc_column width=&#8221;2\/3&#8243;]<audio class=\"sc_audio\" src=\"https:\/\/soundcloud.com\/ayuntamiento-de-elche\/el-ayuntamiento-invierte-550000-euros-en-los-bonos-de-movilidad?utm_source=clipboard&#038;utm_medium=text&#038;utm_campaign=social_sharing\" width=\"\" height=\"\"><\/audio>[\/vc_column][vc_column width=&#8221;1\/6&#8243;][\/vc_column][\/vc_row]<\/p>\n<\/div>","protected":false},"excerpt":{"rendered":"<p>[vc_row el_id=&#8221;SUBTITULAR_NOTICIA&#8221;][vc_column][vc_column_text] L&#8217;edil del Mobilitat Sostenible, Esther D\u00edez, informa que els bons estaran disponibles per als empadronats a Elx mitjan\u00e7ant una web que s&#8217;habilitar\u00e0 el 10 d&#8217;agost, i que despr\u00e9s [&hellip;]<\/p>\n","protected":false},"author":131,"featured_media":206157,"comment_status":"closed","ping_status":"closed","sticky":false,"template":"","format":"standard","meta":{"footnotes":""},"categories":[391,217,1312],"tags":[],"class_list":["post-206164","post","type-post","status-publish","format-standard","has-post-thumbnail","hentry","category-home-va","category-mobilitat","category-noticias-va"],"_links":{"self":[{"href":"https:\/\/www.elche.es\/va\/wp-json\/wp\/v2\/posts\/206164","targetHints":{"allow":["GET"]}}],"collection":[{"href":"https:\/\/www.elche.es\/va\/wp-json\/wp\/v2\/posts"}],"about":[{"href":"https:\/\/www.elche.es\/va\/wp-json\/wp\/v2\/types\/post"}],"author":[{"embeddable":true,"href":"https:\/\/www.elche.es\/va\/wp-json\/wp\/v2\/users\/131"}],"replies":[{"embeddable":true,"href":"https:\/\/www.elche.es\/va\/wp-json\/wp\/v2\/comments?post=206164"}],"version-history":[{"count":0,"href":"https:\/\/www.elche.es\/va\/wp-json\/wp\/v2\/posts\/206164\/revisions"}],"wp:featuredmedia":[{"embeddable":true,"href":"https:\/\/www.elche.es\/va\/wp-json\/wp\/v2\/media\/206157"}],"wp:attachment":[{"href":"https:\/\/www.elche.es\/va\/wp-json\/wp\/v2\/media?parent=206164"}],"wp:term":[{"taxonomy":"category","embeddable":true,"href":"https:\/\/www.elche.es\/va\/wp-json\/wp\/v2\/categories?post=206164"},{"taxonomy":"post_tag","embeddable":true,"href":"https:\/\/www.elche.es\/va\/wp-json\/wp\/v2\/tags?post=206164"}],"curies":[{"name":"wp","href":"https:\/\/api.w.org\/{rel}","templated":true}]}}