{"id":206249,"date":"2022-07-17T09:10:17","date_gmt":"2022-07-17T08:10:17","guid":{"rendered":"https:\/\/www.elche.es\/2022\/07\/alejandra-juan-i-carla-garcia-triades-reines-major-i-infantil-de-les-festes-de-laltet-2022\/"},"modified":"2022-07-18T10:35:36","modified_gmt":"2022-07-18T09:35:36","slug":"alejandra-juan-i-carla-garcia-triades-reines-major-i-infantil-de-les-festes-de-laltet-2022","status":"publish","type":"post","link":"https:\/\/www.elche.es\/va\/2022\/07\/alejandra-juan-i-carla-garcia-triades-reines-major-i-infantil-de-les-festes-de-laltet-2022\/","title":{"rendered":"Alejandra Juan i Carla Garc\u00eda, triades reines major i infantil de les Festes de l&#8217;Altet 2022"},"content":{"rendered":"<div class=\"wpb-content-wrapper\"><p>[vc_row el_id=&#8221;SUBTITULAR_NOTICIA&#8221;][vc_column][vc_column_text]<\/p>\n<hr \/>\n<h4>El regidor il\u00b7licit\u00e0, Carlos Gonz\u00e1lez, acompanyat per l&#8217;edil Mariola Galiana, per l&#8217;alcalde pedani, Jos\u00e9 Manuel Meseguer; pel president de la Comissi\u00f3 de Festes de l&#8217;Altet, Jaime Gadea, i pel president de la UFECE, Andr\u00e9s Coves, va assistir a l&#8217;acte, que va reunir m\u00e9s de mig miler de persones a la pla\u00e7a Maig<\/h4>\n<hr \/>\n<p>[\/vc_column_text][\/vc_column][\/vc_row][vc_row el_id=&#8221;TEXTO_NOTICIA&#8221;][vc_column][vc_column_text]<strong>Alejandra Juan i Carla Garc\u00eda van ser triades anit reines major i infantil de les Festes de l&#8217;Altet<\/strong> davant m\u00e9s de mig miler de persones, a la gala celebrada a la pla\u00e7a principal de la pedania. El regidor il\u00b7licit\u00e0, Carlos Gonz\u00e1lez, acompanyat per l&#8217;edil de l&#8217;\u00e0rea, Mariola Galiana; per l&#8217;alcalde pedani, Jos\u00e9 Manuel Meseguer; pel president de la Comissi\u00f3 de Festes de l&#8217;Altet, Jaime Gadea, i pel president de la Uni\u00f3 de Festers del Camp d\u2019Elx (UFECE), Andr\u00e9s Coves, va assistir a un esdeveniment que va comen\u00e7ar a les 22.00 hores amb el tradicional sopar.[\/vc_column_text][\/vc_column][\/vc_row][vc_row type=&#8221;flexslider_slide&#8221; interval=&#8221;5&#8243; source=&#8221;media_library&#8221; images=&#8221;&#8221; img_size=&#8221;full&#8221; external_img_size=&#8221;&#8221; onclick=&#8221;link_image&#8221; custom_links_target=&#8221;_self&#8221; el_class=&#8221;galerianoticia&#8221; title=&#8221;&#8221; custom_srcs=&#8221;&#8221; custom_links=&#8221;&#8221;][vc_column][vc_gallery type=&#8221;flexslider_slide&#8221; interval=&#8221;5&#8243; images=&#8221;206197,206199,206203,206205,206207,206209,206211,206213,206215,206217,206219,206221,206223,206225,206227,206229,206231&#8243; img_size=&#8221;full&#8221; el_class=&#8221;galerianoticia&#8221;][\/vc_column][\/vc_row][vc_row][vc_column][vc_column_text]Passada la mitjanit, i despr\u00e9s de prendre en consideraci\u00f3 l&#8217;opini\u00f3 del p\u00fablic sobre les candidates mitjan\u00e7ant paperetes, Coves, en qualitat de portaveu del jurat, donava a con\u00e9ixer els noms de les reines de l&#8217;Altet de 2022. Tamb\u00e9 els de les dames d&#8217;honor majors, Micaela Rojas i Flor\u00e8ncia Magari\u00f1os, i de les infantils, Tatiana Barber\u00e1 i In\u00e9s Garc\u00eda, aix\u00ed com dels festers d&#8217;honor majors, Elodia Clavel i Juan Jos\u00e9 Segarra, i dels infantils, Nagore Navarro i Francisco Javier Burgos.<\/p>\n<p>\u201cPer fi, despr\u00e9s d&#8217;aquests dos anys tan complicats, tornen les festes\u201d, va manifestar la regidora, que va agrair a la comissi\u00f3 festera de l&#8217;Altet l&#8217;organitzaci\u00f3 del \u201cmagn\u00edfic acte\u201d i va felicitar els c\u00e0rrecs de 2022. \u201cAra que comen\u00e7a aquest meravell\u00f3s regnat, en el qual per fi torna la normalitat a les festes, <strong>aprofiteu al m\u00e0xim i viviu-ho amb molta alegria i il\u00b7lusi\u00f3<\/strong>. Perqu\u00e8 all\u00f2 que experimentareu a partir d&#8217;ara quedar\u00e0 per sempre en els vostres records\u201d, va traslladar Galiana a les noves reines, dames i festers d&#8217;honor.[\/vc_column_text][\/vc_column][\/vc_row][vc_row el_id=&#8221;DESTACADO_NOTICIA&#8221;][vc_column][vc_column_text el_class=&#8221;cuadronoticia&#8221;]<\/p>\n<h5>Tamb\u00e9 es van donar a con\u00e9ixer els noms de les dames d&#8217;honor majors, Micaela Rojas i Flor\u00e8ncia Magari\u00f1os, i de les infantils, Tatiana Barber\u00e1 i In\u00e9s Garc\u00eda, aix\u00ed com dels festers d&#8217;honor majors, Elodia Clavel i Juan Jos\u00e9 Segarra, i dels infantils, Nagore Navarro i Francisco Javier Burgos<\/h5>\n<p>[\/vc_column_text][\/vc_column][\/vc_row][vc_row][vc_column][vc_column_text]Aix\u00ed mateix, la responsable municipal va tindre paraules per al regnat sortint, convertit en \u201cel m\u00e9s llarg\u201d a conseq\u00fc\u00e8ncia de la pand\u00e8mia. \u201cGr\u00e0cies a la seua implicaci\u00f3 i a la de les seues fam\u00edlies per l&#8217;esfor\u00e7 que requereix estar en tant\u00edssims esdeveniments. Per\u00f2 sempre han acudit a tots amb molta alegria, il\u00b7lusi\u00f3 i representant l&#8217;Altet amb un alt nivell\u201d, va dir sobre la <strong>reina major i infantil de 2019, Arantxa L\u00f3pez i Minerva Ortiz<\/strong>. I, per extensi\u00f3, sobre l<strong>es dames majors, Ainhoa Carcedo i Ana Fern\u00e1ndez; les infantils, Leyre Ram\u00edrez i Ariadna Marco; i dels festers d&#8217;honor majors, Victoria Carri\u00f3n i David Fern\u00e1ndez; i dels infantils, Mar\u00eda i Daniela Pinilla<\/strong>.<\/p>\n<p>La vetlada, condu\u00efda per la reina infantil de l&#8217;Altet en 2013 i dama d&#8217;honor infantil en les Festes d&#8217;Elx en 2014, Nuria Tejero, va estar amenitzada per les <strong>actuacions coreogr\u00e0fiques a c\u00e0rrec del club de fit kid Armon\u00eda i de l&#8217;escola de ball Moonkey Move<\/strong>. I suposa el punt de partida cap a la setmana gran de l&#8217;Altet, que coincideix amb l&#8217;efem\u00e8ride de Sant Francesc d&#8217;Ass\u00eds, patr\u00f3 de la pedania. Si b\u00e9 abans, <strong>el 24 de setembre, <\/strong>de nou <strong>a la pla\u00e7a Major, tindr\u00e0 lloc la tradicional imposici\u00f3 de bandes<\/strong>.[\/vc_column_text][\/vc_column][\/vc_row][vc_row source=&#8221;media_library&#8221; image=&#8221;&#8221; img_size=&#8221;full&#8221; external_img_size=&#8221;&#8221; add_caption=&#8221;&#8221; alignment=&#8221;left&#8221; style=&#8221;&#8221; external_style=&#8221;&#8221; border_color=&#8221;grey&#8221; external_border_color=&#8221;grey&#8221; onclick=&#8221;link_image&#8221; img_link_target=&#8221;_self&#8221; el_class=&#8221;fotounicanoticia&#8221; title=&#8221;&#8221; custom_src=&#8221;&#8221; caption=&#8221;&#8221; link=&#8221;&#8221; img_link_large=&#8221;&#8221;][vc_column][vc_single_image image=&#8221;206195&#8243; img_size=&#8221;full&#8221; alignment=&#8221;center&#8221; onclick=&#8221;link_image&#8221; el_class=&#8221;fotounicanoticia&#8221;][\/vc_column][\/vc_row][vc_row el_id=&#8221;TEXTO_FIN_NOTICIA&#8221;][vc_column][vc_column_text]D&#8217;altra banda, Galiana va convidar els presents a gaudir el <strong>5 d&#8217;agost del preg\u00f3 de les Festes d&#8217;Elx a la Pla\u00e7a de Baix<\/strong>, que enguany ser\u00e0 llegit precisament per <strong>la cantant altetana Blanca Paloma<\/strong>, finalista per a representar Espanya en la passada edici\u00f3 d&#8217;Eurovisi\u00f3.<\/p>\n<hr \/>\n<p>[\/vc_column_text][\/vc_column][\/vc_row][vc_row][vc_column width=&#8221;1\/6&#8243;][\/vc_column][vc_column width=&#8221;2\/3&#8243;]<audio class=\"sc_audio\" src=\"https:\/\/soundcloud.com\/ayuntamiento-de-elche\/eleccion-de-reinas-mayores-e-infantiles-de-las-fiestas-de-el-altet-2022?utm_source=clipboard&#038;utm_medium=text&#038;utm_campaign=social_sharing\" width=\"\" height=\"\"><\/audio>[\/vc_column][vc_column width=&#8221;1\/6&#8243;][\/vc_column][\/vc_row]<\/p>\n<\/div>","protected":false},"excerpt":{"rendered":"<p>[vc_row el_id=&#8221;SUBTITULAR_NOTICIA&#8221;][vc_column][vc_column_text] El regidor il\u00b7licit\u00e0, Carlos Gonz\u00e1lez, acompanyat per l&#8217;edil Mariola Galiana, per l&#8217;alcalde pedani, Jos\u00e9 Manuel Meseguer; pel president de la Comissi\u00f3 de Festes de l&#8217;Altet, Jaime Gadea, i [&hellip;]<\/p>\n","protected":false},"author":131,"featured_media":206202,"comment_status":"closed","ping_status":"closed","sticky":false,"template":"","format":"standard","meta":{"footnotes":""},"categories":[191,391,1312],"tags":[],"class_list":["post-206249","post","type-post","status-publish","format-standard","has-post-thumbnail","hentry","category-festes-va","category-home-va","category-noticias-va"],"_links":{"self":[{"href":"https:\/\/www.elche.es\/va\/wp-json\/wp\/v2\/posts\/206249","targetHints":{"allow":["GET"]}}],"collection":[{"href":"https:\/\/www.elche.es\/va\/wp-json\/wp\/v2\/posts"}],"about":[{"href":"https:\/\/www.elche.es\/va\/wp-json\/wp\/v2\/types\/post"}],"author":[{"embeddable":true,"href":"https:\/\/www.elche.es\/va\/wp-json\/wp\/v2\/users\/131"}],"replies":[{"embeddable":true,"href":"https:\/\/www.elche.es\/va\/wp-json\/wp\/v2\/comments?post=206249"}],"version-history":[{"count":0,"href":"https:\/\/www.elche.es\/va\/wp-json\/wp\/v2\/posts\/206249\/revisions"}],"wp:featuredmedia":[{"embeddable":true,"href":"https:\/\/www.elche.es\/va\/wp-json\/wp\/v2\/media\/206202"}],"wp:attachment":[{"href":"https:\/\/www.elche.es\/va\/wp-json\/wp\/v2\/media?parent=206249"}],"wp:term":[{"taxonomy":"category","embeddable":true,"href":"https:\/\/www.elche.es\/va\/wp-json\/wp\/v2\/categories?post=206249"},{"taxonomy":"post_tag","embeddable":true,"href":"https:\/\/www.elche.es\/va\/wp-json\/wp\/v2\/tags?post=206249"}],"curies":[{"name":"wp","href":"https:\/\/api.w.org\/{rel}","templated":true}]}}