{"id":206582,"date":"2022-07-19T11:37:12","date_gmt":"2022-07-19T10:37:12","guid":{"rendered":"https:\/\/www.elche.es\/2022\/07\/obert-el-termini-per-a-participar-en-el-sorteig-de-localitats-per-a-la-tribuna-municipal-de-les-festes-dagost\/"},"modified":"2022-07-20T08:48:52","modified_gmt":"2022-07-20T07:48:52","slug":"obert-el-termini-per-a-participar-en-el-sorteig-de-localitats-per-a-la-tribuna-municipal-de-les-festes-dagost","status":"publish","type":"post","link":"https:\/\/www.elche.es\/va\/2022\/07\/obert-el-termini-per-a-participar-en-el-sorteig-de-localitats-per-a-la-tribuna-municipal-de-les-festes-dagost\/","title":{"rendered":"Obert el termini per a participar en el sorteig de localitats per a la \u2018Tribuna Municipal\u2019 de les Festes d&#8217;Agost"},"content":{"rendered":"<div class=\"wpb-content-wrapper\"><p>[vc_row el_id=&#8221;SUBTITULAR_NOTICIA&#8221;][vc_column][vc_column_text]<\/p>\n<hr \/>\n<h4>L&#8217;edil de Participaci\u00f3 Ciutadana, Puri Vives, informa que la inscripci\u00f3 estar\u00e0 oberta fins al 29 de juliol i el sorteig es realitzar\u00e0 l&#8217;1 d&#8217;agost<\/h4>\n<hr \/>\n<p>[\/vc_column_text][\/vc_column][\/vc_row][vc_row el_id=&#8221;TEXTO_FIN_NOTICIA&#8221;][vc_column][vc_column_text]La regidora de Participaci\u00f3 Ciutadana, Puri Vives, recorda que <strong>fins al pr\u00f2xim 29 de juliol estar\u00e0 obert el termini d&#8217;inscripci\u00f3 per a participar en el sorteig de localitats per a la \u00b4Tribuna Municipal`<\/strong> de les Festes d&#8217;Agost.<\/p>\n<p>Vives ha explicat que es tracta de 20 localitats per a l&#8217;Entrada Mora el 8 d&#8217;agost, 20 localitats dobles per a l&#8217;Ambaixada el 9 d&#8217;agost, 20 entrades dobles per a l&#8217;Entrada Cristiana el 10 d&#8217;agost, 20 localitats dobles per a la Xaranga l&#8217;11 d&#8217;agost, <strong>10 localitats dobles per al Misteri l&#8217;11 d&#8217;agost i altres 10 localitats dobles per a les representacions del Misteri el 12 d&#8217;agost<\/strong>.<\/p>\n<p>Aquells que estiguen interessats a participar hauran d&#8217;<strong>estar empadronats al municipi i tindre m\u00e9s de 16 anys<\/strong>. La inscripci\u00f3 es realitza a trav\u00e9s d&#8217;aquest <a href=\"https:\/\/www.elche.es\/va\/participacio-ciutadana\/festes-participatives\/\">enlla\u00e7<\/a>.<\/p>\n<p>El sorteig <strong>es realitzar\u00e0 el dia 1 d&#8217;agost i a les persones que resulten premiades se&#8217;ls comunicar\u00e0 per correu electr\u00f2nic<\/strong>. Qualsevol dubte o m\u00e9s informaci\u00f3 poden consultar-lo a trav\u00e9s del tel\u00e8fon de la Regidoria 966 658 280 o de manera presencial en aquesta.<\/p>\n<hr \/>\n<p>[\/vc_column_text][\/vc_column][\/vc_row][vc_row][vc_column width=&#8221;1\/6&#8243;][\/vc_column][vc_column width=&#8221;2\/3&#8243;]<audio class=\"sc_audio\" src=\"https:\/\/soundcloud.com\/ayuntamiento-de-elche\/abierto-el-sorteo-de-localidades-para-la-tribuna-municipal-de-las-fiestas-de-agosto?utm_source=clipboard&#038;utm_medium=text&#038;utm_campaign=social_sharing\" width=\"\" height=\"\"><\/audio>[\/vc_column][vc_column width=&#8221;1\/6&#8243;][\/vc_column][\/vc_row]<\/p>\n<\/div>","protected":false},"excerpt":{"rendered":"<p>[vc_row el_id=&#8221;SUBTITULAR_NOTICIA&#8221;][vc_column][vc_column_text] L&#8217;edil de Participaci\u00f3 Ciutadana, Puri Vives, informa que la inscripci\u00f3 estar\u00e0 oberta fins al 29 de juliol i el sorteig es realitzar\u00e0 l&#8217;1 d&#8217;agost [\/vc_column_text][\/vc_column][\/vc_row][vc_row el_id=&#8221;TEXTO_FIN_NOTICIA&#8221;][vc_column][vc_column_text]La regidora de [&hellip;]<\/p>\n","protected":false},"author":131,"featured_media":206554,"comment_status":"closed","ping_status":"closed","sticky":false,"template":"","format":"standard","meta":{"footnotes":""},"categories":[391,1312,208],"tags":[],"class_list":["post-206582","post","type-post","status-publish","format-standard","has-post-thumbnail","hentry","category-home-va","category-noticias-va","category-participacio-ciutadana-va"],"_links":{"self":[{"href":"https:\/\/www.elche.es\/va\/wp-json\/wp\/v2\/posts\/206582","targetHints":{"allow":["GET"]}}],"collection":[{"href":"https:\/\/www.elche.es\/va\/wp-json\/wp\/v2\/posts"}],"about":[{"href":"https:\/\/www.elche.es\/va\/wp-json\/wp\/v2\/types\/post"}],"author":[{"embeddable":true,"href":"https:\/\/www.elche.es\/va\/wp-json\/wp\/v2\/users\/131"}],"replies":[{"embeddable":true,"href":"https:\/\/www.elche.es\/va\/wp-json\/wp\/v2\/comments?post=206582"}],"version-history":[{"count":0,"href":"https:\/\/www.elche.es\/va\/wp-json\/wp\/v2\/posts\/206582\/revisions"}],"wp:featuredmedia":[{"embeddable":true,"href":"https:\/\/www.elche.es\/va\/wp-json\/wp\/v2\/media\/206554"}],"wp:attachment":[{"href":"https:\/\/www.elche.es\/va\/wp-json\/wp\/v2\/media?parent=206582"}],"wp:term":[{"taxonomy":"category","embeddable":true,"href":"https:\/\/www.elche.es\/va\/wp-json\/wp\/v2\/categories?post=206582"},{"taxonomy":"post_tag","embeddable":true,"href":"https:\/\/www.elche.es\/va\/wp-json\/wp\/v2\/tags?post=206582"}],"curies":[{"name":"wp","href":"https:\/\/api.w.org\/{rel}","templated":true}]}}