{"id":206661,"date":"2022-07-19T13:37:51","date_gmt":"2022-07-19T12:37:51","guid":{"rendered":"https:\/\/www.elche.es\/2022\/07\/itaxso-diaz-guanya-el-i-premi-de-curts-sobre-drets-humans-organitzat-per-cooperacio-al-desenvolupament-i-el-ficie-amb-un-documental-sobre-lavortament-a-el-salvador\/"},"modified":"2022-07-19T13:41:29","modified_gmt":"2022-07-19T12:41:29","slug":"itaxso-diaz-guanya-el-i-premi-de-curts-sobre-drets-humans-organitzat-per-cooperacio-al-desenvolupament-i-el-ficie-amb-un-documental-sobre-lavortament-a-el-salvador","status":"publish","type":"post","link":"https:\/\/www.elche.es\/va\/2022\/07\/itaxso-diaz-guanya-el-i-premi-de-curts-sobre-drets-humans-organitzat-per-cooperacio-al-desenvolupament-i-el-ficie-amb-un-documental-sobre-lavortament-a-el-salvador\/","title":{"rendered":"Itaxso D\u00edaz guanya el I Premi de Curts sobre Drets Humans organitzat per Cooperaci\u00f3 al Desenvolupament i el FICIE amb un documental sobre l&#8217;avortament a El Salvador"},"content":{"rendered":"<div class=\"wpb-content-wrapper\"><p>[vc_row el_id=&#8221;SUBTITULAR_NOTICIA&#8221;][vc_column][vc_column_text]<\/p>\n<hr \/>\n<h4>L&#8217;edil de l&#8217;\u00e0rea, Mariola Galiana, la realitzadora basca i el director del certamen cinematogr\u00e0fic il\u00b7licit\u00e0, Vicente Sanch\u00eds, participen en una taula redona a les instal\u00b7lacions de la Fundaci\u00f3 Mediterrani<\/h4>\n<hr \/>\n<p>[\/vc_column_text][\/vc_column][\/vc_row][vc_row el_id=&#8221;TEXTO_NOTICIA&#8221;][vc_column][vc_column_text]El documental <em>La historia de todas nosotras<\/em> sobre l&#8217;avortament a El Salvador s&#8217;ha al\u00e7at guanyador del I Premi de Curtmetratges sobre Drets Humans organitzat per la Regidoria de Cooperaci\u00f3 al Desenvolupament de l&#8217;Ajuntament \u2013que aporta els 1.000 euros del guard\u00f3\u2013 i el Festival Internacional de Cinema Independent d&#8217;Elx (FICIE). Aquesta nova categoria incorporada en la 45ena edici\u00f3 del veter\u00e0 certamen, que se celebra a la Ciutat de les Palmeres fins el pr\u00f2xim divendres 22 de juliol, era una antiga demanda i t\u00e9 per objectiu <strong>\u201cconscienciar, sensibilitzar i traslladar a la ciutadania sobre la violaci\u00f3 dels Drets Humans en diversos llocs del m\u00f3n\u201d<\/strong>, ha assenyalat l&#8217;edil Mariola Galiana a la Fundaci\u00f3 Mediterrani, al costat de la directora del curt guanyador, la videocreadora, documentalista i comiss\u00e0ria audiovisual Itaxso D\u00edaz (Gallarta, 1974).<\/p>\n<p>Amb una vintena d&#8217;obres en el seu haver, D\u00edaz ha agra\u00eft la concessi\u00f3 del guard\u00f3 al seu treball, que <strong>posa sobre la taula l&#8217;avortament focalitzat al pa\u00eds centreameric\u00e0, on es penalitza completament<\/strong>. \u201cNo existeix cap excepci\u00f3 que permeta realitzar-lo; ni per violaci\u00f3, malformaci\u00f3 del fetus incompatible amb la vida o per necessitats de la mare com un tractament per c\u00e0ncer\u201d, ha explicat la realitzadora bisca\u00efna. El seu documental reflecteix la vulneraci\u00f3 dels drets fonamentals i obri el debat sobre la presumpci\u00f3 d&#8217;innoc\u00e8ncia i els tribunals d&#8217;El Salvador, en ser un dels pa\u00efsos m\u00e9s restrictius del m\u00f3n amb la interrupci\u00f3 volunt\u00e0ria de l&#8217;embar\u00e0s, amb penes de fins a 40 anys.[\/vc_column_text][\/vc_column][\/vc_row][vc_row el_id=&#8221;DESTACADO_NOTICIA&#8221;][vc_column][vc_column_text el_class=&#8221;cuadronoticia&#8221;]<\/p>\n<h5>L&#8217;\u00e0rea dirigida per Galiana aporta des de 1997 fins a 2021 un total de 321.594 euros en una desena de projectes al pa\u00eds on es desenvolupa la pel\u00b7l\u00edcula, relatius a educaci\u00f3, sanejament, habitatge digne o atenci\u00f3 a la dona<\/h5>\n<p>[\/vc_column_text][\/vc_column][\/vc_row][vc_row el_id=&#8221;TEXTO_FIN_NOTICIA&#8221;][vc_column][vc_column_text]Elsi, Cinthia i Mariana s\u00f3n les protagonistes de la cinta, \u201cper\u00f2 podria ser la hist\u00f2ria de moltes altres i la de nosaltres\u201d. \u201cA vegades pensem que aix\u00f2 est\u00e0 molt lluny, que succeeix en contextos remots. I a Europa hi ha exemples com Malta, que no permet cap excepci\u00f3 per a avortar; com Andorra, M\u00f2naco o Pol\u00f2nia, que permeten una; o com Irlanda, que ho va despenalitzar en 2018 via refer\u00e8ndum\u201d. Per aix\u00f2, ha continuat la directora, \u201c\u00e9s important que ens conscienciem que eixos drets que <strong>hem caminat les dones respecte a la possibilitat de decidir sobre els nostres cossos estan en risc constant<\/strong>. No hem de baixar la gu\u00e0rdia, hem d&#8217;estar molt atentes\u201d, ha alertat.<\/p>\n<p>Despr\u00e9s de l&#8217;anunci de la guanyadora, Galiana i D\u00edaz han assistit a la projecci\u00f3 del curt i han participat, a continuaci\u00f3, en una taula redona amb el director del FICIE, Vicente Sanch\u00eds, en les mateixes depend\u00e8ncies de la Fundaci\u00f3 Mediterrani. En aquesta, a m\u00e9s de la traject\u00f2ria de la basca, de la vulneraci\u00f3 dels drets de les dones a El Salvador i en altres punts del planeta, i de la categoria de nova creaci\u00f3, l&#8217;edil ha exposat alguns de la <strong>desena de projectes al pa\u00eds on es desenvolupa la pel\u00b7l\u00edcula, en els quals la Regidoria ha aportat un total de 321.594 euros des de 1997 fins a 2021<\/strong>.<\/p>\n<p>En concret, l&#8217;\u00e0rea municipal dirigida per <strong>Galiana ha col\u00b7laborat amb Entrepobles, l&#8217;Obra Merced\u00e0ria d&#8217;Elx, Fundaci\u00f3 Adra, Mans Unides, Solidaritat Internacional del Pa\u00eds Valenci\u00e0 i Escoles Solid\u00e0ries<\/strong> en iniciatives relatives a intervenci\u00f3 educativa, sanejament, habitatge digne o d&#8217;atenci\u00f3 a la dona a San Salvador, la Mancomunitat Trinacional i en els departaments de Sonsonate, Ahuachap\u00e1n i Moraz\u00e1n.<\/p>\n<hr \/>\n<p>&nbsp;<\/p>\n<p>[\/vc_column_text][\/vc_column][\/vc_row][vc_row][vc_column width=&#8221;1\/6&#8243;][\/vc_column][vc_column width=&#8221;2\/3&#8243;]<audio class=\"sc_audio\" src=\"https:\/\/soundcloud.com\/ayuntamiento-de-elche\/mariola-galiana-y-la-directora-del-corto-documental-sobre-el-aborto-en-el-salvador-itxaso-diaz?utm_source=clipboard&#038;utm_medium=text&#038;utm_campaign=social_sharing\" width=\"\" height=\"\"><\/audio>[\/vc_column][vc_column width=&#8221;1\/6&#8243;][\/vc_column][\/vc_row]<\/p>\n<\/div>","protected":false},"excerpt":{"rendered":"<p>[vc_row el_id=&#8221;SUBTITULAR_NOTICIA&#8221;][vc_column][vc_column_text] L&#8217;edil de l&#8217;\u00e0rea, Mariola Galiana, la realitzadora basca i el director del certamen cinematogr\u00e0fic il\u00b7licit\u00e0, Vicente Sanch\u00eds, participen en una taula redona a les instal\u00b7lacions de la Fundaci\u00f3 [&hellip;]<\/p>\n","protected":false},"author":131,"featured_media":206650,"comment_status":"closed","ping_status":"closed","sticky":false,"template":"","format":"standard","meta":{"footnotes":""},"categories":[524,391,1312],"tags":[],"class_list":["post-206661","post","type-post","status-publish","format-standard","has-post-thumbnail","hentry","category-cooperacio","category-home-va","category-noticias-va"],"_links":{"self":[{"href":"https:\/\/www.elche.es\/va\/wp-json\/wp\/v2\/posts\/206661","targetHints":{"allow":["GET"]}}],"collection":[{"href":"https:\/\/www.elche.es\/va\/wp-json\/wp\/v2\/posts"}],"about":[{"href":"https:\/\/www.elche.es\/va\/wp-json\/wp\/v2\/types\/post"}],"author":[{"embeddable":true,"href":"https:\/\/www.elche.es\/va\/wp-json\/wp\/v2\/users\/131"}],"replies":[{"embeddable":true,"href":"https:\/\/www.elche.es\/va\/wp-json\/wp\/v2\/comments?post=206661"}],"version-history":[{"count":0,"href":"https:\/\/www.elche.es\/va\/wp-json\/wp\/v2\/posts\/206661\/revisions"}],"wp:featuredmedia":[{"embeddable":true,"href":"https:\/\/www.elche.es\/va\/wp-json\/wp\/v2\/media\/206650"}],"wp:attachment":[{"href":"https:\/\/www.elche.es\/va\/wp-json\/wp\/v2\/media?parent=206661"}],"wp:term":[{"taxonomy":"category","embeddable":true,"href":"https:\/\/www.elche.es\/va\/wp-json\/wp\/v2\/categories?post=206661"},{"taxonomy":"post_tag","embeddable":true,"href":"https:\/\/www.elche.es\/va\/wp-json\/wp\/v2\/tags?post=206661"}],"curies":[{"name":"wp","href":"https:\/\/api.w.org\/{rel}","templated":true}]}}