{"id":206996,"date":"2022-07-21T14:31:40","date_gmt":"2022-07-21T13:31:40","guid":{"rendered":"https:\/\/www.elche.es\/2022\/07\/la-cineasta-rosana-pastor-sera-homenatjada-en-la-clausura-del-45e-festival-de-cinema-independent-delx\/"},"modified":"2022-07-21T14:31:41","modified_gmt":"2022-07-21T13:31:41","slug":"la-cineasta-rosana-pastor-sera-homenatjada-en-la-clausura-del-45e-festival-de-cinema-independent-delx","status":"publish","type":"post","link":"https:\/\/www.elche.es\/va\/2022\/07\/la-cineasta-rosana-pastor-sera-homenatjada-en-la-clausura-del-45e-festival-de-cinema-independent-delx\/","title":{"rendered":"La cineasta Rosana Pastor ser\u00e0 homenatjada en la clausura del 45\u00e9 Festival de Cinema Independent d&#8217;Elx"},"content":{"rendered":"<div class=\"wpb-content-wrapper\"><p>[vc_row el_id=&#8221;SUBTITULAR_NOTICIA&#8221;][vc_column][vc_column_text]<\/p>\n<hr \/>\n<h4>La int\u00e8rpret valenciana s&#8217;ha mostrat \u201cmolt il\u00b7lusionada per rebre un homenatge en la meua terra\u201d i ha qualificat el FICIE com \u201cun dels festivals nacionals imprescindibles\u201d<\/h4>\n<hr \/>\n<p>[\/vc_column_text][\/vc_column][\/vc_row][vc_row el_id=&#8221;TEXTO_NOTICIA&#8221;][vc_column][vc_column_text]El Festival Internacional de Cinema Independent d&#8217;Elx (FICIE), organitzat per Fundaci\u00f3 Mediterrani i en el qual l&#8217;Ajuntament d&#8217;Elx col\u00b7labora, homenatjar\u00e0 en la clausura de la seua 45a edici\u00f3 Rosana Pastor. <strong>L&#8217;actriu i cineasta valenciana rebr\u00e0 la Palmera de Plata del certamen com a reconeixement a la seua llarga traject\u00f2ria<\/strong>. El guard\u00f3 s&#8217;entregar\u00e0 durant la Gala de Clausura del divendres 22 de juliol a l&#8217;Hort del Xocolater. Tamb\u00e9 s&#8217;atorgaran en aquesta cerim\u00f2nia els premis a les millors produccions.<\/p>\n<p>El president de Fundaci\u00f3 Mediterrani, Luis Boyer, ha presentat l&#8217;homenatge a Rosana Pastor en una roda de premsa en la qual tamb\u00e9 <strong>han participat la regidora de Cultura d&#8217;Elx, Marga Ant\u00f3n, i el director del festival, Vicente Sanch\u00eds<\/strong>.[\/vc_column_text][\/vc_column][\/vc_row][vc_row source=&#8221;media_library&#8221; image=&#8221;&#8221; img_size=&#8221;full&#8221; external_img_size=&#8221;&#8221; add_caption=&#8221;&#8221; alignment=&#8221;left&#8221; style=&#8221;&#8221; external_style=&#8221;&#8221; border_color=&#8221;grey&#8221; external_border_color=&#8221;grey&#8221; onclick=&#8221;link_image&#8221; img_link_target=&#8221;_self&#8221; el_class=&#8221;fotounicanoticia&#8221; title=&#8221;&#8221; custom_src=&#8221;&#8221; caption=&#8221;&#8221; link=&#8221;&#8221; img_link_large=&#8221;&#8221;][vc_column][vc_single_image image=&#8221;206864&#8243; img_size=&#8221;full&#8221; onclick=&#8221;link_image&#8221; el_class=&#8221;fotounicanoticia&#8221;][\/vc_column][\/vc_row][vc_row][vc_column][vc_column_text]L&#8217;edil de Cultura, Marga Ant\u00f3n, ha afirmat que \u201cElx t\u00e9 una gran riquesa i festivals com aquest encara fan que brille m\u00e9s. <strong>El municipi compta amb patrimonis que demostren la seua passi\u00f3 pel cinema o pel teatre com s\u00f3n el Misteri, el Palmerar o el projecte educatiu de Pu\u00e7ol<\/strong>\u201d. A m\u00e9s, la regidora ha assenyalat que \u201cl&#8217;obstinaci\u00f3 de la Regidoria \u00e9s sempre programar tot all\u00f2 necessari perqu\u00e8 totes les persones, en funci\u00f3 dels seus gustos, troben al cinema, la dansa, el teatre&#8230; Totes les diferents disciplines i es puga parlar amb orgull d&#8217;Elx com a ciutat cultural.\u201d<\/p>\n<p>Luis Boyer, president de la Fundaci\u00f3 Mediterrani, ha manifestat que \u201cper a Fundaci\u00f3 Mediterrani \u00e9s tot un orgull poder retre homenatge en el nostre Festival de Cinema d&#8217;Elx a Rosana Pastor, <strong>una de les figures m\u00e9s completes i poli\u00e8driques de la cultura i el cinema espanyol<\/strong>\u201d.<\/p>\n<p>Boyer ha afegit que \u201c<strong>Pastor \u00e9s una figura que encarna els valors del FICIE<\/strong>: excel\u00b7l\u00e8ncia com a actriu, innovaci\u00f3 i esperit de millora cont\u00ednua com a directora, comprom\u00eds amb les institucions culturals i del sector audiovisual\u201d.[\/vc_column_text][\/vc_column][\/vc_row][vc_row el_id=&#8221;DESTACADO_NOTICIA&#8221;][vc_column][vc_column_text el_class=&#8221;cuadronoticia&#8221;]<\/p>\n<h5>L&#8217;Hort del Xocolater acollir\u00e0 el 22 de juliol la Gala de Clausura del 45\u00e9 Festival de Cinema Independent d&#8217;Elx on s&#8217;homenatjar\u00e0 l&#8217;actriu Rosana Pastor<\/h5>\n<p>[\/vc_column_text][\/vc_column][\/vc_row][vc_row el_id=&#8221;TEXTO_FIN_NOTICIA&#8221;][vc_column][vc_column_text]Per part seua, Rosana Pastor s&#8217;ha mostrat molt il\u00b7lusionada \u201cper rebre un homenatge en la meua terra i en un festival al qual he estat vinculada diversos anys\u201d. Per a Pastor, el Festival de Cinema d&#8217;Elx \u00e9s \u201cun dels festivals nacionals imprescindibles\u201d i <strong>ha destacat la seua evoluci\u00f3 i la import\u00e0ncia que el seu guanyador participe en els Premis Goya<\/strong>.<\/p>\n<p>L&#8217;homenatjada ha manifestat la seua satisfacci\u00f3 per la projecci\u00f3, el passat 16 de juliol, del seu documental <em>Francisco Brines: Los signos desvelados<\/em> <strong>dedicat al poeta valenci\u00e0, Premi Cervantes 2020<\/strong>. \u201cVa ser molt especial haver conegut el poeta en la intimitat en les entrevistes que vam fer fins un mes abans de la seua defunci\u00f3\u201d, reconeix Rosana Pastor.<\/p>\n<p>\u201cEn la meua professi\u00f3\u201d, destaca Pastor, \u201csempre he intentat prendre decisions que tingueren a veure amb la persona que jo soc i amb la persona que jo vull ser; decisions amb el cap, per\u00f2 tamb\u00e9 amb el cor per a poder viure amb dignitat i ser tractats amb amor\u201d. <strong>Sobre el seu pas de l&#8217;actuaci\u00f3 a la direcci\u00f3 cinematogr\u00e0fica, l&#8217;actriu comenta que ho ha fet \u201cde manera l\u00f2gica\u201d<\/strong>. \u201cEm sent molt feli\u00e7 sent actriu, un treball per al qual m&#8217;he preparat, encara que el salt a l&#8217;altre costat de la cambra va arribar d&#8217;una forma molt natural\u201d.<\/p>\n<p>L&#8217;actriu i directora Rosana Pastor<strong> rebr\u00e0 de mans del president de Fundaci\u00f3 Mediterrani la Palmera de Plata<\/strong>, guard\u00f3 que el certamen entrega a la figura homenatjada durant la Gala de Clausura del FICIE. El Festival de Cinema d&#8217;Elx ha retut homenatge al llarg de les seues 45 edicions a artistes de la talla de Fernando Fern\u00e1n G\u00f3mez, Sara Montiel, Jos\u00e9 Luis Garci, Sancho Gracia, Juan Diego, Cayetana Guill\u00e9n Corb, Vicente Molina Foix o, l&#8217;any passat, Mariano Barroso.<\/p>\n<h5>Gala de clausura<\/h5>\n<p>La Gala de Clausura del 45\u00e9 Festival de Cinema d&#8217;Elx se celebrar\u00e0 el pr\u00f2xim divendres, 22 de juliol, a l&#8217;Hort del Xocolater a les 21.30 hores. En la cerim\u00f2nia s&#8217;entregaran tots els premis de les diferents categories que concursen, entre els quals es troben el Premi Fundaci\u00f3 Mediterrani al millor curtmetratge, el Premi Ciutat d\u2019Elx al millor curt de ficci\u00f3 o el Premi FesCurt a la millor producci\u00f3 feta a la Comunitat Valenciana. A m\u00e9s, <strong>enguany s&#8217;entregar\u00e0, per primera vegada en la hist\u00f2ria del festival, el Premi al Millor llargmetratge<\/strong>, que eixir\u00e0 dels huit llargs projectats en la secci\u00f3 oficial.<\/p>\n<p>Organitzat i patrocinat per la Fundaci\u00f3 Mediterrani, <strong>el Festival Internacional de Cinema Independent d&#8217;Elx compta amb la col\u00b7laboraci\u00f3 de l&#8217;Ajuntament d&#8217;Elx i del Cinema Club Luis Bu\u00f1uel d&#8217;Elx<\/strong>. Tota la programaci\u00f3 i les novetats es poden con\u00e9ixer a trav\u00e9s de la web <a href=\"http:\/\/ficie.fundacionmediterraneo.es\">http:\/\/ficie.fundacionmediterraneo.es<\/a> i de les xarxes socials de Fundaci\u00f3 Mediterrani.<\/p>\n<hr \/>\n<p>[\/vc_column_text][\/vc_column][\/vc_row][vc_row][vc_column width=&#8221;1\/6&#8243;][\/vc_column][vc_column width=&#8221;2\/3&#8243;]<audio class=\"sc_audio\" src=\"https:\/\/soundcloud.com\/ayuntamiento-de-elche\/el-ficie-homenajeara-a-la-actriz-rosana-pastor-en-su-45-edicion?utm_source=clipboard&#038;utm_medium=text&#038;utm_campaign=social_sharing\" width=\"\" height=\"\"><\/audio>[\/vc_column][vc_column width=&#8221;1\/6&#8243;][\/vc_column][\/vc_row]<\/p>\n<\/div>","protected":false},"excerpt":{"rendered":"<p>[vc_row el_id=&#8221;SUBTITULAR_NOTICIA&#8221;][vc_column][vc_column_text] La int\u00e8rpret valenciana s&#8217;ha mostrat \u201cmolt il\u00b7lusionada per rebre un homenatge en la meua terra\u201d i ha qualificat el FICIE com \u201cun dels festivals nacionals imprescindibles\u201d [\/vc_column_text][\/vc_column][\/vc_row][vc_row el_id=&#8221;TEXTO_NOTICIA&#8221;][vc_column][vc_column_text]El [&hellip;]<\/p>\n","protected":false},"author":131,"featured_media":206863,"comment_status":"closed","ping_status":"closed","sticky":false,"template":"","format":"standard","meta":{"footnotes":""},"categories":[193,391,1312],"tags":[],"class_list":["post-206996","post","type-post","status-publish","format-standard","has-post-thumbnail","hentry","category-cultura-va","category-home-va","category-noticias-va"],"_links":{"self":[{"href":"https:\/\/www.elche.es\/va\/wp-json\/wp\/v2\/posts\/206996","targetHints":{"allow":["GET"]}}],"collection":[{"href":"https:\/\/www.elche.es\/va\/wp-json\/wp\/v2\/posts"}],"about":[{"href":"https:\/\/www.elche.es\/va\/wp-json\/wp\/v2\/types\/post"}],"author":[{"embeddable":true,"href":"https:\/\/www.elche.es\/va\/wp-json\/wp\/v2\/users\/131"}],"replies":[{"embeddable":true,"href":"https:\/\/www.elche.es\/va\/wp-json\/wp\/v2\/comments?post=206996"}],"version-history":[{"count":0,"href":"https:\/\/www.elche.es\/va\/wp-json\/wp\/v2\/posts\/206996\/revisions"}],"wp:featuredmedia":[{"embeddable":true,"href":"https:\/\/www.elche.es\/va\/wp-json\/wp\/v2\/media\/206863"}],"wp:attachment":[{"href":"https:\/\/www.elche.es\/va\/wp-json\/wp\/v2\/media?parent=206996"}],"wp:term":[{"taxonomy":"category","embeddable":true,"href":"https:\/\/www.elche.es\/va\/wp-json\/wp\/v2\/categories?post=206996"},{"taxonomy":"post_tag","embeddable":true,"href":"https:\/\/www.elche.es\/va\/wp-json\/wp\/v2\/tags?post=206996"}],"curies":[{"name":"wp","href":"https:\/\/api.w.org\/{rel}","templated":true}]}}