{"id":206999,"date":"2022-07-21T14:39:55","date_gmt":"2022-07-21T13:39:55","guid":{"rendered":"https:\/\/www.elche.es\/2022\/07\/mobilitat-i-eficiencia-energetica-instal%c2%b7len-els-primers-punts-publics-de-recarrega-per-a-vehicles-electrics\/"},"modified":"2022-07-21T14:39:56","modified_gmt":"2022-07-21T13:39:56","slug":"mobilitat-i-eficiencia-energetica-instal%c2%b7len-els-primers-punts-publics-de-recarrega-per-a-vehicles-electrics","status":"publish","type":"post","link":"https:\/\/www.elche.es\/va\/2022\/07\/mobilitat-i-eficiencia-energetica-instal%c2%b7len-els-primers-punts-publics-de-recarrega-per-a-vehicles-electrics\/","title":{"rendered":"Mobilitat i Efici\u00e8ncia Energ\u00e8tica instal\u00b7len els primers punts p\u00fablics de rec\u00e0rrega per a vehicles el\u00e8ctrics"},"content":{"rendered":"<div class=\"wpb-content-wrapper\"><p>[vc_row el_id=&#8221;SUBTITULAR_NOTICIA&#8221;][vc_column][vc_column_text]<\/p>\n<hr \/>\n<h4>Els edils Esther D\u00edez i Felip S\u00e0nchez destaquen que les noves estacions seran gratu\u00eftes fins l&#8217;aprovaci\u00f3 d&#8217;una ordenan\u00e7a i que permetran estalviar prop de 30 tones de CO\u2082 a l&#8217;any<\/h4>\n<hr \/>\n<p>[\/vc_column_text][\/vc_column][\/vc_row][vc_row el_id=&#8221;TEXTO_NOTICIA&#8221;][vc_column][vc_column_text]La regidora de Mobilitat Sostenible, Esther D\u00edez i el regidor d&#8217;Efici\u00e8ncia Energ\u00e8tica, Felip S\u00e1nchez, han presentat <strong>quatre nous punts de rec\u00e0rrega semir\u00e0pids per a vehicles el\u00e8ctrics<\/strong> que suposen un pas m\u00e9s en el desenvolupament de la mobilitat sostenible en el municipi.<\/p>\n<p>Tal com ha explicat D\u00edez, els nous punts s\u00f3n <strong>els primers de car\u00e0cter 100% p\u00fablic<\/strong> al municipi i se situen al carrer Almansa del pol\u00edgon de Carr\u00fas, al carrer Eugeni d\u2019Ors, prop del Centre de Congressos, al carrer Juan de la Cierva del Parc Empresarial de Torrellano i al carrer Pere Joan Perpiny\u00e0, al Sector V del barri del Pla.[\/vc_column_text][\/vc_column][\/vc_row][vc_row type=&#8221;flexslider_slide&#8221; interval=&#8221;5&#8243; source=&#8221;media_library&#8221; images=&#8221;&#8221; img_size=&#8221;full&#8221; external_img_size=&#8221;&#8221; onclick=&#8221;link_image&#8221; custom_links_target=&#8221;_self&#8221; el_class=&#8221;galerianoticia&#8221; title=&#8221;&#8221; custom_srcs=&#8221;&#8221; custom_links=&#8221;&#8221;][vc_column][vc_gallery type=&#8221;flexslider_slide&#8221; interval=&#8221;5&#8243; images=&#8221;206911,206909,206907&#8243; img_size=&#8221;full&#8221; el_class=&#8221;galerianoticia&#8221;][\/vc_column][\/vc_row][vc_row][vc_column][vc_column_text]\u201cEs tracta de localitzacions pr\u00f2ximes a entorns industrials i comercials, de manera que mentre es realitza la c\u00e0rrega el conductor o conductora puga dur a terme altres activitats a la ciutat. Aquests punts p\u00fablics se sumen als instal\u00b7lats ja per diferents empreses privades al nostre municipi al llarg dels \u00faltims mesos, la qual cosa ha convertit a Elx en un referent pel que fa a la xarxa de c\u00e0rrega de vehicles el\u00e8ctrics \u201d, ha apuntat D\u00edez.<\/p>\n<p>Cadascuna de les estacions compta amb dos assortidors que en total podran subministrar energia a huit vehicles el\u00e8ctrics de manera simult\u00e0nia. Es tracta de <strong>punts de pagament semir\u00e0pids, de 22 quilowatts, que permetran carregar els vehicles al 100% en 40-60 minuts<\/strong> i els donen una autonomia d&#8217;aproximadament 100 quil\u00f2metres.<\/p>\n<p>La regidora ha concretat que la instal\u00b7laci\u00f3 d&#8217;aquests punts <strong>ha suposat una inversi\u00f3 de 45.509 euros per part de la Regidoria de Mobilitat Sostenible, que s&#8217;ha subvencionat al 80% per l&#8217;Institut Valenci\u00e0 de Competitivitat Empresarial (IVACE)<\/strong>, instituci\u00f3 a la qual l&#8217;edil ha agra\u00eft aquesta mena d&#8217;ajudes.[\/vc_column_text][\/vc_column][\/vc_row][vc_row el_id=&#8221;DESTACADO_NOTICIA&#8221;][vc_column][vc_column_text el_class=&#8221;cuadronoticia&#8221;]<\/p>\n<h5>Les instal\u00b7lacions se situen al carrer Almansa del pol\u00edgon de Carr\u00fas, al carrer Eugeni d\u2019Ors, prop del Centre de Congressos, al carrer Juan de la Cierva del Parc Empresarial de Torrellano i al carrer Pere Joan Perpiny\u00e0, al Sector V del barri del Pla<\/h5>\n<p>[\/vc_column_text][\/vc_column][\/vc_row][vc_row el_id=&#8221;TEXTO_FIN_NOTICIA&#8221;][vc_column][vc_column_text]A m\u00e9s, D\u00edez ha manifestat que \u201ccalculem que aquestes <strong>noves estacions suposen una reducci\u00f3 de prop de 30 tones de di\u00f2xid de carboni a l&#8217;any i, per tant, contribueixen a eixa estrat\u00e8gia d&#8217;aconseguir una ciutat verda i a garantir als nostres ve\u00efns i ve\u00efnes el dret a respirar aire net<\/strong>. La mobilitat sostenible \u00e9s l&#8217;eina m\u00e9s potent que tenim per a aconseguir-ho i continuarem avan\u00e7ant amb decisi\u00f3 per a assegurar entorns saludables i contribuir a la transici\u00f3 ecol\u00f2gica, a m\u00e9s d&#8217;oferir alternatives davant l&#8217;augment del preu dels combustibles.\u201d<\/p>\n<p>\u201cVull recordar tamb\u00e9 que<strong> els vehicles el\u00e8ctrics tenen m\u00e9s bonificacions com la rebaixa del 75 per cent de l&#8217;impost de circulaci\u00f3 (en cas de ser vehicles zero emissions) i del 55 per cent en cas de comptar amb etiqueta ECO<\/strong>. A m\u00e9s, els vehicles zero emissions i ECO no paguen durant les dues primeres hores d&#8217;estacionament en la zona ORA\u201d, ha afegit D\u00edez.<\/p>\n<h5>Estacions gratu\u00eftes i sistema de telegesti\u00f3<\/h5>\n<p>Per part seua, Felip S\u00e1nchez, ha anunciat que aquests punts de rec\u00e0rrega seran gratu\u00efts per a tota la ciutadania fins que s&#8217;elabore una ordenan\u00e7a que regule els preus d\u2019aquestos i ha explicat que en les estacions <strong>\u201chi haur\u00e0 un sistema de telegesti\u00f3 que ens permetr\u00e0 saber els consums que es van realitzant en cada estaci\u00f3 de rec\u00e0rrega i tamb\u00e9 les emissions de CO\u2082 que es poden estalviar\u201d<\/strong>.<\/p>\n<p>A m\u00e9s, l&#8217;edil ha assenyalat que \u201caquesta actuaci\u00f3, juntament amb l&#8217;electrolinera que tenim a l&#8217;estaci\u00f3 d&#8217;autobusos i la major electrolinera que s&#8217;ha instal\u00b7lat al sud d&#8217;Europa (situada a l&#8217;\u00e0rea de descans de l&#8217;A7), suposar\u00e0 que <strong>el nostre municipi es convertisca en referent i que assegure un bon servei a les persones que tinguen vehicle el\u00e8ctric<\/strong>, per\u00f2 tamb\u00e9 per a les persones que vulguen fer el pas de canviar-se.\u201d<\/p>\n<p>A la presentaci\u00f3 dels punts de rec\u00e0rrega tamb\u00e9 ha assistit Santiago Miralles, delegat a la prov\u00edncia d&#8217;Alacant de l&#8217;Associaci\u00f3 d&#8217;Usuaris de Vehicles el\u00e8ctrics (AUVE), que ha felicitat l&#8217;Ajuntament per aquesta actuaci\u00f3 i ha manifestat el seu desig que la mobilitat el\u00e8ctrica tinga cada vegada m\u00e9s penetraci\u00f3 al municipi i ha afegit que <strong>\u201c\u00e9s una cosa que ve per a quedar-se i a la qual hem d&#8217;anar tots com a usuaris per a tindre un entorn i un aire m\u00e9s respirable\u201d.<\/strong><\/p>\n<hr \/>\n<p>&nbsp;<\/p>\n<p>[\/vc_column_text][\/vc_column][\/vc_row][vc_row][vc_column width=&#8221;1\/2&#8243;]<audio class=\"sc_audio\" src=\"https:\/\/soundcloud.com\/ayuntamiento-de-elche\/cuatro-puntos-de-recarga-de-vehiculos-electricos?utm_source=clipboard&#038;utm_medium=text&#038;utm_campaign=social_sharing\" width=\"\" height=\"\"><\/audio>[\/vc_column][vc_column width=&#8221;1\/2&#8243;]<audio class=\"sc_audio\" src=\"https:\/\/soundcloud.com\/ayuntamiento-de-elche\/presentacion-de-cuatro-puntos-publicos-de-recarga-de-vehiculos-electricos?utm_source=clipboard&#038;utm_medium=text&#038;utm_campaign=social_sharing\" width=\"\" height=\"\"><\/audio>[\/vc_column][\/vc_row]<\/p>\n<\/div>","protected":false},"excerpt":{"rendered":"<p>[vc_row el_id=&#8221;SUBTITULAR_NOTICIA&#8221;][vc_column][vc_column_text] Els edils Esther D\u00edez i Felip S\u00e0nchez destaquen que les noves estacions seran gratu\u00eftes fins l&#8217;aprovaci\u00f3 d&#8217;una ordenan\u00e7a i que permetran estalviar prop de 30 tones de CO\u2082 [&hellip;]<\/p>\n","protected":false},"author":131,"featured_media":206914,"comment_status":"closed","ping_status":"closed","sticky":false,"template":"","format":"standard","meta":{"footnotes":""},"categories":[2787,391,217,1312],"tags":[],"class_list":["post-206999","post","type-post","status-publish","format-standard","has-post-thumbnail","hentry","category-eficiencia-energetica-va","category-home-va","category-mobilitat","category-noticias-va"],"_links":{"self":[{"href":"https:\/\/www.elche.es\/va\/wp-json\/wp\/v2\/posts\/206999","targetHints":{"allow":["GET"]}}],"collection":[{"href":"https:\/\/www.elche.es\/va\/wp-json\/wp\/v2\/posts"}],"about":[{"href":"https:\/\/www.elche.es\/va\/wp-json\/wp\/v2\/types\/post"}],"author":[{"embeddable":true,"href":"https:\/\/www.elche.es\/va\/wp-json\/wp\/v2\/users\/131"}],"replies":[{"embeddable":true,"href":"https:\/\/www.elche.es\/va\/wp-json\/wp\/v2\/comments?post=206999"}],"version-history":[{"count":0,"href":"https:\/\/www.elche.es\/va\/wp-json\/wp\/v2\/posts\/206999\/revisions"}],"wp:featuredmedia":[{"embeddable":true,"href":"https:\/\/www.elche.es\/va\/wp-json\/wp\/v2\/media\/206914"}],"wp:attachment":[{"href":"https:\/\/www.elche.es\/va\/wp-json\/wp\/v2\/media?parent=206999"}],"wp:term":[{"taxonomy":"category","embeddable":true,"href":"https:\/\/www.elche.es\/va\/wp-json\/wp\/v2\/categories?post=206999"},{"taxonomy":"post_tag","embeddable":true,"href":"https:\/\/www.elche.es\/va\/wp-json\/wp\/v2\/tags?post=206999"}],"curies":[{"name":"wp","href":"https:\/\/api.w.org\/{rel}","templated":true}]}}