{"id":207169,"date":"2022-07-23T15:58:53","date_gmt":"2022-07-23T14:58:53","guid":{"rendered":"https:\/\/www.elche.es\/2022\/07\/ajuntament-i-hostaleria-acorden-la-creacio-del-raco-doci-festielx-per-a-potenciar-les-festes-dagost-com-a-reclam-turistic\/"},"modified":"2022-07-23T15:58:53","modified_gmt":"2022-07-23T14:58:53","slug":"ajuntament-i-hostaleria-acorden-la-creacio-del-raco-doci-festielx-per-a-potenciar-les-festes-dagost-com-a-reclam-turistic","status":"publish","type":"post","link":"https:\/\/www.elche.es\/va\/2022\/07\/ajuntament-i-hostaleria-acorden-la-creacio-del-raco-doci-festielx-per-a-potenciar-les-festes-dagost-com-a-reclam-turistic\/","title":{"rendered":"Ajuntament i hostaleria acorden la creaci\u00f3 del rac\u00f3 d&#8217;oci \u2018FestiElx\u2019 per a potenciar les Festes d&#8217;Agost com a reclam tur\u00edstic"},"content":{"rendered":"<div class=\"wpb-content-wrapper\"><p>[vc_row el_id=&#8221;SUBTITULAR_NOTICIA&#8221;][vc_column][vc_column_text]<\/p>\n<hr \/>\n<h4>L&#8217;alcalde, Carlos Gonz\u00e1lez, explica que \u201chui hem culminat un acord en el qual port\u00e0vem temps treballant i el prop\u00f2sit del qual \u00e9s aconseguir unes festes que siguen inoblidables i les millors en molts anys\u201d<\/h4>\n<hr \/>\n<p>[\/vc_column_text][\/vc_column][\/vc_row][vc_row el_id=&#8221;TEXTO_NOTICIA&#8221;][vc_column][vc_column_text]L&#8217;Ajuntament d&#8217;Elx i les associacions d&#8217;hostaleria de la ciutat <strong>han acordat la creaci\u00f3 del rac\u00f3 d&#8217;oci \u201cFestiElx\u2019,<\/strong> una iniciativa que t\u00e9 com a objectiu final potenciar les festes patronals i convertir-les en un referent, tant per als il\u00b7licitans i les il\u00b7licitanes, com per als turistes de l&#8217;entorn, de la Costa Blanca.<\/p>\n<p>Aix\u00ed ho ha anunciat l&#8217;alcalde, Carlos Gonz\u00e1lez, que ha explicat que \u201cal tradicional Rac\u00f3 Gastron\u00f2mic, que ha sigut un gran est\u00edmul en les anteriors festes patronals, s&#8217;uneix un nou rac\u00f3 d&#8217;oci, anomenat \u2019FestiElx\u2019, <strong>que es desenvolupar\u00e0 tamb\u00e9 al Passeig de l&#8217;Estaci\u00f3 i que ser\u00e0 un nou esper\u00f3 per a les nostres Festes d&#8217;Agost<\/strong>\u201d.[\/vc_column_text][\/vc_column][\/vc_row][vc_row type=&#8221;flexslider_slide&#8221; interval=&#8221;5&#8243; source=&#8221;media_library&#8221; images=&#8221;&#8221; img_size=&#8221;full&#8221; external_img_size=&#8221;&#8221; onclick=&#8221;link_image&#8221; custom_links_target=&#8221;_self&#8221; el_class=&#8221;galerianoticia&#8221; title=&#8221;&#8221; custom_srcs=&#8221;&#8221; custom_links=&#8221;&#8221;][vc_column][vc_gallery type=&#8221;flexslider_slide&#8221; interval=&#8221;5&#8243; images=&#8221;207149,207151,207147,207155&#8243; img_size=&#8221;full&#8221; el_class=&#8221;galerianoticia&#8221;][\/vc_column][\/vc_row][vc_row][vc_column][vc_column_text]Aquest dissabte 11 de juliol <strong>s&#8217;ha tancat l&#8217;acord en una reuni\u00f3 a la qual han assistit el mateix alcalde, l&#8217;edil de Festes, Mariola Galiana, el regidor de Seguretat, Ram\u00f3n Abad, el cap de la Policia Local, C\u00e9sar Zaragoza, i els representants del sector de l&#8217;hostaleria il\u00b7licitana<\/strong>, en aquest cas, el president de l&#8217;Associaci\u00f3 Hostaleria Elx, Marco Antonio Pomares, i la presidenta de la Plataforma Hostaleria Il\u00b7licitana, Paqui Solves.<\/p>\n<p>\u201cHui hem culminat un acord en el qual port\u00e0vem temps treballant i el prop\u00f2sit del qual \u00e9s, despr\u00e9s de dos anys infaustos, aconseguir unes festes que siguen inoblidables i les millors en molts anys\u201d, ha indicat Gonz\u00e1lez, que ha afegit que \u201ca m\u00e9s, <strong>unes festes que servisquen per a la recuperaci\u00f3 econ\u00f2mica i de l&#8217;ocupaci\u00f3<\/strong>\u201d.<\/p>\n<p>L&#8217;alcalde ha apuntat que la intenci\u00f3 \u00e9s que els acords aconseguits no siguen excepcionals i tinguen continu\u00eftat en el futur, \u201c<strong>que siguen un punt de partida per a canviar el model de festes per a fer-les unes de les m\u00e9s importants de la Comunitat Valenciana<\/strong>, que siguen un aut\u00e8ntic reclam tur\u00edstic, i que a m\u00e9s de gaudir d&#8217;elles els il\u00b7licitans i les il\u00b7licitanes, ho facen tamb\u00e9 els turistes que visiten la Costa Blanca\u201d.[\/vc_column_text][\/vc_column][\/vc_row][vc_row el_id=&#8221;DESTACADO_NOTICIA&#8221;][vc_column][vc_column_text el_class=&#8221;cuadronoticia&#8221;]<\/p>\n<h5>La regidora de Festes, Mariola Galiana, ha anunciat que el nou rac\u00f3 obrir\u00e0 al Passeig de l&#8217;Estaci\u00f3 el 5 d&#8217;agost despr\u00e9s del preg\u00f3 i continuar\u00e0 els dies 6,7,8 i 9 d&#8217;agost<\/h5>\n<p>[\/vc_column_text][\/vc_column][\/vc_row][vc_row el_id=&#8221;TEXTO_FIN_NOTICIA&#8221;][vc_column][vc_column_text]El regidor ha destacat que <strong>l&#8217;hostaleria \u00e9s un sector clau en el desenvolupament de les festes i en el conjunt de l&#8217;economia local<\/strong>. \u201cHi ha una part de les festes que naix de la iniciativa p\u00fablica, de les nostres tradicions, per\u00f2 el sector hostaler ofereix un complement que \u00e9s indispensable per al gaudi de la ciutadania\u201d.<\/p>\n<p>\u201cEn definitiva, \u2018FestiElx\u2019 ser\u00e0 un al\u00b7licient per al centre hist\u00f2ric, <strong>un al\u00b7licient per a l&#8217;hostaleria des del punt de vista econ\u00f2mic i un reclam tur\u00edstic<\/strong> que permeta posicionar les nostres festes com unes de les millors de la Comunitat Valenciana\u201d, ha concl\u00f2s el regidor.<\/p>\n<p>Per part seua, Mariola Galiana ha explicat que el rac\u00f3 d&#8217;oci \u2018FestiElx\u2019 \u00e9s una nova iniciativa per a potenciar les festes i que s<strong>e suma a altres com l&#8217;avan\u00e7ament del preg\u00f3 per a gaudir de dos caps de setmana de festes i incentivar aix\u00ed l&#8217;economia local<\/strong>.<\/p>\n<p>Galiana ha explicat que <strong>el rac\u00f3 \u2018FestiElx\u2019 obrir\u00e0 el dia 5 d&#8217;agost, despr\u00e9s del Preg\u00f3, al Passeig de l&#8217;Estaci\u00f3, on romandr\u00e0 els dies 6, 7, 8 i 9 d&#8217;agost<\/strong>. L&#8217;edil ha assenyalat que aquest rac\u00f3 unir\u00e0 gastronomia, oci i cultura, ja que hi ha previstes actuacions en directe de grups musicals il\u00b7licitans.<\/p>\n<p>Ha anunciat a m\u00e9s que amb la finalitat de potenciar aquest rac\u00f3 <strong>s&#8217;han programat dues noves &#8220;mascletaes&#8221; di\u00fcrnes els dies 8 i 9 d&#8217;agost<\/strong>.<\/p>\n<p>Marco Antonio Pomares ha agra\u00eft l&#8217;esfor\u00e7 realitzat per l&#8217;Ajuntament per a <strong>\u201carribar a un acord satisfactori amb rapidesa i comptar aix\u00ed amb un bon pla per a aquestes festes\u201d<\/strong>.<\/p>\n<p>\u201cPer primera vegada podrem treballar dos caps de setmana i comptarem amb \u2018FestiElx\u2019, que permetr\u00e0 conjugar m\u00fasica i gastronomia. Apostarem per <strong>actuacions de grups locals i volem que siga un reclam per a portar turisme a Elx<\/strong>\u201d, ha assenyalat.<\/p>\n<p>En la mateixa l\u00ednia, Paqui Solves, ha destacat sobre la iniciativa del nou rac\u00f3 que <strong>\u201cespere que siga l&#8217;inici d&#8217;una bonica hist\u00f2ria\u201d<\/strong>.<\/p>\n<hr \/>\n<p>[\/vc_column_text][\/vc_column][\/vc_row][vc_row][vc_column width=&#8221;1\/6&#8243;][\/vc_column][vc_column width=&#8221;2\/3&#8243;]<audio class=\"sc_audio\" src=\"https:\/\/soundcloud.com\/ayuntamiento-de-elche\/ayuntamiento-y-hosteleria-acuerdan-la-creacion-del-raco-de-ocio-festielx?utm_source=clipboard&#038;utm_medium=text&#038;utm_campaign=social_sharing\" width=\"\" height=\"\"><\/audio>[\/vc_column][vc_column width=&#8221;1\/6&#8243;][\/vc_column][\/vc_row]<\/p>\n<\/div>","protected":false},"excerpt":{"rendered":"<p>[vc_row el_id=&#8221;SUBTITULAR_NOTICIA&#8221;][vc_column][vc_column_text] L&#8217;alcalde, Carlos Gonz\u00e1lez, explica que \u201chui hem culminat un acord en el qual port\u00e0vem temps treballant i el prop\u00f2sit del qual \u00e9s aconseguir unes festes que siguen inoblidables [&hellip;]<\/p>\n","protected":false},"author":131,"featured_media":207144,"comment_status":"closed","ping_status":"closed","sticky":false,"template":"","format":"standard","meta":{"footnotes":""},"categories":[191,391,1312,223],"tags":[],"class_list":["post-207169","post","type-post","status-publish","format-standard","has-post-thumbnail","hentry","category-festes-va","category-home-va","category-noticias-va","category-recursos-humans-va"],"_links":{"self":[{"href":"https:\/\/www.elche.es\/va\/wp-json\/wp\/v2\/posts\/207169","targetHints":{"allow":["GET"]}}],"collection":[{"href":"https:\/\/www.elche.es\/va\/wp-json\/wp\/v2\/posts"}],"about":[{"href":"https:\/\/www.elche.es\/va\/wp-json\/wp\/v2\/types\/post"}],"author":[{"embeddable":true,"href":"https:\/\/www.elche.es\/va\/wp-json\/wp\/v2\/users\/131"}],"replies":[{"embeddable":true,"href":"https:\/\/www.elche.es\/va\/wp-json\/wp\/v2\/comments?post=207169"}],"version-history":[{"count":0,"href":"https:\/\/www.elche.es\/va\/wp-json\/wp\/v2\/posts\/207169\/revisions"}],"wp:featuredmedia":[{"embeddable":true,"href":"https:\/\/www.elche.es\/va\/wp-json\/wp\/v2\/media\/207144"}],"wp:attachment":[{"href":"https:\/\/www.elche.es\/va\/wp-json\/wp\/v2\/media?parent=207169"}],"wp:term":[{"taxonomy":"category","embeddable":true,"href":"https:\/\/www.elche.es\/va\/wp-json\/wp\/v2\/categories?post=207169"},{"taxonomy":"post_tag","embeddable":true,"href":"https:\/\/www.elche.es\/va\/wp-json\/wp\/v2\/tags?post=207169"}],"curies":[{"name":"wp","href":"https:\/\/api.w.org\/{rel}","templated":true}]}}