{"id":207187,"date":"2022-07-23T16:40:27","date_gmt":"2022-07-23T15:40:27","guid":{"rendered":"https:\/\/www.elche.es\/2022\/07\/el-45e-festival-de-cinema-delx-corona-al-curtmetratge-espinas-divan-sainz-pardo-i-al-llargmetratge-tros-de-pau-calpe\/"},"modified":"2022-07-23T16:45:52","modified_gmt":"2022-07-23T15:45:52","slug":"el-45e-festival-de-cinema-delx-corona-al-curtmetratge-espinas-divan-sainz-pardo-i-al-llargmetratge-tros-de-pau-calpe","status":"publish","type":"post","link":"https:\/\/www.elche.es\/va\/2022\/07\/el-45e-festival-de-cinema-delx-corona-al-curtmetratge-espinas-divan-sainz-pardo-i-al-llargmetratge-tros-de-pau-calpe\/","title":{"rendered":"El 45\u00e9 Festival de Cinema d&#8217;Elx corona el curtmetratge &#8216;Espinas&#8217;, d&#8217;Iv\u00e1n S\u00e1inz-Pardo, i el llargmetratge &#8216;Tros&#8217;, de Pau Calpe"},"content":{"rendered":"<div class=\"wpb-content-wrapper\"><p>[vc_row el_id=&#8221;SUBTITULAR_NOTICIA&#8221;][vc_column][vc_column_text]<\/p>\n<hr \/>\n<h4>La regidora de Cultura, Marga Ant\u00f3n, acompanyada de l&#8217;edil de Promoci\u00f3 Econ\u00f2mica, Carles Molina, assisteix a la clausura i lliurament dels premis a les millors produccions audiovisuals en un acte que ha tingut lloc al&#8217;Hort del Xocolater<\/h4>\n<hr \/>\n<p>[\/vc_column_text][\/vc_column][\/vc_row][vc_row][vc_column][vc_column_text]El Festival Internacional de Cinema Independent d&#8217;Elx (FICIE), organitzat per Fundaci\u00f3 Mediterrani en col\u00b7laboraci\u00f3 de l&#8217;Ajuntament d&#8217;Elx, ha arribat a la fi de la seua 45a edici\u00f3 amb la <strong>gala de clausura i lliurament dels premis a les millors produccions audiovisuals en un acte que ha tingut lloc a l&#8217;Hort del Xocolater amb la pres\u00e8ncia de la regidora de Cultura, Marga Ant\u00f3n, i de l&#8217;edil de Promoci\u00f3 Econ\u00f2mica, Carles Molina<\/strong>. La pel\u00b7l\u00edcula <em>Espinas<\/em>, dirigida pel director Iv\u00e1n S\u00e1inz-Pardo, s&#8217;ha al\u00e7at amb el Premi Extraordinari Fundaci\u00f3 Mediterrani al millor curtmetratge del Festival il\u00b7licit\u00e0. L&#8217;altre gran premi de la nit, el guard\u00f3 al millor llargmetratge, ha sigut per a <em>Tros<\/em>, de Pau Calpe.<\/p>\n<p>L&#8217;edil ha qualificat el Festival de Cinema Independent d&#8217;Elx com \u201cuna de les reunions anuals m\u00e9s interessants de les que se celebren en nostra ciutat, tant pel seu contingut, que <strong>inclou una creaci\u00f3 audiovisual de primera qualitat, com per l&#8217;incre\u00efble arrelament que ha desenvolupat en els il\u00b7licitans i els seus seguidors<\/strong>, i en la mateixa identitat cultural d&#8217;Elx\u201d.[\/vc_column_text][\/vc_column][\/vc_row][vc_row type=&#8221;flexslider_slide&#8221; interval=&#8221;5&#8243; source=&#8221;media_library&#8221; images=&#8221;&#8221; img_size=&#8221;full&#8221; external_img_size=&#8221;&#8221; onclick=&#8221;link_image&#8221; custom_links_target=&#8221;_self&#8221; el_class=&#8221;galerianoticia&#8221; title=&#8221;&#8221; custom_srcs=&#8221;&#8221; custom_links=&#8221;&#8221;][vc_column][vc_gallery type=&#8221;flexslider_slide&#8221; interval=&#8221;5&#8243; images=&#8221;207172,207174,207176,207180&#8243; img_size=&#8221;full&#8221; el_class=&#8221;galerianoticia&#8221;][\/vc_column][\/vc_row][vc_row el_id=&#8221;TEXTO_NOTICIA&#8221;][vc_column][vc_column_text]Aix\u00ed mateix, Ant\u00f3n ha assenyalat que \u201c<strong>el FICIE ens reafirma clarament en el valor \u00fanic de la cultura, en la seua capacitat de formar i de transformar les persones<\/strong>, d&#8217;ampliar els seus horitzons i les seues expectatives, de crear ciutadans lliures, cr\u00edtics , capa\u00e7os d&#8217;aportar un bagatge a la societat tan s\u00f2lid com per a caviar-la i millorar-la\u201d.<\/p>\n<p>A m\u00e9s, la regidora, que <strong>ha fet lliurament del \u2018Premi al Millor Curtmetratge sobre Drets Humans\u2019 i del \u2018Premi Ciutat d\u2019Elx al Millor Curtmetratge de Ficci\u00f3\u2019<\/strong>, ha donat l&#8217;enhorabona a l&#8217;actriu i directora Rosana Pastor que ha sigut homenatjada per la Fundaci\u00f3 Mediterrani pel seu polifac\u00e8tica traject\u00f2ria.<\/p>\n<p>El palmar\u00e9s del certamen s&#8217;ha donat a con\u00e9ixer en la Gala de Clausura celebrada a l&#8217;Hort del Xocolater. El president de Fundaci\u00f3 Mediterrani, <strong>Luis Boyer, ha lliurat la Palmera de Plata a la valenciana Rosana Pastor, guanyadora d&#8217;un premi Goya pel seu paper en <em>Tierra i Libertad<\/em><\/strong>.[\/vc_column_text][\/vc_column][\/vc_row][vc_row el_id=&#8221;DESTACADO_NOTICIA&#8221;][vc_column][vc_column_text el_class=&#8221;cuadronoticia&#8221;]<\/p>\n<h5>L&#8217;edil, que fa lliurament del \u2018Premi al Millor Curtmetratge sobre Drets Humans\u2019 i del \u2018Premi Ciutat d\u2019Elx al Millor Curtmetratge de Ficci\u00f3\u2019 destaca que \u201cel FICE ens reafirma clarament en el valor \u00fanic de la cultura\u201d<\/h5>\n<p>[\/vc_column_text][\/vc_column][\/vc_row][vc_row el_id=&#8221;TEXTO_FIN_NOTICIA&#8221;][vc_column][vc_column_text]Boyer ha sigut l&#8217;encarregat de donar a con\u00e9ixer el nom del <strong>curt guanyador de la 45a edici\u00f3 del FICIE. <em>Espinas<\/em>, d&#8217;Iv\u00e1n S\u00e1inz-Pardo<\/strong>, t\u00e9 una duraci\u00f3 de 15 minuts i est\u00e0 protagonitzat per dos dels actors m\u00e9s reconeguts de la hist\u00f2ria del cinema espanyol: Jos\u00e9 Sacrist\u00e1n i Aitana S\u00e1nchez-Gij\u00f3n.<\/p>\n<p>Aquest curt de ficci\u00f3, estrenat al juny de 2021, presenta la hist\u00f2ria de Carmen, una dona de 50 anys que desitja llevar-se la vida. No obstant aix\u00f2, un missatge inesperat en el seu m\u00f2bil li ho impedeix. El seu pare, amb el qual porta pr\u00e0cticament tota una vida sense parlar-se, li demana que el visite a causa d&#8217;un assumpte urgent. Carmen, ja sense res a perdre, acudeix i el retrobament provocar\u00e0 una allau d&#8217;esdeveniments dram\u00e0tics i revelacions que ho canviaran absolutament tot.<\/p>\n<p>Iv\u00e1n S\u00e1inz-Pardo (Madrid, 1972) \u00e9s llicenciat en direcci\u00f3 de cinema i televisi\u00f3 per la prestigiosa Escola de Cinema de Munic (HFF M\u00dcNCHEN) i es tracta d&#8217;un dels curtmetratgistes espanyols m\u00e9s guardonats de la hist\u00f2ria. Amb m\u00e9s de 500 premis en festivals de cinema de tot el m\u00f3n ha aconseguit acaparar l&#8217;atenci\u00f3 i el reconeixement internacional del p\u00fablic i de la cr\u00edtica.<\/p>\n<p>Una de les grans novetats d&#8217;aquesta 45a edici\u00f3 ha sigut la <strong>creaci\u00f3 d&#8217;una categoria de llargmetratges, en la qual concursaven huit pel\u00b7l\u00edcules espanyoles, \u00f2peres prevals dels seus directors<\/strong>. La pel\u00b7l\u00edcula guardonada amb el Premi \u201cFundaci\u00f3 Mediterrani\u201d al Llargmetratge Opera Prima ha sigut <em>Tros<\/em>, dirigida per Pau Calpe.<\/p>\n<p><em><strong>Tros\u00a0<\/strong><\/em><strong>narra la hist\u00f2ria d&#8217;un pare i un fill en el marc dels problemes socials del camp<\/strong>. Joan, un pay\u00e9s d&#8217;una zona rural de Lleida, cansat de patir robatoris a la seua masia, decideix sumar-se a la ronda nocturna de payeses que vigila les terres. Als ve\u00efns que patrullen no els fa gens de gr\u00e0cia que Joan els acompanye, per\u00f2 ho accepten en veure que l\u2019acompanyar\u00e0 el seu fill Pep, que ha tornat de la ciutat. Durant la ronda, Joan i Pep entropessen amb un lladre.<\/p>\n<p>El seu director Pau Calpe compta amb una extensa traject\u00f2ria com a productor de pel\u00b7l\u00edcules de cinema i projectes de televisi\u00f3 en Esicma, DeAPlaneta, Brutal Mitjana i Bumerang. En 2016 va fundar la productora Gal\u00e1pagos Mitjana des de la qual combina la producci\u00f3 amb l&#8217;escriptura i la direcci\u00f3 de projectes.<\/p>\n<p>Per part seua, el drama <strong><em>Free Fall<\/em><\/strong>, dirigit pel realitzador franc\u00e9s Emmanuel Tenenbaum, s&#8217;ha al\u00e7at amb el <strong>Premi Ciutat d\u2019Elx al Millor Curtmetratge de Ficci\u00f3<\/strong>. Tenenbaum \u00e9s un director franc\u00e9s i les seues pel\u00b7l\u00edcules han sigut seleccionades en m\u00e9s de 200 festivals. &#8220;Free Fall&#8221; \u00e9s el seu tercer curtmetratge i la seua \u00faltima obra abans de fer el pas cap al seu primer llargmetratge.<\/p>\n<p>En aquest curtmetratge, basat en fets reals, Tom \u00e9s un jove operador en un banc londinenc on els seus recents resultats l\u2019han situat en primera l\u00ednia. Quan veu estavellar-se al primer avi\u00f3 contra les Torres Bessones l&#8217;11 de setembre de 2001, Tom es llan\u00e7a a la major operaci\u00f3 de la seua vida.<\/p>\n<p>El <strong>Premi al Millor Curtmetratge d&#8217;Animaci\u00f3 enguany ha sigut per a la pel\u00b7l\u00edcula <em>Loop<\/em><\/strong>, de l&#8217;animador argent\u00ed Pablo Polledri. Aquest curt de 8 minuts de duraci\u00f3 \u00e9s una reflexi\u00f3 sobre com les nostres societats creen sistemes d&#8217;organitzaci\u00f3 que necessiten de determinats comportaments per a aconseguir funcionar en els quals cada individu acaba sent part d&#8217;un engranatge en un proc\u00e9s repetitiu i extenuant.<\/p>\n<p>Durant les projeccions dels curtmetratges el p\u00fablic assistent ha votat a trav\u00e9s dels seus tel\u00e8fons m\u00f2bils per a triar el guanyador del premi Hort del Xocolater. <strong>El guard\u00f3 d&#8217;enguany ha sigut per al curtmetratge<em> Joselito<\/em>, dels directors Josep C. Jim\u00e9nez Revuelta i Marta Jim\u00e9nez Revuelta<\/strong>. Aquest curtmetratge de 9 minuts de duraci\u00f3 narra la hist\u00f2ria d&#8217;un vell geni de l&#8217;electr\u00f2nica capa\u00e7 d&#8217;arreglar qualsevol cosa. Els ve\u00efns el coneixen com Joselito, i a trav\u00e9s de la seua dona li confien tot el que se&#8217;ls desbarata. Cada dia la senyora de Joselito recorre el poble amb el seu carret de la compra per a arreplegar els aparells trencats.<\/p>\n<p>El premi al millor Documental <strong>ha sigut entregat per l&#8217;edil Carles Molina a Alfonso Palaz\u00f3n per <em>Espejismos<\/em><\/strong><em>.<\/em> Un curt que narra la hist\u00f2ria d&#8217;un grup de refugiats que no pertanyen a cap lloc i somien amb tornar on van partir, per\u00f2 no saben quan. Una cerca de la dignitat perduda i una trobada per a compartir projectes no complits.<\/p>\n<p><strong><em>La historia de todas nosotras<\/em><\/strong> <strong>d&#8217;Itxaso D\u00edaz ha sigut el curtmetratge guardonat amb el premi al curtmetratge sobre Drets Humans<\/strong>. Aquest documental recull el relat de tres dones salvadorenques, Elsi, Cinthia i Mariana, que van veure vulnerats els seus drets fonamentals en ser acusades d&#8217;un delicte d&#8217;avortament i finalment, empresonades per homicidi agreujat, quan en parts extrahospitalaris van perdre als seus beb\u00e9s.<\/p>\n<p>La producci\u00f3 italiana <strong><em>Diritto di voto<\/em>, del director Gianluca Zonta, s&#8217;ha al\u00e7at amb el premi al millor curtmetratge europeu<\/strong>. Aquesta pel\u00b7l\u00edcula presenta una societat futurista en la qual els androides s&#8217;integren en la societat. El principal argument del debat pol\u00edtic \u00e9s si se&#8217;ls ha de concedir o no el dret de vot. Els l\u00edders dels dos principals partits estan cridats a expressar la seua posici\u00f3 oficial sobre aquest tema.<\/p>\n<p><strong>El premi al millor curtmetratge iberoameric\u00e0 ha sigut per a Jos\u00e9 G\u00f3mez de Vargas, de la Rep\u00fablica Dominicana, i la seua pel\u00b7l\u00edcula <em>Un pasaje sin regreso<\/em>.<\/strong> En aquest curtmetratge, Ricardo, un expandiller, intenta mantindre el seu fill Joel fora dels carrers, per\u00f2 el llegat que ha deixat sobre el seu fill \u00e9s m\u00e9s fort que les seues intencions. Joel ascendeix en la jerarquia de la colla quan derrota Chivo, un altre membre de la banda que busca desesperadament el mateix objectiu que Joel.<\/p>\n<p>El curt <strong><em>Miedo<\/em>, del realitzador \u00c1ngelo Moreno, s&#8217;ha al\u00e7at amb el Premi FesCurt al millor curtmetratge de la Comunitat Valenciana.<\/strong> <strong><em>Miedo<\/em><\/strong> \u00e9s un drama protagonitzat per Aina, una mare de 35 anys i amb un fill de 9 que, despr\u00e9s de quedar-se v\u00eddua, comen\u00e7a a con\u00e9ixer una nova persona. El barri, els problemes amb el seu fill per no acceptar la seua nova parella i el seu treball aniran portant Aina fins al l\u00edmit.<\/p>\n<p>El <strong>premi \u201cCineclub Luis Bu\u00f1uel\u201d al Millor Curt d&#8217;Autor Novell ha sigut per a Raquel Guerrero i el seu curt <em>In\u00fatil<\/em><\/strong>. En aquest, Tito, un xic de barri al qual tots prenen el p\u00e8l, vol demostrar el que val. Despr\u00e9s de diverses proves d&#8217;iniciaci\u00f3, un mat\u00ed de reenganxament es troba fent virolles en un descampat del barri amb els seus nous \u00abamics\u00bb. La m\u00fasica i la droga acompanyen la diversi\u00f3 fins que un comentari de Tito converteix la festa en una broma macabra en la qual es veu obligat a cometre un robatori per a completar el ritual inici\u00e0tic.<\/p>\n<p><strong>El premi Mobile Film Maker al millor curt rodat amb un tel\u00e8fon m\u00f2bil ha sigut per a l&#8217;israeli\u00e0 Nahd Bashir i la seua pel\u00b7l\u00edcula <em>A Dead Sea<\/em><\/strong>. Inspirat en una hist\u00f2ria real, Kamal \u00e9s un palest\u00ed autista que arriba amb la seua germana per primera vegada a la Mar Morta, on \u00e9s acusat per terrorisme.<\/p>\n<hr \/>\n<p>&nbsp;[\/vc_column_text][\/vc_column][\/vc_row][vc_row][vc_column width=&#8221;1\/6&#8243;][\/vc_column][vc_column width=&#8221;2\/3&#8243;]<audio class=\"sc_audio\" src=\"https:\/\/soundcloud.com\/ayuntamiento-de-elche\/el-45-festival-de-cine-de-elche-corona-al-cortometraje-espinas?utm_source=clipboard&#038;utm_medium=text&#038;utm_campaign=social_sharing\" width=\"\" height=\"\"><\/audio>[\/vc_column][vc_column width=&#8221;1\/6&#8243;][\/vc_column][\/vc_row]<\/p>\n<\/div>","protected":false},"excerpt":{"rendered":"<p>[vc_row el_id=&#8221;SUBTITULAR_NOTICIA&#8221;][vc_column][vc_column_text] La regidora de Cultura, Marga Ant\u00f3n, acompanyada de l&#8217;edil de Promoci\u00f3 Econ\u00f2mica, Carles Molina, assisteix a la clausura i lliurament dels premis a les millors produccions audiovisuals en [&hellip;]<\/p>\n","protected":false},"author":131,"featured_media":207179,"comment_status":"closed","ping_status":"closed","sticky":false,"template":"","format":"standard","meta":{"footnotes":""},"categories":[193,391,1312,183],"tags":[],"class_list":["post-207187","post","type-post","status-publish","format-standard","has-post-thumbnail","hentry","category-cultura-va","category-home-va","category-noticias-va","category-pomocio-economica"],"_links":{"self":[{"href":"https:\/\/www.elche.es\/va\/wp-json\/wp\/v2\/posts\/207187","targetHints":{"allow":["GET"]}}],"collection":[{"href":"https:\/\/www.elche.es\/va\/wp-json\/wp\/v2\/posts"}],"about":[{"href":"https:\/\/www.elche.es\/va\/wp-json\/wp\/v2\/types\/post"}],"author":[{"embeddable":true,"href":"https:\/\/www.elche.es\/va\/wp-json\/wp\/v2\/users\/131"}],"replies":[{"embeddable":true,"href":"https:\/\/www.elche.es\/va\/wp-json\/wp\/v2\/comments?post=207187"}],"version-history":[{"count":0,"href":"https:\/\/www.elche.es\/va\/wp-json\/wp\/v2\/posts\/207187\/revisions"}],"wp:featuredmedia":[{"embeddable":true,"href":"https:\/\/www.elche.es\/va\/wp-json\/wp\/v2\/media\/207179"}],"wp:attachment":[{"href":"https:\/\/www.elche.es\/va\/wp-json\/wp\/v2\/media?parent=207187"}],"wp:term":[{"taxonomy":"category","embeddable":true,"href":"https:\/\/www.elche.es\/va\/wp-json\/wp\/v2\/categories?post=207187"},{"taxonomy":"post_tag","embeddable":true,"href":"https:\/\/www.elche.es\/va\/wp-json\/wp\/v2\/tags?post=207187"}],"curies":[{"name":"wp","href":"https:\/\/api.w.org\/{rel}","templated":true}]}}