{"id":207391,"date":"2022-07-26T10:14:54","date_gmt":"2022-07-26T09:14:54","guid":{"rendered":"https:\/\/www.elche.es\/2022\/07\/el-regidor-de-comerc-estudia-impulsar-projectes-amb-la-nova-junta-directiva-de-lassociacio-de-comerciants-del-centre-delx\/"},"modified":"2022-07-26T10:14:54","modified_gmt":"2022-07-26T09:14:54","slug":"el-regidor-de-comerc-estudia-impulsar-projectes-amb-la-nova-junta-directiva-de-lassociacio-de-comerciants-del-centre-delx","status":"publish","type":"post","link":"https:\/\/www.elche.es\/va\/2022\/07\/el-regidor-de-comerc-estudia-impulsar-projectes-amb-la-nova-junta-directiva-de-lassociacio-de-comerciants-del-centre-delx\/","title":{"rendered":"El regidor de Comer\u00e7 estudia impulsar projectes amb la nova junta directiva de l&#8217;Associaci\u00f3 de Comerciants del Centre d&#8217;Elx"},"content":{"rendered":"<div class=\"wpb-content-wrapper\"><p>[vc_row el_id=&#8221;SUBTITULAR_NOTICIA&#8221;][vc_column][vc_column_text]<\/p>\n<hr \/>\n<h4>L&#8217;edil Felip S\u00e0nchez agraeix als nous c\u00e0rrecs la seua predisposici\u00f3 a col\u00b7laborar en la dinamitzaci\u00f3 comercial del centre hist\u00f2ric<\/h4>\n<hr \/>\n<p>[\/vc_column_text][\/vc_column][\/vc_row][vc_row el_id=&#8221;TEXTO_NOTICIA&#8221;][vc_column][vc_column_text]El regidor de Comer\u00e7, Felip S\u00e0nchez, s&#8217;ha reunit amb els membres de la nova junta directiva de l&#8217;Associaci\u00f3 de Comerciants del Centre d&#8217;Elx als quals <strong>ha felicitat pel seu nomenament i els ha agra\u00eft el pas que han donat per a representar els comerciants del Centre Hist\u00f2ric<\/strong>.<\/p>\n<p>Per a S\u00e0nchez, \u201cel comer\u00e7 del Centre \u00e9s <strong>el nostre major aparador per als visitants i turistes, \u00e9s la porta a la resta del comer\u00e7 del nostre municipi<\/strong>. Per tant, estic a total disposici\u00f3 de la nova junta per a treballar en les necessitats i propostes de l&#8217;associaci\u00f3, aix\u00ed com per a col\u00b7laborar en els projectes i iniciatives que sorgisquen des de la Regidoria de Comer\u00e7.\u201d<\/p>\n<p>L&#8217;Associaci\u00f3 de Comerciants del Centre d&#8217;Elx <strong>va renovar la seua junta directiva en l&#8217;Assemblea General que van celebrar el passat 20 de juny<\/strong>. Com a resultat, van ser triats <strong>Vicente Rodr\u00edguez Pascual<\/strong> (de VisoElx) com a president, <strong>Javier Marco Baeza<\/strong> (d&#8217;Ilistat) com a secretari, <strong>Pascual Quiles Garc\u00eda<\/strong> (Administraci\u00f3 de Loteries n\u00fam. 2) com a tresorer; i <strong>Luz Manche\u00f1o<\/strong> (de joieria Mazarino) i <strong>Margarita Pilar Vuilliomenet<\/strong> (de Pavarti) com a vocals.<\/p>\n<p>\u201cVull animar aquesta nova Junta al fet que continue en la l\u00ednia de di\u00e0leg oberta per l&#8217;anterior junta i a crear sinergies en aquesta nova etapa en la qual <strong>segur que es duran a terme nombrosos i interessants projectes per a posar en valor i fer cr\u00e9ixer el comer\u00e7 de la zona centre de la ciutat<\/strong>\u201d, ha manifestat S\u00e1nchez.<\/p>\n<p>El regidor <strong>ha agra\u00eft tamb\u00e9 el treball realitzat per la junta sortint<\/strong> \u201camb la qual es va aconseguir un gran grau de col\u00b7laboraci\u00f3 amb l&#8217;Ajuntament\u201d.<\/p>\n<p>Per part seua, Vicente Rodr\u00edguez, president de l&#8217;associaci\u00f3, ha agra\u00eft a la Regidoria la seua predisposici\u00f3 a col\u00b7laborar i tamb\u00e9 ha manifestat la seua voluntat de <strong>\u201ctreballar junts per a impulsar i dinamitzar els comer\u00e7os de la zona centre\u201d<\/strong>.<\/p>\n<hr \/>\n<p>&nbsp;<\/p>\n<p>[\/vc_column_text][\/vc_column][\/vc_row][vc_row][vc_column width=&#8221;1\/6&#8243;][\/vc_column][vc_column width=&#8221;2\/3&#8243;]<audio class=\"sc_audio\" src=\"https:\/\/soundcloud.com\/ayuntamiento-de-elche\/el-concejal-de-comercio-estudia-impulsar-proyectos-con-la-junta-directiva-de-la-asociacion-de-comerciantes?utm_source=clipboard&#038;utm_medium=text&#038;utm_campaign=social_sharing\" width=\"\" height=\"\"><\/audio>[\/vc_column][vc_column width=&#8221;1\/6&#8243;][\/vc_column][\/vc_row]<\/p>\n<\/div>","protected":false},"excerpt":{"rendered":"<p>[vc_row el_id=&#8221;SUBTITULAR_NOTICIA&#8221;][vc_column][vc_column_text] L&#8217;edil Felip S\u00e0nchez agraeix als nous c\u00e0rrecs la seua predisposici\u00f3 a col\u00b7laborar en la dinamitzaci\u00f3 comercial del centre hist\u00f2ric [\/vc_column_text][\/vc_column][\/vc_row][vc_row el_id=&#8221;TEXTO_NOTICIA&#8221;][vc_column][vc_column_text]El regidor de Comer\u00e7, Felip S\u00e0nchez, s&#8217;ha reunit [&hellip;]<\/p>\n","protected":false},"author":131,"featured_media":207379,"comment_status":"closed","ping_status":"closed","sticky":false,"template":"","format":"standard","meta":{"footnotes":""},"categories":[2636,391,1312],"tags":[],"class_list":["post-207391","post","type-post","status-publish","format-standard","has-post-thumbnail","hentry","category-comerc-va","category-home-va","category-noticias-va"],"_links":{"self":[{"href":"https:\/\/www.elche.es\/va\/wp-json\/wp\/v2\/posts\/207391","targetHints":{"allow":["GET"]}}],"collection":[{"href":"https:\/\/www.elche.es\/va\/wp-json\/wp\/v2\/posts"}],"about":[{"href":"https:\/\/www.elche.es\/va\/wp-json\/wp\/v2\/types\/post"}],"author":[{"embeddable":true,"href":"https:\/\/www.elche.es\/va\/wp-json\/wp\/v2\/users\/131"}],"replies":[{"embeddable":true,"href":"https:\/\/www.elche.es\/va\/wp-json\/wp\/v2\/comments?post=207391"}],"version-history":[{"count":0,"href":"https:\/\/www.elche.es\/va\/wp-json\/wp\/v2\/posts\/207391\/revisions"}],"wp:featuredmedia":[{"embeddable":true,"href":"https:\/\/www.elche.es\/va\/wp-json\/wp\/v2\/media\/207379"}],"wp:attachment":[{"href":"https:\/\/www.elche.es\/va\/wp-json\/wp\/v2\/media?parent=207391"}],"wp:term":[{"taxonomy":"category","embeddable":true,"href":"https:\/\/www.elche.es\/va\/wp-json\/wp\/v2\/categories?post=207391"},{"taxonomy":"post_tag","embeddable":true,"href":"https:\/\/www.elche.es\/va\/wp-json\/wp\/v2\/tags?post=207391"}],"curies":[{"name":"wp","href":"https:\/\/api.w.org\/{rel}","templated":true}]}}