{"id":207710,"date":"2022-07-28T12:05:03","date_gmt":"2022-07-28T11:05:03","guid":{"rendered":"https:\/\/www.elche.es\/2022\/07\/el-guitarrista-alvaro-pierri-actua-el-dijous-28-de-juliol-com-a-gran-estrela-del-xxiv-festival-de-guitarra-ciutat-delx\/"},"modified":"2022-07-28T12:05:04","modified_gmt":"2022-07-28T11:05:04","slug":"el-guitarrista-alvaro-pierri-actua-el-dijous-28-de-juliol-com-a-gran-estrela-del-xxiv-festival-de-guitarra-ciutat-delx","status":"publish","type":"post","link":"https:\/\/www.elche.es\/va\/2022\/07\/el-guitarrista-alvaro-pierri-actua-el-dijous-28-de-juliol-com-a-gran-estrela-del-xxiv-festival-de-guitarra-ciutat-delx\/","title":{"rendered":"El guitarrista \u00c1lvaro Pierri, actua el dijous 28 de juliol com a gran estrela del XXIV Festival de Guitarra Ciutat d\u2019Elx"},"content":{"rendered":"<div class=\"wpb-content-wrapper\"><p>[vc_row][vc_column][vc_column_text css=&#8221;.vc_custom_1658993318453{padding-top: 25px !important;}&#8221;]El dijous 28 el guitarrista \u00c1lvaro Pierri, una de les estreles internacionals d&#8217;aquest instrument, actua en el XXIV Festival de Guitarra Ciutat d\u2019Elx que, d&#8217;altra banda, finalitza aquest dissabte 30 de juliol. El festival conclour\u00e0 eixe dia amb el concert d&#8217;entrada lliure de D\u00fao Mel\u00f3mano.<\/p>\n<p>Als Cinemes Odeon des del dimecres 27 fins al diumenge 31 de juliol es projectar\u00e0 la pel\u00b7l\u00edcula <em>Mentes Maravillosas<\/em>. Es tracta d&#8217;una com\u00e8dia que conta la vida de Louis, un home solter que viu per i per al seu treball. La seua vida canviar\u00e0 de manera radical quan coneix Igor, que l&#8217;ajudar\u00e0 a veure la vida amb altres ulls.<\/p>\n<p>Al Centre de Cultura Contempor\u00e0nia L\u2019Escorxador continua la temporada de \u2018Cinema d\u2019Estiu\u2019 amb la pel\u00b7l\u00edcula <em>Conan el b\u00e1rbaro<\/em> que es projecta el divendres 29 de juliol. L&#8217;endem\u00e0, el dissabte 30, es podr\u00e0 gaudir del festival <em>Deploy Metal Fest<\/em>.<\/p>\n<p>Al Museu Arqueol\u00f2gic i d&#8217;Hist\u00f2ria d&#8217;Elx continua la nova exposici\u00f3 <em>Les Edats de la Dones Iberes<\/em>, que estar\u00e0 vigent fins al 6 de novembre, i que compta amb tallers i visites teatralitzades.<\/p>\n<p>A la sala de l&#8217;Ordre Tercer segueix l&#8217;exposici\u00f3 <em>Enfoca al coraz\u00f3n para cambiar el mundo,<\/em> organitzada per PHotoESPA\u00d1A fins a l&#8217;11 de setembre. Mentre que, a la Llotja Medieval, fins al 30 de setembre es podr\u00e0 visitar l&#8217;exposici\u00f3 <em>Alberto Schommer. Contempor\u00e1neos,<\/em> tamb\u00e9 de PHotoESPA\u00d1A.[\/vc_column_text][\/vc_column][\/vc_row][vc_row][vc_column][vc_column_text css=&#8221;.vc_custom_1658994150331{padding-top: 25px !important;}&#8221;]<\/p>\n<h4>Cinemes Odeon<\/h4>\n<p>[\/vc_column_text][\/vc_column][\/vc_row][vc_row][vc_column][vc_column_text css=&#8221;.vc_custom_1658994234948{padding-top: 25px !important;}&#8221;]<\/p>\n<ul>\n<li><strong>Des del dimecres 27 fins al diumenge 31 de juliol<\/strong><\/li>\n<\/ul>\n<p><strong>Filmoteca:<\/strong> <em>Mentes Maravillosas<\/em> de Bernard Campan (Nacionalitat francesa).<\/p>\n<p><strong>Entrades:<\/strong> en Instanticket o a la taquilla dels Cinemes Odeon.<\/p>\n<p><strong>Passes:<\/strong> 17.30, 20.00 i 22.30 hores.<\/p>\n<p><strong>Sinopsi:<\/strong> Louis dirigeix una funer\u00e0ria. Solter empedre\u00eft, viu dedicat al seu treball. Per una casualitat de la vida, un dia es creua amb Igor, un esperit agut en un cos minusv\u00e0lid a causa d&#8217;una par\u00e0lisi cerebral. Igor reparteix verdures ecol\u00f2giques mentre passa el seu temps lliure llegint S\u00f2crates, Nietzsche i Spinoza. Junts emprendran un viatge en el cotxe f\u00fanebre de Louis per a transportar el cos de la difunta Madeleine al lloc on ha de ser enterrada.[\/vc_column_text][\/vc_column][\/vc_row][vc_row][vc_column][vc_single_image image=&#8221;207402&#8243; img_size=&#8221;medium&#8221; alignment=&#8221;center&#8221; onclick=&#8221;link_image&#8221; el_class=&#8221;fotounicanoticiavertical&#8221;][\/vc_column][\/vc_row][vc_row][vc_column][vc_column_text css=&#8221;.vc_custom_1658994867843{padding-top: 25px !important;}&#8221;]<\/p>\n<h4>L&#8217;Escorxador<\/h4>\n<p>[\/vc_column_text][\/vc_column][\/vc_row][vc_row][vc_column][vc_column_text css=&#8221;.vc_custom_1658995197283{padding-top: 25px !important;}&#8221;]<\/p>\n<ul>\n<li><strong>Divendres 29 de juliol<\/strong><\/li>\n<\/ul>\n<p><strong>Pel\u00b7l\u00edcula (Cinema d\u2019estiu):<\/strong> <em>Conan el b\u00e1rbaro<\/em> de John Milius (els EUA)<\/p>\n<p><strong>Entrades:<\/strong> lliure fins a completar aforament.<\/p>\n<p><strong>Hora:<\/strong> 22 hores<\/p>\n<p><strong>Sinopsi:<\/strong> un xiquet que pertany a una tribu primitiva grava en la seua mem\u00f2ria els rostres dels guerrers que van exterminar la seua fam\u00edlia i el van vendre com a esclau a uns mercaders d&#8217;esclaus. Anys despr\u00e9s, el jove s&#8217;ha convertit en un for\u00e7ut i valent guerrer a la recerca de venjan\u00e7a.<\/p>\n<ul>\n<li><strong>Dissabte 23 de juliol<\/strong><\/li>\n<\/ul>\n<p><strong>Concert (Nits d\u2019estiu):<\/strong> <em>Deploy Metal Fest.<\/em><\/p>\n<p><strong>Entrades:<\/strong> lliure fins a completar aforament.<\/p>\n<p><strong>Hora:<\/strong> 22 hores<\/p>\n<p><strong>Informaci\u00f3:<\/strong> Despr\u00e9s d&#8217;una aturada involunt\u00e0ria a causa de la covid-19, ressorgeix la IV edici\u00f3 del Deploy Metal Fest, un esdeveniment que reuneix els apassionats del <em>metal<\/em>. En aquesta ocasi\u00f3 comptarem amb les bandes Between The Frost (Barcelona), Metralla (Elx), Grapeshot (Madrid) i Rainover (M\u00farcia-Elx) per a fer tremolar els fonaments de L\u2019Escorxador.[\/vc_column_text][vc_column_text css=&#8221;.vc_custom_1658999224461{padding-top: 25px !important;}&#8221;]<br \/>\n<strong>XXIV FESTIVAL DE GUITARRA CIUTAT D\u2019ELX<\/strong><\/p>\n<p><strong>CLAUSTRE DE SANT JOSEP<\/strong><br \/>\n[\/vc_column_text][\/vc_column][\/vc_row][vc_row][vc_column][vc_single_image image=&#8221;207640&#8243; img_size=&#8221;medium&#8221; alignment=&#8221;center&#8221; onclick=&#8221;link_image&#8221; el_class=&#8221;fotounicanoticiavertical&#8221;][\/vc_column][\/vc_row][vc_row][vc_column][vc_column_text css=&#8221;.vc_custom_1658999293356{padding-top: 25px !important;}&#8221;]<br \/>\n<strong>XXIV FESTIVAL DE GUITARRA CIUTAT D\u2019ELX<\/strong><\/p>\n<p><strong>CLAUSTRE DE SANT JOSEP<\/strong><br \/>\n[\/vc_column_text][\/vc_column][\/vc_row][vc_row][vc_column][vc_column_text css=&#8221;.vc_custom_1658999513171{padding-top: 25px !important;}&#8221;]<\/p>\n<ul>\n<li><strong>Dijous 28 de juliol<\/strong><\/li>\n<\/ul>\n<p>Concert: \u00c1lvaro Pierri (l&#8217;Uruguai).<\/p>\n<p>Entrades: de 15 \u20ac. Adquisici\u00f3 al recinte del concert una hora abans de comen\u00e7ar.<\/p>\n<p>Hora: 21: 30 hores.<\/p>\n<p>Informaci\u00f3: al Claustre de Sant Josep de la Biblioteca Pedro Ibarra.<\/p>\n<ul>\n<li><strong>Divendres 29 de juliol<\/strong><\/li>\n<\/ul>\n<p>Concurs: Final del Concurs Internacional de Guitarra \u2018Ciutat d\u2019Elx\u2019.<\/p>\n<p>Entrades: lliure fins a completar aforament.<\/p>\n<p>Hora: 21.00 hores.<\/p>\n<p>Informaci\u00f3: al Claustre de Sant Josep de la Biblioteca Pedro Ibarra.<\/p>\n<ul>\n<li><strong>Dissabte 30 de juliol<\/strong><\/li>\n<\/ul>\n<p>Concert: D\u00fao Mel\u00f3mano (Espanya).<\/p>\n<p>Entrades: lliure fins a completar aforament.<\/p>\n<p>Hora: 21.00 hores.<\/p>\n<p>Informaci\u00f3: al Claustre de Sant Josep de la Biblioteca Pedro Ibarra.[\/vc_column_text][\/vc_column][\/vc_row][vc_row][vc_column][vc_single_image image=&#8221;205345&#8243; img_size=&#8221;medium&#8221; alignment=&#8221;center&#8221; onclick=&#8221;link_image&#8221; el_class=&#8221;fotounicanoticiavertical&#8221;][\/vc_column][\/vc_row][vc_row][vc_column][vc_column_text css=&#8221;.vc_custom_1658999757326{padding-top: 25px !important;}&#8221;]<\/p>\n<h4>Barris i pedanies<\/h4>\n<p>[\/vc_column_text][\/vc_column][\/vc_row][vc_row][vc_column][vc_column_text]<\/p>\n<ul>\n<li><strong>Dijous 28 de juliol VALLVERDA (Pla\u00e7a de l&#8217;Ermita).<\/strong><\/li>\n<\/ul>\n<p><strong>M\u00fasica:<\/strong> Coral Illice Augusta.<\/p>\n<p><strong>Entrades:<\/strong> lliure fins a completar aforament.<\/p>\n<p><strong>Hora:<\/strong> 22.00 hores<\/p>\n<ul>\n<li><strong>Dissabte 30 de juliol L\u2019ALGODA (Antigues escoles &#8211; parvulari).<\/strong><\/li>\n<\/ul>\n<p><strong>Teatre infantil:<\/strong> <em>Mision espacial<\/em> per Talleralia.<\/p>\n<p><strong>Entrades:<\/strong> lliure fins a completar aforament.<\/p>\n<p><strong>Hora:<\/strong> 19.30 hores<\/p>\n<ul>\n<li><strong>Dissabte 30 de juliol PLA DE SANT JOSEP (Centre c\u00edvic).<\/strong><\/li>\n<\/ul>\n<p><strong>Teatre:<\/strong> <em>Sainete de los Quintero<\/em> per Teatro Cero.<\/p>\n<p><strong>Entrades:<\/strong> lliure fins a completar aforament.<\/p>\n<p><strong>Hora:<\/strong> 20.30 hores.[\/vc_column_text][\/vc_column][\/vc_row][vc_row][vc_column][vc_column_text css=&#8221;.vc_custom_1659000746560{padding-top: 25px !important;}&#8221;]<br \/>\n<strong>Claustre Clarisses<\/strong><\/p>\n<ul>\n<li><strong>Fins al diumenge 4 de setembre.<\/strong><\/li>\n<\/ul>\n<p><strong>Exposici\u00f3 fotogr\u00e0fica:<\/strong> <em>La Mirada de AFELX<\/em>. Exposici\u00f3 col\u00b7lectiva per blocs.<\/p>\n<p><strong>Horari:<\/strong> de dimarts a dissabte de 10 a 14 hores i de 15 a 18 hores. Diumenges i festius de 10 a 14 hores.<\/p>\n<p><strong>Entrada:<\/strong> lliure.<\/p>\n<p><strong>Informaci\u00f3:<\/strong> l&#8217;Associaci\u00f3 de Fotografia i Arts Visuals d&#8217;Elx (AFELX) presenta aquesta exposici\u00f3 amb m\u00e9s de 40 obres de 16 autors. Est\u00e0 formada per quatre blocs fotogr\u00e0fics: fotografia de naturalesa, <em>street photography<\/em>, fotografia de llarga exposici\u00f3 i Elx i el seu entorn.[\/vc_column_text][\/vc_column][\/vc_row][vc_row][vc_column][vc_column_text css=&#8221;.vc_custom_1659001490138{padding-top: 25px !important;}&#8221;]<br \/>\n<strong>Ordre tercer<\/strong><\/p>\n<ul>\n<li><strong>Del 14 de juliol a l&#8217;11 de setembre.<\/strong><\/li>\n<\/ul>\n<p><strong>Exposici\u00f3:<\/strong> <em>Enfoca al coraz\u00f3n para cambiar el mundo<\/em>. Primera Edici\u00f3 Premi Internacional de Fotografia Esperanza Pertusa.<\/p>\n<p><strong>Horari:<\/strong> de dimarts a dissabte de 18.00 a 21.00 hores. Dilluns i diumenges tancat. L&#8217;Ordre Tercer romandr\u00e0 tancat del 15 al 31 d&#8217;agost.<\/p>\n<p><strong>Informaci\u00f3:<\/strong> Organitzada per PHotoESPA\u00d1A en el seu 25 aniversari, la Fundaci\u00f3 Esperanza Pertusa i la Regidoria de Cultura. El tema central d&#8217;aquesta exposici\u00f3 \u00e9s l&#8217;exclusi\u00f3 social i la pobresa, amb un enfocament directe al cor, com b\u00e9 resa el seu t\u00edtol.<\/p>\n<p><strong>Llotja Medieval<\/strong><\/p>\n<ul>\n<li><strong>Del 21 de juny a l&#8217;11 de setembre.<\/strong><\/li>\n<\/ul>\n<p><strong>Exposici\u00f3:<\/strong> <em>Alberto Schommer. Contempor\u00e1neos<\/em>. Organitzat per PHotoESPA\u00d1A i per la Regidoria de Cultura.<\/p>\n<p><strong>Horari:<\/strong> de dimarts a dissabtes de 10 a 14 hores i de 15 a 18 hores. Diumenges i festius de 10 a 14 hores.<\/p>\n<p><strong>Informaci\u00f3:<\/strong> Alberto Schommer \u00e9s considerat com un mestre del retrat i innovador del llenguatge fotogr\u00e0fic. \u00c9s un referent art\u00edstic i cultural contemporani. Aquesta exposici\u00f3 forma part de PhotoESPA\u00d1A en el seu 25 aniversari.<\/p>\n<p><strong>Centre de Congressos Ciutat d&#8217;Elx<\/strong><\/p>\n<ul>\n<li><strong>Fins al 29 de juliol.<\/strong><\/li>\n<\/ul>\n<p><strong>Exposici\u00f3:<\/strong> <em>La Flora Mediterr\u00e0nia en l&#8217;Obra de Pilar Peque\u00f1o<\/em>.<\/p>\n<p><strong>Horari:<\/strong> de dilluns a divendres de 9 a 15 hores.<\/p>\n<p><strong>Informaci\u00f3:<\/strong> la naturalesa i la llum s\u00f3n les vertaderes protagonistes de tota la traject\u00f2ria de Pilar Peque\u00f1o. Des dels seus primers paisatges fins a les plantes i arquitectures, temes en els quals continua treballant en aquest moment.[\/vc_column_text][\/vc_column][\/vc_row][vc_row][vc_column][vc_column_text css=&#8221;.vc_custom_1659002474663{padding-top: 25px !important;}&#8221;]<br \/>\n<strong>V CICLE DE CINEMA EN VALENCI\u00c0 A la FRESCA<\/strong><\/p>\n<p><strong>PLA\u00c7A DEL RAVAL<\/strong><\/p>\n<ul>\n<li><strong>Dissabte 23 de juliol.<\/strong><\/li>\n<\/ul>\n<p><strong>Cinema:<\/strong> <em>Herois <\/em>de Pau Fraixas (Nacionalitat espanyola).<\/p>\n<p><strong>Entrada:<\/strong> lliure fins a completar aforament.<\/p>\n<p><strong>Passe:<\/strong> 22.00 hores.<\/p>\n<p><strong>Sinopsi:<\/strong> gr\u00e0cies a la seua trobada amb una xica que viatja amb la seua motxilla, un jove i reeixit publicista reviu les experi\u00e8ncies de la seua inf\u00e0ncia. Encara que s\u00f3n persones completament oposades, aix\u00f2 no impedeix que connecten i compartisquen els seus m\u00e9s tendres records. Tant \u00e9s aix\u00ed, que aquesta trobada el fa replantejar-se la seua manera de viure actualment.<\/p>\n<p><strong>Informaci\u00f3:<\/strong> el V Cicle de Cinema en Valenci\u00e0 a la Fresca est\u00e0 promogut per a l&#8217;Associaci\u00f3 C\u00edvica El Tempir.<\/p>\n<p>&nbsp;<\/p>\n<p>&nbsp;<\/p>\n<p><strong>Curs d&#8217;estiu C\u00e0tedra Misteri<\/strong><\/p>\n<ul>\n<li><strong>Dimecres 3 d&#8217;agost<\/strong><\/li>\n<\/ul>\n<p><strong>Curs:<\/strong> <em>Arquitectura i so a la Festa d\u2019Elx<\/em><\/p>\n<p><strong>Inscripci\u00f3:<\/strong> https:\/\/umh.es\/contenido\/estudios\/:tit_fpo_13114\/dades_\u00e9s.html (gratu\u00eft)<\/p>\n<p><strong>Horari:<\/strong> 9.30 a 19.00 hores.<\/p>\n<p><strong>Informaci\u00f3:<\/strong> el curs d&#8217;estiu de 2022 est\u00e0 destinat a la promoci\u00f3 i la divulgaci\u00f3 del Misteri d\u2019Elx, per tal de donar a con\u00e9ixer l&#8217;arquitectura i l&#8217;espai sonor que l&#8217;envolta. S&#8217;uniran aspectes t\u00e8cnics, art\u00edstics i emocionals que expliquen l&#8217;arquitectura i el so que envolten la Festa. L&#8217;objectiu del curs \u00e9s descobrir com la Festa ha influ\u00eft al llarg dels segles a la bas\u00edlica de Santa Maria i la seua arquitectura, con\u00e9ixer els aspectes sonors m\u00e9s destacables de l&#8217;espai de la representaci\u00f3, aix\u00ed com aprofundir sobre l&#8217;efecte de les q\u00fcestions t\u00e8cniques relacionades amb la bas\u00edlica sobre les emocions dels cantors, la seua representaci\u00f3 i les particularitats sensitives dels seus diferents escenaris.[\/vc_column_text][\/vc_column][\/vc_row]<\/p>\n<\/div>","protected":false},"excerpt":{"rendered":"<p>[vc_row][vc_column][vc_column_text css=&#8221;.vc_custom_1658993318453{padding-top: 25px !important;}&#8221;]El dijous 28 el guitarrista \u00c1lvaro Pierri, una de les estreles internacionals d&#8217;aquest instrument, actua en el XXIV Festival de Guitarra Ciutat d\u2019Elx que, d&#8217;altra banda, finalitza [&hellip;]<\/p>\n","protected":false},"author":131,"featured_media":207697,"comment_status":"closed","ping_status":"closed","sticky":false,"template":"","format":"standard","meta":{"footnotes":""},"categories":[193,454,1312,3060],"tags":[],"class_list":["post-207710","post","type-post","status-publish","format-standard","has-post-thumbnail","hentry","category-cultura-va","category-museus","category-noticias-va","category-sales-cultura"],"_links":{"self":[{"href":"https:\/\/www.elche.es\/va\/wp-json\/wp\/v2\/posts\/207710","targetHints":{"allow":["GET"]}}],"collection":[{"href":"https:\/\/www.elche.es\/va\/wp-json\/wp\/v2\/posts"}],"about":[{"href":"https:\/\/www.elche.es\/va\/wp-json\/wp\/v2\/types\/post"}],"author":[{"embeddable":true,"href":"https:\/\/www.elche.es\/va\/wp-json\/wp\/v2\/users\/131"}],"replies":[{"embeddable":true,"href":"https:\/\/www.elche.es\/va\/wp-json\/wp\/v2\/comments?post=207710"}],"version-history":[{"count":0,"href":"https:\/\/www.elche.es\/va\/wp-json\/wp\/v2\/posts\/207710\/revisions"}],"wp:featuredmedia":[{"embeddable":true,"href":"https:\/\/www.elche.es\/va\/wp-json\/wp\/v2\/media\/207697"}],"wp:attachment":[{"href":"https:\/\/www.elche.es\/va\/wp-json\/wp\/v2\/media?parent=207710"}],"wp:term":[{"taxonomy":"category","embeddable":true,"href":"https:\/\/www.elche.es\/va\/wp-json\/wp\/v2\/categories?post=207710"},{"taxonomy":"post_tag","embeddable":true,"href":"https:\/\/www.elche.es\/va\/wp-json\/wp\/v2\/tags?post=207710"}],"curies":[{"name":"wp","href":"https:\/\/api.w.org\/{rel}","templated":true}]}}