{"id":207758,"date":"2022-07-28T14:19:35","date_gmt":"2022-07-28T13:19:35","guid":{"rendered":"https:\/\/www.elche.es\/2022\/07\/lestudi-de-porfiri-pasqual-confirma-que-els-forats-es-deuen-a-linadequat-farciment-del-terreny-i-prioritza-actuar-sobre-la-zona-de-les-pistes-de-petanca\/"},"modified":"2022-07-28T14:23:18","modified_gmt":"2022-07-28T13:23:18","slug":"lestudi-de-porfiri-pasqual-confirma-que-els-forats-es-deuen-a-linadequat-farciment-del-terreny-i-prioritza-actuar-sobre-la-zona-de-les-pistes-de-petanca","status":"publish","type":"post","link":"https:\/\/www.elche.es\/va\/2022\/07\/lestudi-de-porfiri-pasqual-confirma-que-els-forats-es-deuen-a-linadequat-farciment-del-terreny-i-prioritza-actuar-sobre-la-zona-de-les-pistes-de-petanca\/","title":{"rendered":"L&#8217;estudi de Porfiri Pasqual confirma que els forats es deuen a l&#8217;inadequat farciment del terreny i prioritza actuar sobre la zona de les pistes de petanca"},"content":{"rendered":"<div class=\"wpb-content-wrapper\"><p>[vc_row el_id=&#8221;SUBTITULAR_NOTICIA&#8221;][vc_column][vc_column_text]<\/p>\n<hr \/>\n<h4>L&#8217;edil de Manteniment, H\u00e9ctor D\u00edez, explica que els t\u00e8cnics ja treballen en la redacci\u00f3 del projecte que permeta donar una soluci\u00f3 definitiva als problemes detectats al tram entre el carrer Miller Giner i aquesta zona esportiva, sobre la qual s&#8217;actuar\u00e0 pr\u00e8viament de manera provisional<\/h4>\n<hr \/>\n<p>[\/vc_column_text][\/vc_column][\/vc_row][vc_row el_id=&#8221;TEXTO_NOTICIA&#8221;][vc_column][vc_column_text]L&#8217;edil de Manteniment, H\u00e9ctor D\u00edez, ha presentat les conclusions de l&#8217;estudi geot\u00e8cnic d&#8217;estabilitat de talussos realitzat per a con\u00e9ixer l&#8217;origen dels forats apareguts en els \u00faltims mesos al barri Porfiri Pasqual. Tal com ha recordat el regidor, <strong>l&#8217;objectiu del Govern Municipal a l&#8217;hora d&#8217;encarregar aquest estudi era donar soluci\u00f3 als forats apareguts i a una situaci\u00f3 d&#8217;aparent inestabilitat del terreny de la zona<\/strong>.<\/p>\n<p>D\u00edez ha explicat que l&#8217;estudi, que se centra en el marge dret del Vinalop\u00f3 i realitzat per l&#8217;empresa ImasaLab, consta de m\u00e9s de 200 p\u00e0gines en les quals es conclou que <strong>l&#8217;origen dels problemes es troba en l&#8217;inadequat farciment que en el seu moment es va utilitzar en la zona<\/strong>.<\/p>\n<p>\u201cL&#8217;estudi realitza una important recopilaci\u00f3 i interpretaci\u00f3 hist\u00f2rica de la zona i de la seua situaci\u00f3 de partida. En els anys 50 i 60, es comen\u00e7a a modificar el vessant del riu a conseq\u00fc\u00e8ncia del desenvolupament urban\u00edstic del barri de Carr\u00fas Est. <strong>Els enderrocs sobrants de les obres de les edificacions es van utilitzar com a farciment en vessant del riu<\/strong>\u201d, ha explicat D\u00edez, que ha afegit que \u201caix\u00f2 ha provocat que tinguem un vessant farcit des dels 4 metres en la cota m\u00e9s baixa fins a un farciment que aconsegueix els 18 metres a la part del col\u00b7legi Ausi\u00e0s March\u201d.[\/vc_column_text][\/vc_column][\/vc_row][vc_row type=&#8221;flexslider_slide&#8221; interval=&#8221;5&#8243; source=&#8221;media_library&#8221; images=&#8221;&#8221; img_size=&#8221;full&#8221; external_img_size=&#8221;&#8221; onclick=&#8221;link_image&#8221; custom_links_target=&#8221;_self&#8221; el_class=&#8221;galerianoticia&#8221; title=&#8221;&#8221; custom_srcs=&#8221;&#8221; custom_links=&#8221;&#8221;][vc_column][vc_gallery type=&#8221;flexslider_slide&#8221; interval=&#8221;5&#8243; images=&#8221;207686,207688,207690,207692&#8243; img_size=&#8221;full&#8221; el_class=&#8221;galerianoticia&#8221;][\/vc_column][\/vc_row][vc_row el_id=&#8221;TEXTO_FIN_NOTICIA&#8221;][vc_column][vc_column_text]Aquests farciments es van aportar en el seu moment <strong>sense cap mena d&#8217;atenci\u00f3 a la qualitat del material ni a la manera de compactar-lo<\/strong>.<\/p>\n<p>Per al reconeixement del terreny <strong>s&#8217;han realitzat 11 sondejos mec\u00e0nics i tres penetracions din\u00e0miques<\/strong>; a m\u00e9s, s&#8217;han tingut en compte els estudis que es van dur a terme davant de la construcci\u00f3 de la Vall Trenada.<\/p>\n<p>Tal com especifica l&#8217;estudi, les causes de les patologies s\u00f3n l&#8217;exist\u00e8ncia d&#8217;un terrapl\u00e9, de 4 a 18 metres de farciment, en el qual s&#8217;han detectat materials inadequats que no estan compactats correctament, a m\u00e9s,<strong> s&#8217;han detectat nombroses cases coves, cavitats buides<\/strong>. I al costat de tot aix\u00f2 es posa de manifest que l&#8217;arbratge de la zona, de gran grand\u00e0ria, tampoc ajuda a l&#8217;estabilitat del terreny.<\/p>\n<p>L&#8217;estudi s&#8217;ha dividit en cinc trams. El primer d&#8217;ells, el compr\u00e9s entre el <strong>Parc de Porfiri Pasqual fins al carrer Gervasio Torregrosa Boix<\/strong>, no compta amb danys significatius.<\/p>\n<p>El segon tram,<strong> carrer Gervasio Torregrosa Boix i Francisco Miller Giner, s&#8217;observa una fissura longitudinal que es deu a la separaci\u00f3 del farciment amb l&#8217;estructura<\/strong> que hi ha enterrada que s\u00f3n unes antigues escoles municipals.<\/p>\n<p>En aquesta zona es proposa la<strong> substituci\u00f3 dels farciments actuals per un terrapl\u00e9<\/strong> amb materials de major qualitat i millor compactats.<\/p>\n<p>El tram tres \u00e9s el que presenta m\u00e9s problemes. Es tracta de la zona en la qual es van produir els forats, entre el <strong>carrer Miller Giner i les pistes de petanca<\/strong>. En el seu moment, el t\u00e0lveg existent es va emplenar amb restes de construccions, a m\u00e9s hi ha a la zona multitud de cases coves (situades baix de les pistes de petanca). Per a aquest tram, l&#8217;estudi parla d&#8217;estabilitat prec\u00e0ria quant al tal\u00fas i al terreny, per tant, no cal descartar possibles moviments.<\/p>\n<p>\u201c<strong>L&#8217;empresa proposa emplenar els talussos mitjan\u00e7ant una t\u00e8cnica d&#8217;encepat i pilotat<\/strong>. Al mateix temps actuar sobre la zona m\u00e9s pr\u00f2xima al riu mitjan\u00e7ant la instal\u00b7laci\u00f3 d&#8217;un sistema de gabions o un mur d&#8217;escullera\u201d, ha explicat D\u00edez.<\/p>\n<p>En el tram 4 <strong>(Pistes de petanca i aparcament carrer Pare Palau)<\/strong> no s&#8217;han detectat problemes considerables.<\/p>\n<p>Finalment, en el tram 5, el del <strong>col\u00b7legi Ausi\u00e0s March fins a la pista de b\u00e0squet del centre, \u00e9s la zona de major quantitat de farciment i es torna a parlar que no est\u00e0 adequadament compactat<\/strong>. Ac\u00ed s&#8217;han detectat filtracions d&#8217;aigua al subs\u00f2l. En aquest cas, es diu que la mala compactaci\u00f3 es troba, sobretot, a la pista poliesportiva del sud.<\/p>\n<p>L&#8217;edil recorda que <strong>el centre escolar est\u00e0 tancat a l&#8217;espera que la Conselleria d&#8217;Educaci\u00f3 decidisca el seu possible enderrocament<\/strong> i que no es descarta haver d&#8217;actuar en aquest tram en un futur.<\/p>\n<p>D\u00edez ha explicat que el contingut de l&#8217;estudi ja ha sigut traslladat als ve\u00efns i <strong>se&#8217;ls ha comunicat a m\u00e9s les actuacions que s&#8217;emprendran a partir d&#8217;ara<\/strong>.<\/p>\n<p>\u201cProcedirem a donar <strong>una soluci\u00f3 provisional per a garantir la seguretat a la zona de les pistes de petanca, ja que, encara que estan tancades, es produeixen salts continus per part de menors a la zona<\/strong>. Per a evitar algun accident s&#8217;emplenaran eixos forats\u201d, ha indicat D\u00edez, que ha afegit que \u201ca m\u00e9s, fruit d&#8217;aquest estudi, el Govern Municipal ha posat a treballar els t\u00e8cnics municipals perqu\u00e8 redacten els plecs de condicions t\u00e8cniques per a redactar un projecte d&#8217;execuci\u00f3 del tram 3, que \u00e9s el que m\u00e9s ens preocupa. Aquest projecte d&#8217;execuci\u00f3 arreplegar\u00e0 les propostes de soluci\u00f3 que proposa l&#8217;estudi\u201d.<\/p>\n<hr \/>\n<p>&nbsp;<\/p>\n<p>[\/vc_column_text][\/vc_column][\/vc_row][vc_row][vc_column width=&#8221;1\/6&#8243;][\/vc_column][vc_column width=&#8221;2\/3&#8243;]<audio class=\"sc_audio\" src=\"https:\/\/soundcloud.com\/ayuntamiento-de-elche\/el-edil-de-mantenimiento-hector-diez-presenta-el-estudio-de-porfirio-pascual?utm_source=clipboard&#038;utm_medium=text&#038;utm_campaign=social_sharing\" width=\"\" height=\"\"><\/audio>[\/vc_column][vc_column width=&#8221;1\/6&#8243;][\/vc_column][\/vc_row]<\/p>\n<\/div>","protected":false},"excerpt":{"rendered":"<p>[vc_row el_id=&#8221;SUBTITULAR_NOTICIA&#8221;][vc_column][vc_column_text] L&#8217;edil de Manteniment, H\u00e9ctor D\u00edez, explica que els t\u00e8cnics ja treballen en la redacci\u00f3 del projecte que permeta donar una soluci\u00f3 definitiva als problemes detectats al tram entre [&hellip;]<\/p>\n","protected":false},"author":131,"featured_media":207685,"comment_status":"closed","ping_status":"closed","sticky":false,"template":"","format":"standard","meta":{"footnotes":""},"categories":[391,680,1312],"tags":[],"class_list":["post-207758","post","type-post","status-publish","format-standard","has-post-thumbnail","hentry","category-home-va","category-mantenimiento-va","category-noticias-va"],"_links":{"self":[{"href":"https:\/\/www.elche.es\/va\/wp-json\/wp\/v2\/posts\/207758","targetHints":{"allow":["GET"]}}],"collection":[{"href":"https:\/\/www.elche.es\/va\/wp-json\/wp\/v2\/posts"}],"about":[{"href":"https:\/\/www.elche.es\/va\/wp-json\/wp\/v2\/types\/post"}],"author":[{"embeddable":true,"href":"https:\/\/www.elche.es\/va\/wp-json\/wp\/v2\/users\/131"}],"replies":[{"embeddable":true,"href":"https:\/\/www.elche.es\/va\/wp-json\/wp\/v2\/comments?post=207758"}],"version-history":[{"count":0,"href":"https:\/\/www.elche.es\/va\/wp-json\/wp\/v2\/posts\/207758\/revisions"}],"wp:featuredmedia":[{"embeddable":true,"href":"https:\/\/www.elche.es\/va\/wp-json\/wp\/v2\/media\/207685"}],"wp:attachment":[{"href":"https:\/\/www.elche.es\/va\/wp-json\/wp\/v2\/media?parent=207758"}],"wp:term":[{"taxonomy":"category","embeddable":true,"href":"https:\/\/www.elche.es\/va\/wp-json\/wp\/v2\/categories?post=207758"},{"taxonomy":"post_tag","embeddable":true,"href":"https:\/\/www.elche.es\/va\/wp-json\/wp\/v2\/tags?post=207758"}],"curies":[{"name":"wp","href":"https:\/\/api.w.org\/{rel}","templated":true}]}}