{"id":207763,"date":"2022-07-28T14:27:58","date_gmt":"2022-07-28T13:27:58","guid":{"rendered":"https:\/\/www.elche.es\/2022\/07\/imanol-arias-juan-echanove-blanca-portillo-i-alba-reche-protagonitzen-la-nova-temporada-del-gran-teatre-des-doctubre-fins-a-gener\/"},"modified":"2022-07-28T14:27:59","modified_gmt":"2022-07-28T13:27:59","slug":"imanol-arias-juan-echanove-blanca-portillo-i-alba-reche-protagonitzen-la-nova-temporada-del-gran-teatre-des-doctubre-fins-a-gener","status":"publish","type":"post","link":"https:\/\/www.elche.es\/va\/2022\/07\/imanol-arias-juan-echanove-blanca-portillo-i-alba-reche-protagonitzen-la-nova-temporada-del-gran-teatre-des-doctubre-fins-a-gener\/","title":{"rendered":"Imanol Arias, Juan Echanove, Blanca Portillo i Alba Reche protagonitzen la nova temporada del Gran Teatre des d&#8217;octubre fins a gener"},"content":{"rendered":"<div class=\"wpb-content-wrapper\"><p>[vc_row el_id=&#8221;SUBTITULAR_NOTICIA&#8221;][vc_column][vc_column_text]<\/p>\n<hr \/>\n<h5>L&#8217;edil de Cultura, Marga Ant\u00f3n, i el programador del Gran Teatre, Juli\u00e1n S\u00e1ez, destaquen que amb la programaci\u00f3, sota el lema &#8220;Despr\u00e9s de 100 anys, \u00e9s moment de donar-li afecte al nostre teatre&#8221; se celebrar\u00e0 per primera vegada el Dia del Ballet<\/h5>\n<hr \/>\n<p>[\/vc_column_text][\/vc_column][\/vc_row][vc_row][vc_column][vc_column_text]La regidora de Cultura, Marga Ant\u00f3n, i el programador del Gran Teatre, Juli\u00e1n S\u00e1ez, han presentat la <strong>programaci\u00f3 del Gran Teatre des del mes d&#8217;octubre fins a gener<\/strong> i que comptar\u00e0 amb la pres\u00e8ncia, entre altres, dels actors Imanol Arias, Juan Echanove i Blanca Portillo i de l&#8217;artista il\u00b7licitana Alba Reche.<\/p>\n<p>&#8220;Es tracta d&#8217;una proposta ambiciosa amb<strong> 35 espectacles de diferents disciplines art\u00edstiques<\/strong> i amb m\u00e9s de mig centenar de funcions&#8221;, ha assenyalat l&#8217;edil de l&#8217;\u00e0rea.[\/vc_column_text][\/vc_column][\/vc_row][vc_row type=&#8221;square&#8221; style_color=&#8221;original&#8221; style=&#8221;filled&#8221; size=&#8221;large&#8221; icon=&#8221;inherit&#8221; color=&#8221;&#8221; bg_color=&#8221;&#8221; align=&#8221;center&#8221; link=&#8221;&#8221; target=&#8221;_blank&#8221; popup=&#8221;&#8221; rel=&#8221;&#8221; id=&#8221;&#8221; class=&#8221;btndentronoticia&#8221; animation=&#8221;none&#8221; width=&#8221;&#8221; height=&#8221;&#8221; top=&#8221;small&#8221; bottom=&#8221;small&#8221; left=&#8221;huge&#8221; right=&#8221;huge&#8221;][vc_column]<a href=\"https:\/\/www.elche.es\/wp-content\/uploads\/2022\/07\/GT-PROGRAMA-OCT-22-ENE-23-CAST-web.pdf\" target=\"_blank\" class=\"sc_button sc_button_square sc_button_style_filled style_original sc_button_size_large aligncenter btndentronoticia margin_top_small margin_right_huge margin_bottom_small margin_left_huge\">Descarrega ac\u00ed el programa<\/a>[\/vc_column][\/vc_row][vc_row][vc_column][vc_column_text]Precisament, aquesta programaci\u00f3, sota el lema &#8220;Despr\u00e9s de 100 anys, \u00e9s moment de donar-li afecte al nostre teatre&#8221;, arrancar\u00e0 l&#8217;1 d&#8217;octubre amb el cl\u00e0ssic d&#8217;Arthur Miller <strong><em>Muerte de un viajante<\/em><\/strong>, protagonitzat per Imanol Arias. La proposta teatral continua de la m\u00e0 de Carlos Hip\u00f3lito, que protagonitza <strong><em>Ocean\u00eda<\/em><\/strong> el 21 d&#8217;octubre; Juan Echanove al capdavant de <strong><em>Ser o no ser<\/em><\/strong> el 25 de novembre; Blanca Portillo amb l&#8217;obra <strong><em>Silencio<\/em><\/strong> el 4 de desembre; l&#8217;obra <strong><em>Ladies Football Club<\/em><\/strong>, que consisteix en una hist\u00f2ria inspirada en els primers equip de futbol femen\u00ed del Regne Unit a principis del Segle XX. El colof\u00f3 teatral el posaran Els Joglars amb el seu \u00faltim treball <em><strong>\u00a1Qu\u00e9 salga Arist\u00f3fanes!<\/strong><\/em>.<\/p>\n<p>D&#8217;altra banda, Ant\u00f3n ha explicat que &#8220;<strong>celebrarem per primera vegada al Gran Teatre el Dia del Ballet<\/strong> en la primera setmana de novembre&#8221; amb un muntatge de la companyia il\u00b7licitana Novadansa, dirigida per Ana Carre\u00f1o i que posar\u00e0 en escena <strong><em>Entretelones<\/em><\/strong>, a m\u00e9s del Ballet de K\u00edev amb el cl\u00e0ssic <em><strong>El lago de los cisnes<\/strong>.<\/em> Aquest \u00faltim espectacle recaptar\u00e0 diners per a ajudar el poble ucra\u00efn\u00e9s que pateix la invasi\u00f3 russa.[\/vc_column_text][\/vc_column][\/vc_row][vc_row source=&#8221;media_library&#8221; image=&#8221;&#8221; img_size=&#8221;full&#8221; external_img_size=&#8221;&#8221; add_caption=&#8221;&#8221; alignment=&#8221;left&#8221; style=&#8221;&#8221; external_style=&#8221;&#8221; border_color=&#8221;grey&#8221; external_border_color=&#8221;grey&#8221; onclick=&#8221;link_image&#8221; img_link_target=&#8221;_self&#8221; el_class=&#8221;fotounicanoticia&#8221; title=&#8221;&#8221; custom_src=&#8221;&#8221; caption=&#8221;&#8221; link=&#8221;&#8221; img_link_large=&#8221;&#8221;][vc_column][vc_single_image image=&#8221;207728&#8243; img_size=&#8221;full&#8221; onclick=&#8221;link_image&#8221; el_class=&#8221;fotounicanoticia&#8221;][\/vc_column][\/vc_row][vc_row el_id=&#8221;DESTACADO_NOTICIA&#8221;][vc_column][vc_column_text el_class=&#8221;cuadronoticia&#8221;]<\/p>\n<h5>L&#8217;edil de l&#8217;\u00e0rea anuncia, a m\u00e9s, que a l&#8217;abril de l&#8217;any que ve vindr\u00e0 al Gran Teatre el prestigi\u00f3s artista internacional Rufus Wainwright<\/h5>\n<p>[\/vc_column_text][\/vc_column][\/vc_row][vc_row el_id=&#8221;TEXTO_FIN_NOTICIA&#8221;][vc_column][vc_column_text]A m\u00e9s, tal com ha assenyalat l&#8217;edil de Cultura, els musicals cobren un gran protagonisme amb <strong><em>Totally, Tina<\/em><\/strong>, dedicat a Tina Turner o <strong><em>Una noche con Sabina<\/em><\/strong> i els mon\u00f2legs vindran protagonitzats per Dani Mateo, David Guapo i Santi Rodr\u00edguez.<\/p>\n<p>Quant als <strong>concerts de m\u00fasica cl\u00e0ssica<\/strong>, continua la temporada de l&#8217;OSCE amb els concerts d&#8217;octubre i gener i el Concert d&#8217;any nou. Les actuacions musicals continuaran amb els concerts de la il\u00b7licitana Alba Reche el 2 d&#8217;octubre, Tenessee el 22 de desembre i El Consorci el 20 de gener.<\/p>\n<p>La sarsuela tindr\u00e0 una cita amb la Coral Il\u00b7licitana i l&#8217;obra <strong><em>La Rosa de Azafr\u00e1n<\/em><\/strong> i el circ amb dos reconeguts espectacles com ara <b><i>Payaso! El musical de los sue\u00f1os<\/i><\/b> i <strong><em>Pa\u00fcra<\/em><\/strong>. A m\u00e9s, durant el mes de setembre tindr\u00e0 lloc la <strong>mostra de teatre amateur &#8220;Dama d\u2019Elx&#8221;.<\/strong><\/p>\n<p>Per part seua, el programador del Gran Teatre ha comentat que &#8220;\u00e9s una programaci\u00f3 de la qual ens sentim molt orgullosos amb <strong>noms molt destacats<\/strong> i altres que potser no s\u00f3n tan coneguts, per\u00f2 que li donen un valor afegit al programa&#8221;.<\/p>\n<p><strong>Les entrades es poden adquirir a trav\u00e9s d&#8217;Instan Ticket<\/strong>. Tant Ant\u00f3n com S\u00e1ez han animat la ciutadania a vindre al Gran Teatre i a gaudir de totes les actuacions.<\/p>\n<h5>Rufus Wainwright actuar\u00e0 a Elx en 2023<\/h5>\n<p>D&#8217;altra banda, Ant\u00f3n ha anunciat que l&#8217;artista de primer nivell internacional <strong>Rufus Wainwright visitar\u00e0 el Gran Teatre el mes d&#8217;abril de 2023<\/strong>. &#8220;\u00c9s un habitual d&#8217;escenaris com el Metropolitan de Nova York, el Teatro Real de Madrid o el Liceu de Barcelona&#8221;, ha destacat S\u00e1ez.<\/p>\n<hr \/>\n<p>&nbsp;<\/p>\n<p>[\/vc_column_text][\/vc_column][\/vc_row][vc_row][vc_column width=&#8221;1\/2&#8243;]<audio class=\"sc_audio\" src=\"https:\/\/soundcloud.com\/ayuntamiento-de-elche\/programacion-gran-teatro?utm_source=clipboard&#038;utm_medium=text&#038;utm_campaign=social_sharing\" width=\"\" height=\"\"><\/audio>[\/vc_column][vc_column width=&#8221;1\/2&#8243;]<audio class=\"sc_audio\" src=\"https:\/\/soundcloud.com\/ayuntamiento-de-elche\/programacion-gran-teatre-octubre-a-diciembre?utm_source=clipboard&#038;utm_medium=text&#038;utm_campaign=social_sharing\" width=\"\" height=\"\"><\/audio>[\/vc_column][\/vc_row]<\/p>\n<\/div>","protected":false},"excerpt":{"rendered":"<p>[vc_row el_id=&#8221;SUBTITULAR_NOTICIA&#8221;][vc_column][vc_column_text] L&#8217;edil de Cultura, Marga Ant\u00f3n, i el programador del Gran Teatre, Juli\u00e1n S\u00e1ez, destaquen que amb la programaci\u00f3, sota el lema &#8220;Despr\u00e9s de 100 anys, \u00e9s moment de [&hellip;]<\/p>\n","protected":false},"author":131,"featured_media":207717,"comment_status":"closed","ping_status":"closed","sticky":false,"template":"","format":"standard","meta":{"footnotes":""},"categories":[193,391,1312],"tags":[],"class_list":["post-207763","post","type-post","status-publish","format-standard","has-post-thumbnail","hentry","category-cultura-va","category-home-va","category-noticias-va"],"_links":{"self":[{"href":"https:\/\/www.elche.es\/va\/wp-json\/wp\/v2\/posts\/207763","targetHints":{"allow":["GET"]}}],"collection":[{"href":"https:\/\/www.elche.es\/va\/wp-json\/wp\/v2\/posts"}],"about":[{"href":"https:\/\/www.elche.es\/va\/wp-json\/wp\/v2\/types\/post"}],"author":[{"embeddable":true,"href":"https:\/\/www.elche.es\/va\/wp-json\/wp\/v2\/users\/131"}],"replies":[{"embeddable":true,"href":"https:\/\/www.elche.es\/va\/wp-json\/wp\/v2\/comments?post=207763"}],"version-history":[{"count":0,"href":"https:\/\/www.elche.es\/va\/wp-json\/wp\/v2\/posts\/207763\/revisions"}],"wp:featuredmedia":[{"embeddable":true,"href":"https:\/\/www.elche.es\/va\/wp-json\/wp\/v2\/media\/207717"}],"wp:attachment":[{"href":"https:\/\/www.elche.es\/va\/wp-json\/wp\/v2\/media?parent=207763"}],"wp:term":[{"taxonomy":"category","embeddable":true,"href":"https:\/\/www.elche.es\/va\/wp-json\/wp\/v2\/categories?post=207763"},{"taxonomy":"post_tag","embeddable":true,"href":"https:\/\/www.elche.es\/va\/wp-json\/wp\/v2\/tags?post=207763"}],"curies":[{"name":"wp","href":"https:\/\/api.w.org\/{rel}","templated":true}]}}