{"id":208499,"date":"2022-08-03T10:19:48","date_gmt":"2022-08-03T09:19:48","guid":{"rendered":"https:\/\/www.elche.es\/2022\/08\/prop-duna-vintena-de-comissions-de-festes-de-la-federacio-gestora-recorren-els-carrers-delx-al-ritme-de-musica-i-ball\/"},"modified":"2022-08-03T10:19:49","modified_gmt":"2022-08-03T09:19:49","slug":"prop-duna-vintena-de-comissions-de-festes-de-la-federacio-gestora-recorren-els-carrers-delx-al-ritme-de-musica-i-ball","status":"publish","type":"post","link":"https:\/\/www.elche.es\/va\/2022\/08\/prop-duna-vintena-de-comissions-de-festes-de-la-federacio-gestora-recorren-els-carrers-delx-al-ritme-de-musica-i-ball\/","title":{"rendered":"Prop d&#8217;una vintena de comissions de festes de la Federaci\u00f3 Gestora recorren els carrers d&#8217;Elx al ritme de m\u00fasica i ball"},"content":{"rendered":"<div class=\"wpb-content-wrapper\"><p>[vc_row el_id=&#8221;SUBTITULAR_NOTICIA&#8221;][vc_column][vc_column_text]<\/p>\n<hr \/>\n<h4>L&#8217;alcalde, Carlos Gonz\u00e1lez, i la regidora de Festes, Mariola Galiana, entreguen els diplomes als diferents c\u00e0rrecs festers a l&#8217;Hort de Baix on posteriorment va tindre lloc el Sopar de Cabasset<\/h4>\n<hr \/>\n<p>[\/vc_column_text][\/vc_column][\/vc_row][vc_row el_id=&#8221;TEXTO_NOTICIA&#8221;][vc_column][vc_column_text]Prop d&#8217;una vintena de <strong>comissions festeres van rec\u00f3rrer els carrers d&#8217;Elx al ritme de m\u00fasica i ball<\/strong>. Sobre les 20.30 hores comen\u00e7ar el Soroll de la Festa, un nou acte impulsat enguany per la Federaci\u00f3 Gestora de Festejos Populars que es va estrenar el dimarts, 2 d\u2019agost, tres dies previs a les festes patronals d&#8217;Elx. Centenars de festers van dur a terme un cercaviles que va comen\u00e7ar des de la Pla\u00e7a d&#8217;Espanya i va disc\u00f3rrer per Reina Vict\u00f2ria i la Pla\u00e7a de Baix fins a arribar a l&#8217;Hort del Xocolater on l&#8217;alcalde, Carlos Gonz\u00e1lez, i la regidora de Festes, Mariola Galiana, van lliurar els diplomes participatius a les reines i dames de les comissions de la Federaci\u00f3 Gestora de Festejos Populars, aix\u00ed com als representants de les comissions que complien el seu aniversari.<\/p>\n<p><strong>L&#8217;esdeveniment va ser amenitzat amb focs artificials i posteriorment va tindre lloc el Sopar de Cabasset<\/strong> al qual tamb\u00e9 van assistir membres de l&#8217;Equip de Govern i de la Corporaci\u00f3 Municipal.<\/p>\n<hr \/>\n<p>&nbsp;<\/p>\n<p>[\/vc_column_text][\/vc_column][\/vc_row][vc_row type=&#8221;flexslider_slide&#8221; interval=&#8221;5&#8243; source=&#8221;media_library&#8221; images=&#8221;&#8221; img_size=&#8221;full&#8221; external_img_size=&#8221;&#8221; onclick=&#8221;link_image&#8221; custom_links_target=&#8221;_self&#8221; el_class=&#8221;galerianoticia&#8221; title=&#8221;&#8221; custom_srcs=&#8221;&#8221; custom_links=&#8221;&#8221;][vc_column][vc_gallery type=&#8221;flexslider_slide&#8221; interval=&#8221;5&#8243; images=&#8221;208462,208484,208486,208470,208468,208476,208478,208466,208472,208474,208480,208482,208488,208492,208490,208494,208464,208496&#8243; img_size=&#8221;full&#8221; el_class=&#8221;galerianoticia&#8221;][\/vc_column][\/vc_row]<\/p>\n<\/div>","protected":false},"excerpt":{"rendered":"<p>[vc_row el_id=&#8221;SUBTITULAR_NOTICIA&#8221;][vc_column][vc_column_text] L&#8217;alcalde, Carlos Gonz\u00e1lez, i la regidora de Festes, Mariola Galiana, entreguen els diplomes als diferents c\u00e0rrecs festers a l&#8217;Hort de Baix on posteriorment va tindre lloc el Sopar [&hellip;]<\/p>\n","protected":false},"author":131,"featured_media":208461,"comment_status":"closed","ping_status":"closed","sticky":false,"template":"","format":"standard","meta":{"footnotes":""},"categories":[191,391,1312],"tags":[],"class_list":["post-208499","post","type-post","status-publish","format-standard","has-post-thumbnail","hentry","category-festes-va","category-home-va","category-noticias-va"],"_links":{"self":[{"href":"https:\/\/www.elche.es\/va\/wp-json\/wp\/v2\/posts\/208499","targetHints":{"allow":["GET"]}}],"collection":[{"href":"https:\/\/www.elche.es\/va\/wp-json\/wp\/v2\/posts"}],"about":[{"href":"https:\/\/www.elche.es\/va\/wp-json\/wp\/v2\/types\/post"}],"author":[{"embeddable":true,"href":"https:\/\/www.elche.es\/va\/wp-json\/wp\/v2\/users\/131"}],"replies":[{"embeddable":true,"href":"https:\/\/www.elche.es\/va\/wp-json\/wp\/v2\/comments?post=208499"}],"version-history":[{"count":0,"href":"https:\/\/www.elche.es\/va\/wp-json\/wp\/v2\/posts\/208499\/revisions"}],"wp:featuredmedia":[{"embeddable":true,"href":"https:\/\/www.elche.es\/va\/wp-json\/wp\/v2\/media\/208461"}],"wp:attachment":[{"href":"https:\/\/www.elche.es\/va\/wp-json\/wp\/v2\/media?parent=208499"}],"wp:term":[{"taxonomy":"category","embeddable":true,"href":"https:\/\/www.elche.es\/va\/wp-json\/wp\/v2\/categories?post=208499"},{"taxonomy":"post_tag","embeddable":true,"href":"https:\/\/www.elche.es\/va\/wp-json\/wp\/v2\/tags?post=208499"}],"curies":[{"name":"wp","href":"https:\/\/api.w.org\/{rel}","templated":true}]}}