{"id":208513,"date":"2022-08-03T10:49:02","date_gmt":"2022-08-03T09:49:02","guid":{"rendered":"https:\/\/www.elche.es\/2022\/08\/la-policia-local-identifica-tres-persones-per-un-presumpte-robatori-a-la-marina\/"},"modified":"2022-08-03T10:49:11","modified_gmt":"2022-08-03T09:49:11","slug":"la-policia-local-identifica-tres-persones-per-un-presumpte-robatori-a-la-marina","status":"publish","type":"post","link":"https:\/\/www.elche.es\/va\/2022\/08\/la-policia-local-identifica-tres-persones-per-un-presumpte-robatori-a-la-marina\/","title":{"rendered":"La Policia Local identifica tres persones per un presumpte robatori a la Marina"},"content":{"rendered":"<div class=\"wpb-content-wrapper\"><p>[vc_row el_id=&#8221;SUBTITULAR_NOTICIA&#8221;][vc_column][vc_column_text]<\/p>\n<hr>\n<h4>Una patrulla va interceptar un vehicle abandonant a gran velocitat en una finca productora als voltants de la vereda de la Manzanilla i va descobrir a l&#8217;interior del vehicle 40 quilos de fruits amb denominaci\u00f3 de Carrizales<\/h4>\n<hr>\n<p>[\/vc_column_text][\/vc_column][\/vc_row][vc_row el_id=&#8221;TEXTO_NOTICIA&#8221;][vc_column][vc_column_text]<\/p>\n<p>La Policia Local d&#8217;Elx va identificar tres persones per un presumpte robatori de melons a la Marina el passat 23 de juliol sobre les 16.00 hores. Els agents, que es trobaven desplegats als voltants de la vereda de la Manzanilla efectuant tasques de vigil\u00e0ncia dins de l&#8217;operatiu que des de fa setmanes tracta d&#8217;evitar la sostracci\u00f3 de melons de Carrizales, van detectar <strong>un vehicle que abandonava a gran velocitat una de les finques productores, per la qual cosa la patrulla el va interceptar i va procedir a identificar els ocupants.<\/strong><\/p>\n<p>Dins de la furgoneta viatjaven un jove de 23 anys i dos homes de 58 i 69 anys; aquests dos \u00faltims amb antecedents per robatoris i altres infraccions penals, encara que sense requeriment judicial en vigor. <strong>A l&#8217;interior de l&#8217;autom\u00f2bil, els agents van descobrir una caixa de gran grand\u00e0ria amb melons, l&#8217;origen dels quals era un dels camps com va confirmar un dels implicats, al qual van accedir sortejant el clos cineg\u00e8tic d&#8217;aquest.<\/strong><\/p>\n<p>[\/vc_column_text][\/vc_column][\/vc_row][vc_row el_id=&#8221;DESTACADO_NOTICIA&#8221;][vc_column][vc_column_text el_class=&#8221;cuadronoticia&#8221;]<\/p>\n<h5>L&#8217;actuaci\u00f3 s&#8217;emmarca en la campanya especial duta a terme pel cos de seguretat municipal des de finals de juliol per a evitar sostraccions i el conseq\u00fcent perjudici al sector agr\u00edcola local<\/h5>\n<p>[\/vc_column_text][\/vc_column][\/vc_row][vc_row el_id=&#8221;TEXTO_FIN_NOTICIA&#8221;][vc_column][vc_column_text]<\/p>\n<p>En total,<strong> s\u2019havien apropiat d&#8217;uns 40 quilos de melons de Carrizales<\/strong>. Els policies van retornar la mercaderia sostreta al seu leg\u00edtim propietari. A m\u00e9s, el van informar dels passos a seguir per a denunciar els fets.<\/p>\n<p><strong>L&#8217;actuaci\u00f3 s&#8217;emmarca dins de la campanya especial de vigil\u00e0ncia coordinada entre la Policia Local d&#8217;Elx i els agricultors il\u00b7licitans<\/strong> per a evitar el robatori de melons i el conseq\u00fcent perjudici al sector. El seguiment, en marxa des de finals de juny, abasta unes 40 hect\u00e0rees d&#8217;aiguamoll vinculades al mel\u00f3 de Carrizales, un cultiu tradicional que preveu aconseguir una collita de 400.000 quilos en 2022.<\/p>\n<hr>\n<p>[\/vc_column_text][\/vc_column][\/vc_row]<\/p>\n<\/div>","protected":false},"excerpt":{"rendered":"<p>[vc_row el_id=&#8221;SUBTITULAR_NOTICIA&#8221;][vc_column][vc_column_text] Una patrulla va interceptar un vehicle abandonant a gran velocitat en una finca productora als voltants de la vereda de la Manzanilla i va descobrir a l&#8217;interior del [&hellip;]<\/p>\n","protected":false},"author":131,"featured_media":208506,"comment_status":"closed","ping_status":"closed","sticky":false,"template":"","format":"standard","meta":{"footnotes":""},"categories":[2864,238],"tags":[],"class_list":["post-208513","post","type-post","status-publish","format-standard","has-post-thumbnail","hentry","category-breus","category-policia-local-va"],"_links":{"self":[{"href":"https:\/\/www.elche.es\/va\/wp-json\/wp\/v2\/posts\/208513","targetHints":{"allow":["GET"]}}],"collection":[{"href":"https:\/\/www.elche.es\/va\/wp-json\/wp\/v2\/posts"}],"about":[{"href":"https:\/\/www.elche.es\/va\/wp-json\/wp\/v2\/types\/post"}],"author":[{"embeddable":true,"href":"https:\/\/www.elche.es\/va\/wp-json\/wp\/v2\/users\/131"}],"replies":[{"embeddable":true,"href":"https:\/\/www.elche.es\/va\/wp-json\/wp\/v2\/comments?post=208513"}],"version-history":[{"count":0,"href":"https:\/\/www.elche.es\/va\/wp-json\/wp\/v2\/posts\/208513\/revisions"}],"wp:featuredmedia":[{"embeddable":true,"href":"https:\/\/www.elche.es\/va\/wp-json\/wp\/v2\/media\/208506"}],"wp:attachment":[{"href":"https:\/\/www.elche.es\/va\/wp-json\/wp\/v2\/media?parent=208513"}],"wp:term":[{"taxonomy":"category","embeddable":true,"href":"https:\/\/www.elche.es\/va\/wp-json\/wp\/v2\/categories?post=208513"},{"taxonomy":"post_tag","embeddable":true,"href":"https:\/\/www.elche.es\/va\/wp-json\/wp\/v2\/tags?post=208513"}],"curies":[{"name":"wp","href":"https:\/\/api.w.org\/{rel}","templated":true}]}}