{"id":209560,"date":"2022-08-09T11:42:38","date_gmt":"2022-08-09T10:42:38","guid":{"rendered":"https:\/\/www.elche.es\/2022\/08\/elx-acull-durant-les-seues-festes-patronals-la-campanya-decovidrio-festes-amb-eco\/"},"modified":"2022-08-09T11:42:38","modified_gmt":"2022-08-09T10:42:38","slug":"elx-acull-durant-les-seues-festes-patronals-la-campanya-decovidrio-festes-amb-eco","status":"publish","type":"post","link":"https:\/\/www.elche.es\/va\/2022\/08\/elx-acull-durant-les-seues-festes-patronals-la-campanya-decovidrio-festes-amb-eco\/","title":{"rendered":"Elx acull durant les seues festes patronals la campanya d&#8217;Ecovidrio \u2018Festes amb eco\u2019"},"content":{"rendered":"<div class=\"wpb-content-wrapper\"><p>[vc_row el_id=&#8221;SUBTITULAR_NOTICIA&#8221;][vc_column][vc_column_text]<\/p>\n<hr \/>\n<h4>Ecovidrio llan\u00e7a una campanya de sensibilitzaci\u00f3 ciutadana amb l&#8217;objectiu de conscienciar festers i ciutadans sobre la import\u00e0ncia del reciclatge dels residus d&#8217;envasos de vidre<\/h4>\n<hr \/>\n<p>[\/vc_column_text][\/vc_column][\/vc_row][vc_row el_id=&#8221;TEXTO_NOTICIA&#8221;][vc_column][vc_column_text]Ecovidrio, l&#8217;entitat sense \u00e0nim de lucre encarregada de la gesti\u00f3 del reciclatge dels residus d&#8217;envasos de vidre a Espanya, en col\u00b7laboraci\u00f3 amb l&#8217;Ajuntament d&#8217;Elx, posa en marxa, durant les Festes Patronals, la<strong> campanya de sensibilitzaci\u00f3 \u201cFestes amb eco\u201d per a promoure el reciclatge de vidre<\/strong> entre tots els festers i ve\u00efns del municipi.<\/p>\n<p>La iniciativa t\u00e9 com a objectiu superar la taxa de reciclatge de vidre proposada per Ecovidrio durant el mes d&#8217;agost respecte al mateix per\u00edode de l&#8217;any anterior.<strong> Si el municipi aconsegueix superar el repte, Ecovidrio li far\u00e0 lliurament del guard\u00f3 \u2018Festes amb eco\u2019<\/strong>, que reconeix la implicaci\u00f3 en la campanya de la ciutadania i els seus festers per a aconseguir unes festes m\u00e9s sostenibles.[\/vc_column_text][\/vc_column][\/vc_row][vc_row el_id=&#8221;DESTACADO_NOTICIA&#8221;][vc_column][vc_column_text el_class=&#8221;cuadronoticia&#8221;]<\/p>\n<h5>Educadors ambientals visitaran les zones festeres per a animar la ciutadania a reciclar vidre per a superar el repte de reciclatge plantejat per Ecovidrio<\/h5>\n<p>[\/vc_column_text][\/vc_column][\/vc_row][vc_row el_id=&#8221;TEXTO_FIN_NOTICIA&#8221;][vc_column][vc_column_text]Per a refor\u00e7ar la campanya, educadors ambientals visitaran el municipi i recorreran les principals zones on t\u00e9 lloc l&#8217;activitat festera per a informar els festers del repte plantejat i <strong>animar la ciutadania a reciclar vidre i a participar en jocs i reptes a canvi d&#8217;una exclusiva motxilla<\/strong> amb el disseny de la imatge de la campanya \u2018Festes amb eco\u2019.<\/p>\n<p>En concret, els educadors ambientals estaran el dijous 11 d&#8217;agost i el divendres 12 d&#8217;agost, d&#8217;11.30 a 15.30 hores, als voltants de la <strong>Pla\u00e7a del Congr\u00e9s Eucar\u00edstic, del Passeig de l&#8217;Estaci\u00f3 i del Parc Municipal<\/strong>.<\/p>\n<p>D&#8217;altra banda, els festers podran pujar les seues fotos m\u00e9s sostenibles a les xarxes socials amb l&#8217;etiqueta <strong>#FestesAmbEco<\/strong>.<\/p>\n<h5>Dades de reciclatge de vidre a Elx<\/h5>\n<p>Segons les \u00faltimes dades disponibles corresponents a 2021,<strong> els ciutadans d&#8217;Elx van reciclar un total de 2.972.552 quilograms d&#8217;envasos de vidre<\/strong>. Aix\u00f2 suposa que cada ciutad\u00e0 va reciclar una mitjana de 12,69 quilograms de vidre.<\/p>\n<p>Respecte a la taxa de contenidaritzaci\u00f3, Elx se situa amb una mitjana de 255 habitants per contenidor, ja que compta en l&#8217;actualitat amb un total de 915 igl\u00fas per als residus d&#8217;envasos de vidre instal\u00b7lats al municipi.<\/p>\n<h5>Beneficis mediambientals del reciclatge de vidre<\/h5>\n<p>El vidre que es deposita en els contenidors es recicla al 100% i s&#8217;utilitza per a la fabricaci\u00f3 de nous envasos, de manera indefinida i sense perdre les propietats originals. <strong>Reciclant vidre evitem el creixement dels abocadors<\/strong>.<\/p>\n<p>Reciclar vidre \u00e9s un <strong>element clau en la lluita contra el canvi clim\u00e0tic<\/strong>. En usar calcina \u2013vidre reciclat \u2013 en la fabricaci\u00f3 de nous envasos s&#8217;evita l&#8217;extracci\u00f3 de mat\u00e8ries primeres de la naturalesa, s&#8217;evita l&#8217;erosi\u00f3 dels s\u00f2ls i la desforestaci\u00f3 del nostre entorn.<\/p>\n<p>A m\u00e9s, <strong>es minimitza l&#8217;emissi\u00f3 de CO\u2082<\/strong> en el proc\u00e9s de fabricaci\u00f3 i s&#8217;estalvia energia.<\/p>\n<h5>Any Internacional del Vidre<\/h5>\n<p><strong>L&#8217;ONU ha declarat 2022 l&#8217;Any Internacional del Vidre<\/strong>. Aquest material ha jugat un paper fonamental en el desenvolupament de la humanitat i ha sigut crucial en el funcionament i l&#8217;evoluci\u00f3 de l&#8217;arquitectura, l&#8217;automoci\u00f3, els articles per a la llar i els envasos. Hui \u00e9s un element essencial en sectors clau com el de l&#8217;energia, la biomedicina, l&#8217;agricultura, l&#8217;electr\u00f2nica, la informaci\u00f3 i les comunicacions, l&#8217;\u00f2ptica o el sector aeroespacial, entre altres. Mereix un esment especial <strong>el paper que ha jugat en la batalla contra la pand\u00e8mia global de la COVID-19, ja que ha actuat com a env\u00e0s contenidor de les vacunes<\/strong> a conseq\u00fc\u00e8ncia de les seues caracter\u00edstiques de resist\u00e8ncia a temperatures extremes i a diferents graus de PH i d&#8217;acidesa.<\/p>\n<p>Respecte a l&#8217;env\u00e0s de vidre i en un context d&#8217;emerg\u00e8ncia clim\u00e0tica i de necessitat d&#8217;una transici\u00f3 a una economia m\u00e9s circular, \u00e9s especialment destacable com a <strong>material natural, circular i 100% reciclable d&#8217;env\u00e0s a env\u00e0s<\/strong>.<\/p>\n<hr \/>\n<p>[\/vc_column_text][\/vc_column][\/vc_row]<\/p>\n<\/div>","protected":false},"excerpt":{"rendered":"<p>[vc_row el_id=&#8221;SUBTITULAR_NOTICIA&#8221;][vc_column][vc_column_text] Ecovidrio llan\u00e7a una campanya de sensibilitzaci\u00f3 ciutadana amb l&#8217;objectiu de conscienciar festers i ciutadans sobre la import\u00e0ncia del reciclatge dels residus d&#8217;envasos de vidre [\/vc_column_text][\/vc_column][\/vc_row][vc_row el_id=&#8221;TEXTO_NOTICIA&#8221;][vc_column][vc_column_text]Ecovidrio, l&#8217;entitat sense [&hellip;]<\/p>\n","protected":false},"author":131,"featured_media":209557,"comment_status":"closed","ping_status":"closed","sticky":false,"template":"","format":"standard","meta":{"footnotes":""},"categories":[391,2783,1312],"tags":[],"class_list":["post-209560","post","type-post","status-publish","format-standard","has-post-thumbnail","hentry","category-home-va","category-limpieza-va","category-noticias-va"],"_links":{"self":[{"href":"https:\/\/www.elche.es\/va\/wp-json\/wp\/v2\/posts\/209560","targetHints":{"allow":["GET"]}}],"collection":[{"href":"https:\/\/www.elche.es\/va\/wp-json\/wp\/v2\/posts"}],"about":[{"href":"https:\/\/www.elche.es\/va\/wp-json\/wp\/v2\/types\/post"}],"author":[{"embeddable":true,"href":"https:\/\/www.elche.es\/va\/wp-json\/wp\/v2\/users\/131"}],"replies":[{"embeddable":true,"href":"https:\/\/www.elche.es\/va\/wp-json\/wp\/v2\/comments?post=209560"}],"version-history":[{"count":0,"href":"https:\/\/www.elche.es\/va\/wp-json\/wp\/v2\/posts\/209560\/revisions"}],"wp:featuredmedia":[{"embeddable":true,"href":"https:\/\/www.elche.es\/va\/wp-json\/wp\/v2\/media\/209557"}],"wp:attachment":[{"href":"https:\/\/www.elche.es\/va\/wp-json\/wp\/v2\/media?parent=209560"}],"wp:term":[{"taxonomy":"category","embeddable":true,"href":"https:\/\/www.elche.es\/va\/wp-json\/wp\/v2\/categories?post=209560"},{"taxonomy":"post_tag","embeddable":true,"href":"https:\/\/www.elche.es\/va\/wp-json\/wp\/v2\/tags?post=209560"}],"curies":[{"name":"wp","href":"https:\/\/api.w.org\/{rel}","templated":true}]}}