{"id":210315,"date":"2022-08-12T13:48:52","date_gmt":"2022-08-12T12:48:52","guid":{"rendered":"https:\/\/www.elche.es\/2022\/08\/tot-preparat-per-a-la-nit-de-lalba-mes-espectacular-en-la-seua-estrena-com-a-festa-dinteres-turistic-nacional\/"},"modified":"2022-08-12T13:48:52","modified_gmt":"2022-08-12T12:48:52","slug":"tot-preparat-per-a-la-nit-de-lalba-mes-espectacular-en-la-seua-estrena-com-a-festa-dinteres-turistic-nacional","status":"publish","type":"post","link":"https:\/\/www.elche.es\/va\/2022\/08\/tot-preparat-per-a-la-nit-de-lalba-mes-espectacular-en-la-seua-estrena-com-a-festa-dinteres-turistic-nacional\/","title":{"rendered":"Tot preparat per a la Nit de l\u2019Alb\u00e0 m\u00e9s espectacular en la seua estrena com a Festa d&#8217;Inter\u00e9s Tur\u00edstic Nacional"},"content":{"rendered":"<div class=\"wpb-content-wrapper\"><p>[vc_row el_id=&#8221;SUBTITULAR_NOTICIA&#8221;][vc_column][vc_column_text]<\/p>\n<hr \/>\n<h4>L&#8217;alcalde, Carlos Gonz\u00e1lez, destaca que enguany es dispararan un centenar de palmeres m\u00e9s que en 2019 i hi haur\u00e0 m\u00e9s punts de llan\u00e7aments perqu\u00e8 \u201cel color, el so i l&#8217;olor de p\u00f3lvora arribe a tots els punts de la ciutat\u201d<\/h4>\n<hr \/>\n<p>[\/vc_column_text][\/vc_column][\/vc_row][vc_row el_id=&#8221;TEXTO_NOTICIA&#8221;][vc_column][vc_column_text]Un total de 40 operaris de la Pirot\u00c8cnia Ferr\u00e1ndez ultimen entre hui i dem\u00e0 el muntatge de la Nit de l\u2019Alb\u00e0 2022, una nit que va ser especial, despr\u00e9s de dos anys sense celebrar-se per la pand\u00e8mia, i que<strong> estrena declaraci\u00f3 de Festa d&#8217;Inter\u00e9s Tur\u00edstic Nacional.<\/strong><\/p>\n<p>\u201cTot est\u00e0 llest per a gaudir de la Nit de l\u2019Alb\u00e0 m\u00e9s especial i desitjada despr\u00e9s de dos anys en qu\u00e8 el poble il\u00b7licit\u00e0 no ha pogut gaudir d&#8217;una de les tradicions amb m\u00e9s arrelament i participaci\u00f3 popular\u201d, ha assenyalat l&#8217;alcalde d&#8217;Elx, Carlos Gonz\u00e1lez, que ha afegit que \u201ca m\u00e9s, tamb\u00e9 es dona la circumst\u00e0ncia que \u00e9s el primer any de la<strong> Nit de l\u2019Alb\u00e0 com a Festa d&#8217;Inter\u00e9s Tur\u00edstic Nacional<\/strong>, cosa que li dona un real\u00e7 especial i una singularitat en el panorama de les festes valencianes i espanyoles\u201d.[\/vc_column_text][\/vc_column][\/vc_row][vc_row type=&#8221;flexslider_slide&#8221; interval=&#8221;5&#8243; source=&#8221;media_library&#8221; images=&#8221;&#8221; img_size=&#8221;full&#8221; external_img_size=&#8221;&#8221; onclick=&#8221;link_image&#8221; custom_links_target=&#8221;_self&#8221; el_class=&#8221;galerianoticia&#8221; title=&#8221;&#8221; custom_srcs=&#8221;&#8221; custom_links=&#8221;&#8221;][vc_column][vc_gallery type=&#8221;flexslider_slide&#8221; interval=&#8221;5&#8243; images=&#8221;210306,210300,210302,210304&#8243; img_size=&#8221;full&#8221; el_class=&#8221;galerianoticia&#8221;][\/vc_column][\/vc_row][vc_row el_id=&#8221;TEXTO_FIN_NOTICIA&#8221;][vc_column][vc_column_text]L&#8217;alcalde, la regidora de Festes, Mariola Galiana, i els tamb\u00e9 edils Esther D\u00edez i Felip S\u00e0nchez, han pogut comprovar <strong>com es du a terme el muntatge de les palmeres que es disparen des del terrat de l&#8217;ajuntament<\/strong>.<\/p>\n<p>Tal com ha explicat l&#8217;alcalde, <strong>l&#8217;Equip de Govern ha incrementat el pressupost perqu\u00e8 la Nit de l\u2019Alb\u00e0 guanye en espectacularitat<\/strong>. Una de les novetats \u00e9s que enguany s&#8217;han millorat els punts de llan\u00e7ament des dels barris d\u2019Altabix, el Pla, Sector V i Carr\u00fas amb la finalitat que l&#8217;espectacle es puga gaudir de prop en m\u00e9s punts de la ciutat.<\/p>\n<p>En total enguany hi haur\u00e0 un total de 22 punts de llan\u00e7ament, enfront dels 15 de 2019. <strong>Es dispararan des d&#8217;un total de 14 terrasses, enfront de les 10 en 2019<\/strong>. Des del s\u00f2l es llan\u00e7aran en: av. Vicente Quiles, pont del Ferrocarril, Passeig de l\u2019Estaci\u00f3, Diagonal del Palau, pont d\u2019Altamira i els punts nous de s\u00f2l, pla\u00e7a 1r de Maig, Jard\u00ed d&#8217;Andalusia, Mariano Benlliure. Segons l&#8217;alcalde \u201cl&#8217;objectiu \u00e9s que el so, el color i l&#8217;olor de p\u00f3lvora arriben a tots els punts de la ciutat\u201d.<\/p>\n<p>Al llarg de la Nit de l\u2019Alb\u00e0 es dispararan <strong>6.000 quilos en productes pirot\u00e8cnics<\/strong>.<\/p>\n<p>Enguany es llan\u00e7aran 280 palmeres de coets (mentre que en 2019 van ser 228) i 240 carcasses (100 d&#8217;oripell i 140 de tronc)<\/p>\n<p>\u201cEn total es tracta de 520 palmeres, un centenar m\u00e9s que en l&#8217;\u00faltim any que va haver-hi Nit de l\u2019Alb\u00e0\u201d, ha indicat l&#8217;alcalde, que ha apuntat que \u201ca aix\u00f2 cal afegir <strong>la \u2018coet\u00e0\u2019<\/strong> amb 300 carcasses de xiuladors, 64.000 coets, 2.300 carcasses de tro i com a novetat, 800 carcasses de color\u201d.<\/p>\n<p>Per part seua, el responsable del muntatge, Fernando Ferr\u00e1ndez ha explicat que <strong>la Palmera de la Verge est\u00e0 composta enguany per 1.300 coets<\/strong> que aconseguiran els 300 metres d&#8217;altura i 700 metres de r\u00e0dio. L&#8217;objectiu \u00e9s que la palmera romanga il\u00b7luminada durant 25 segons, uns dos o tres segons m\u00e9s que l&#8217;\u00faltima.<\/p>\n<p>L&#8217;alcalde ha agra\u00eft els membres de la Pirot\u00e8cnica Ferr\u00e1ndez \u201cel treball professional que han tornat a realitzar enguany perqu\u00e8 els il\u00b7licitans i les il\u00b7licitanes puguem gaudir d&#8217;una Nit de l\u2019Alb\u00e0 \u00fanica i inoblidable. Per\u00f2, a m\u00e9s, la <strong>Pirot\u00e8cnia Ferr\u00e1ndez posa molt afecte perqu\u00e8, despr\u00e9s de tants anys realitzant-la, ja formen part de la Nit de l\u2019Alb\u00e0<\/strong>\u201d.<\/p>\n<p>A les 23.15 de dem\u00e0, 13 d\u2019agost, comen\u00e7ar\u00e0 Nit de l\u2019Alb\u00e0, que finalitzar\u00e0 a les dotze de la nit amb el llan\u00e7ament de la <strong>Palmera de la Verge<\/strong> des de la bas\u00edlica de Santa Maria.<\/p>\n<p>Sobre la una de la matinada donar\u00e0 inici a l\u2019Hort de Monjo la <strong>Carretill\u00e0<\/strong>.<\/p>\n<h5>Dispositiu de Seguretat<\/h5>\n<p>Prop de <strong>3.000 efectius \u2013uns 1.300 m\u00e9s que en 2019\u2013 integren el dispositiu que vetla pel benestar de la ciutadania i dels visitants durant les festes, especialment el 13 i el 14 d&#8217;agost, quan 300 i 400 agents<\/strong>, respectivament, seran desplegats amb motiu de la Nit de l\u2019Alb\u00e0 i la Ro\u00e0.<\/p>\n<hr \/>\n<p>&nbsp;<\/p>\n<p>[\/vc_column_text][\/vc_column][\/vc_row][vc_row][vc_column width=&#8221;1\/6&#8243;][\/vc_column][vc_column width=&#8221;2\/3&#8243;]<audio class=\"sc_audio\" src=\"https:\/\/soundcloud.com\/ayuntamiento-de-elche\/el-alcalde-carlos-gonzalez-y-el-responsable-de-la-pirotecnia-ferrandez?si=af6d01ba03e540428e059ad8145656e1&#038;utm_source=clipboard&#038;utm_medium=text&#038;utm_campaign=social_sharing\" width=\"\" height=\"\"><\/audio>[\/vc_column][vc_column width=&#8221;1\/6&#8243;][\/vc_column][\/vc_row]<\/p>\n<\/div>","protected":false},"excerpt":{"rendered":"<p>[vc_row el_id=&#8221;SUBTITULAR_NOTICIA&#8221;][vc_column][vc_column_text] L&#8217;alcalde, Carlos Gonz\u00e1lez, destaca que enguany es dispararan un centenar de palmeres m\u00e9s que en 2019 i hi haur\u00e0 m\u00e9s punts de llan\u00e7aments perqu\u00e8 \u201cel color, el so [&hellip;]<\/p>\n","protected":false},"author":131,"featured_media":210298,"comment_status":"closed","ping_status":"closed","sticky":false,"template":"","format":"standard","meta":{"footnotes":""},"categories":[191,391,1312],"tags":[],"class_list":["post-210315","post","type-post","status-publish","format-standard","has-post-thumbnail","hentry","category-festes-va","category-home-va","category-noticias-va"],"_links":{"self":[{"href":"https:\/\/www.elche.es\/va\/wp-json\/wp\/v2\/posts\/210315","targetHints":{"allow":["GET"]}}],"collection":[{"href":"https:\/\/www.elche.es\/va\/wp-json\/wp\/v2\/posts"}],"about":[{"href":"https:\/\/www.elche.es\/va\/wp-json\/wp\/v2\/types\/post"}],"author":[{"embeddable":true,"href":"https:\/\/www.elche.es\/va\/wp-json\/wp\/v2\/users\/131"}],"replies":[{"embeddable":true,"href":"https:\/\/www.elche.es\/va\/wp-json\/wp\/v2\/comments?post=210315"}],"version-history":[{"count":0,"href":"https:\/\/www.elche.es\/va\/wp-json\/wp\/v2\/posts\/210315\/revisions"}],"wp:featuredmedia":[{"embeddable":true,"href":"https:\/\/www.elche.es\/va\/wp-json\/wp\/v2\/media\/210298"}],"wp:attachment":[{"href":"https:\/\/www.elche.es\/va\/wp-json\/wp\/v2\/media?parent=210315"}],"wp:term":[{"taxonomy":"category","embeddable":true,"href":"https:\/\/www.elche.es\/va\/wp-json\/wp\/v2\/categories?post=210315"},{"taxonomy":"post_tag","embeddable":true,"href":"https:\/\/www.elche.es\/va\/wp-json\/wp\/v2\/tags?post=210315"}],"curies":[{"name":"wp","href":"https:\/\/api.w.org\/{rel}","templated":true}]}}