{"id":210483,"date":"2022-08-13T20:13:20","date_gmt":"2022-08-13T19:13:20","guid":{"rendered":"https:\/\/www.elche.es\/2022\/08\/lalcalde-marca-com-a-prioritats-en-la-sessio-anual-del-patronat-del-misteri-la-rehabilitacio-de-santa-maria-i-la-millora-del-financament-per-part-de-la-generalitat-i-de-la-diputacio\/"},"modified":"2022-08-13T20:13:20","modified_gmt":"2022-08-13T19:13:20","slug":"lalcalde-marca-com-a-prioritats-en-la-sessio-anual-del-patronat-del-misteri-la-rehabilitacio-de-santa-maria-i-la-millora-del-financament-per-part-de-la-generalitat-i-de-la-diputacio","status":"publish","type":"post","link":"https:\/\/www.elche.es\/va\/2022\/08\/lalcalde-marca-com-a-prioritats-en-la-sessio-anual-del-patronat-del-misteri-la-rehabilitacio-de-santa-maria-i-la-millora-del-financament-per-part-de-la-generalitat-i-de-la-diputacio\/","title":{"rendered":"L&#8217;alcalde marca com a prioritats en la sessi\u00f3 anual del Patronat del Misteri la rehabilitaci\u00f3 de Santa Maria i la millora del finan\u00e7ament per part de la Generalitat i de la Diputaci\u00f3"},"content":{"rendered":"<div class=\"wpb-content-wrapper\"><p>[vc_row el_id=&#8221;SUBTITULAR_NOTICIA&#8221;][vc_column][vc_column_text]<\/p>\n<hr \/>\n<h4>Carlos Gonz\u00e1lez, acompanyat per la consellera de Cultura, Raquel Tamarit, i pel bisbe d&#8217;Oriola-Alacant, Jos\u00e9 Ignacio Munilla, crida a articular una alian\u00e7a entre el Consistori i la Generalitat a fi d&#8217;obtindre els fons estatals o europeus per a fer front a les obres de restauraci\u00f3 del temple<\/h4>\n<hr \/>\n<p>[\/vc_column_text][\/vc_column][\/vc_row][vc_row el_id=&#8221;TEXTO_NOTICIA&#8221;][vc_column][vc_column_text]<strong>La rehabilitaci\u00f3 de la bas\u00edlica de Santa Mar\u00eda i l&#8217;increment de les aportacions econ\u00f2miques de la Generalitat Valenciana i de la Diputaci\u00f3 Provincial a la Festa<\/strong> fins a equiparar-les amb les que ja efectua l&#8217;Ajuntament d&#8217;Elx s\u00f3n les dues l\u00ednies de treball priorit\u00e0ries en el mitj\u00e0-llarg termini que ha marcat <strong>l&#8217;alcalde, Carlos Gonz\u00e1lez, en l&#8217;agenda del Patronat del Misteri d\u2019Elx<\/strong>, que ha celebrat aquest dissabte 13 d&#8217;agost al migdia la seua Sessi\u00f3 Ordin\u00e0ria Anual, l&#8217;anomenada <strong>\u201cSessi\u00f3 Oberta\u201d, celebrada al Sal\u00f3 de Plens del Consistori<\/strong> hores abans de la representaci\u00f3 assumpcionista que tindr\u00e0 com un dels seus convidats el <strong>cap del Consell, Ximo Puig<\/strong>, i en la qual l&#8217;alcalde ha cridat a \u201csumar esfor\u00e7os per a continuar protegint aquest tresor cultural que ens uneix a tots, ens emociona i ens fa sentir profundament orgullosos de ser il\u00b7licitans\u201d.<\/p>\n<p>Gonz\u00e1lez, <strong>president efectiu del Patronat, igual que la consellera de Cultura, Raquel Tamarit, i el bisbe de la Di\u00f2cesi d&#8217;Oriola-Alacant, Jos\u00e9 Ignacio Munilla<\/strong>, presents en la trobada, ha recordat que fa unes setmanes es\u00a0va donar a con\u00e9ixer el <strong>Pla Director del temple<\/strong> on t\u00e9 lloc cada 14 i 15 d&#8217;agost el drama sacrol\u00edric\u00a0medieval, Patrimoni Immaterial de la Humanitat per la Unesco des de 2001. Aquest document enumera una s\u00e8rie d&#8217;obres a realitzar en una d\u00e8cada per a la correcta conservaci\u00f3 de l&#8217;edifici, per la qual cosa <strong>el regidor il\u00b7licit\u00e0 ha instat a articular una \u201calian\u00e7a institucional\u201d entre l&#8217;Ajuntament i la Generalitat<\/strong> a fi d&#8217;obtindre els fons estatals o europeus per a fer front a uns treballs de restauraci\u00f3 i de rehabilitaci\u00f3 que ascendeixen a uns set milions d&#8217;euros en total, i aix\u00ed garantir \u201cl&#8217;adequada conservaci\u00f3 de Santa Maria i de la mateixa Festa\u201d, ha postil\u00b7lat l&#8217;alcalde.<\/p>\n<p><strong>\u201cLa bas\u00edlica requereix d&#8217;una intervenci\u00f3 decidida i urgent, que atenga les defici\u00e8ncies i les necessitats provocades pel pas del temps i per la falta d&#8217;una inversi\u00f3 insuficient en la seua conservaci\u00f3\u201d<\/strong>, ha continuat i ha citat l&#8217;Article 2 de la Llei 13\/2005, de 22 de desembre, del Misteri d&#8217;Elx, que indica que una de les obligacions del Patronat \u00e9s \u201cvetlar per la salvaguarda dels elements patrimonials mobles, immobles i materials que participen en la celebraci\u00f3 de la Festa\u201d. \u201cLa legislaci\u00f3 ens encomana a protegir Santa Mar\u00eda com a espai esc\u00e8nic on es desenvolupa el Misteri\u201d, ha insistit Gonz\u00e1lez.[\/vc_column_text][\/vc_column][\/vc_row][vc_row el_id=&#8221;DESTACADO_NOTICIA&#8221;][vc_column][vc_gallery type=&#8221;flexslider_slide&#8221; interval=&#8221;5&#8243; images=&#8221;210473,210471,210469,210467,210465,210463,210461,210459,210457,210453,210451,210449,210447,210445,210443,210441,210439,210437&#8243; img_size=&#8221;full&#8221; el_class=&#8221;galerianoticia&#8221;][\/vc_column][\/vc_row][vc_row][vc_column][vc_column_text]A m\u00e9s, davant <strong>el president executiu del Patronat, Francisco Borja, del diputat provincial Juan de Dios Navarro<\/strong> en representaci\u00f3 del president de la Diputaci\u00f3,<strong>\u00a0de l&#8217;edil de Cultura, Marga Ant\u00f3n<\/strong>, i de membres de l&#8217;Equip de Govern i de la Corporaci\u00f3 Municipal, Gonz\u00e1lez ha explicat que no es renuncia a l&#8217;objectiu que va comunicar en la sessi\u00f3 de 2019 d&#8217;igualar l&#8217;esfor\u00e7 financer dels governs valenci\u00e0 i provincial, de 75.000 i 50.000 euros anuals, respectivament, al qual fa l&#8217;Ajuntament, de 150.000 euros cada\u00a0any. Fins i tot ha agra\u00eft les aportacions d&#8217;ambdues institucions, i que s&#8217;avan\u00e7a en la direcci\u00f3 adequada sobre aquest tema, l&#8217;alcalde ha remarcat que \u201cencara queda cam\u00ed per rec\u00f3rrer\u201d, i que aquesta equiparaci\u00f3 \u201cgarantiria la sufici\u00e8ncia econ\u00f2mica de la Festa&#8221;.<\/p>\n<p>En eixe sentit, Tant Tamarit com Navarro han anunciat que <strong>s&#8217;incrementaran per al pr\u00f2xim exercici els diners de la Generalitat Valenciana i de la Diputaci\u00f3 Provincial destinats a sufragar les representacions<\/strong>, si b\u00e9 no han detallat quantitats. Quant al finan\u00e7ament privat, Gonz\u00e1lez l&#8217;ha valorat positivament i ha donat les gr\u00e0cies als particulars i les empreses que amb les seues donacions s&#8217;han convertit en Protectors del Misteri, figura sorgida al gener de 2020 i que en l&#8217;actualitat sumen 288 valedors.<\/p>\n<h5>Un moment dol\u00e7 per a l&#8217;obra assumpcionista<\/h5>\n<p>El regidor ha expressat la seua convicci\u00f3 que <strong>el Misteri travessa un moment d&#8217;extraordin\u00e0ria estabilitat i fortalesa institucional i social<\/strong>. \u201cLa Festa viu un moment dol\u00e7 des del punt de vista art\u00edstic, esc\u00e8nic, musical, institucional i social, la qual cosa ens ha de congratular i ser l&#8217;est\u00edmul per a continuar enfortint el nostre comprom\u00eds amb aquest tresor cultural \u00fanic al m\u00f3n, producte de la devoci\u00f3 d&#8217;un poble per la seua patrona i per l&#8217;esfor\u00e7 popular de conservar les nostres tradicions\u201d.[\/vc_column_text][\/vc_column][\/vc_row][vc_row][vc_column][vc_column_text el_class=&#8221;cuadronoticia&#8221;]<\/p>\n<h5>El regidor recorda que no s&#8217;ha de renunciar a l&#8217;objectiu d&#8217;equiparar l&#8217;esfor\u00e7 financer dels governs valenci\u00e0 i provincial, de 75.000 i 50.000 euros anuals, respectivament, amb el qual ja efectua l&#8217;Ajuntament, de 150.000 euros cada any, per a garantir la sufici\u00e8ncia econ\u00f2mica de la Festa<\/h5>\n<p>[\/vc_column_text][\/vc_column][\/vc_row][vc_row el_id=&#8221;TEXTO_FIN_NOTICIA&#8221;][vc_column][vc_column_text]Gonz\u00e1lez, a m\u00e9s de mostrar la seua gratitud als membres de la Junta Rectora pel seu \u201ctreball extraordinari\u201d en els dif\u00edcils anys pand\u00e8mics de 2020 i de 2021, i a totes aquelles persones que generaci\u00f3 rere generaci\u00f3, ja siga de manera p\u00fablica o discreta, demostren <strong>\u201cemoci\u00f3, treball, dedicaci\u00f3 i inclinaci\u00f3 a les arrels\u201d<\/strong>, mostrant i compartint aquest tresor cultural del poble d&#8217;Elx amb la resta del m\u00f3n, ha tingut paraules de record per a l&#8217;empleat municipal Santiago Ule, vicepresident del Patronat entre els anys 2006 i 2012.<\/p>\n<h5>Pressupost i suggeriments dels patrons<\/h5>\n<p>La <strong>tresorera del Patronat, A\u00edda Mart\u00ednez<\/strong>, nomenada recentment, ha desglossat els comptes del pressupost de 2023, que presenta un equilibri d&#8217;ingressos i despeses que ascendeix a 399.000 euros, un decrement del 3,16% respecte a l&#8217;exercici anterior i un increment del 5,14% en comparaci\u00f3 amb el de 2021. Tal com ha precisat Mart\u00ednez, el de 2023 es configura com una previsi\u00f3 de despeses i estimaci\u00f3 d&#8217;ingressos per a cobrir-los.<\/p>\n<p>Aix\u00ed doncs, en despeses, el cap\u00edtol de personal descendiria un 8,23% perqu\u00e8 2023, igual que 2021, tan sols tindr\u00e0 un cicle de representacions, mentre que el de funcionament del Patronat ascendiria un 8% i el d&#8217;inversions un 30,15%, que es financen aquestes \u00faltimes sense acudir a l&#8217;endeutament. Els ingressos es calcula que seran el 12,4%, 49.500 euros, en concepte de venda d&#8217;entrades i publicacions; el 87,59% seran aportacions corrents, el 93% d&#8217;entitats p\u00fabliques i un 7% privades. \u201cEl de 2023 \u00e9s un pressupost contingut i ajustat, per\u00f2 tamb\u00e9 realista i ambici\u00f3s a l&#8217;hora d&#8217;arreplegar propostes necess\u00e0ries per a complir els fins d&#8217;aquest patronat\u201d, ha precisat Mart\u00ednez.<\/p>\n<p>Alguns dels projectes \u201cno prorrogables\u201d que es costejaran amb aquest nou pressupost s\u00f3n la finalitzaci\u00f3 de la <strong>compra de tauletes perqu\u00e8 els cantors puguen tindre les seues partitures en digital,<\/strong> mitjans de formaci\u00f3 externa i m\u00fasics de suport per als concerts que organitza el Patronat, millorar la il\u00b7luminaci\u00f3 de la sala d&#8217;assajos de la Casa de la Festa i instal\u00b7lar en aquesta un sistema\u00a0professional d&#8217;enregistrament de so o un nou vestuari per a les actuacions de gala de la Capella.<\/p>\n<p>D&#8217;altra banda, algunes de les reivindicacions i suggeriments de patrons com <strong>l&#8217;exalcalde Manuel Rodr\u00edguez<\/strong> o <strong>l&#8217;exjugador i president d&#8217;honor del Club Handbol Elx, Zoilo Mart\u00edn de la Sierra<\/strong>, han sigut la programaci\u00f3 d&#8217;activitats com ara confer\u00e8ncies o d&#8217;altres per a commemorar el centenari de Joan Fuster i, tamb\u00e9, el centenari en 2024 de la reforma de la partitura de la Festa per part d&#8217;\u00d3scar Espl\u00e0, ensenyament musical per als escolans i major informaci\u00f3 sobre la hist\u00f2ria de les representacions, traducci\u00f3 d&#8217;alguns dels motets, o una edat de jubilaci\u00f3 a m\u00e9s de teixits m\u00e9s frescos per a les indument\u00e0ries dels cantors.<\/p>\n<hr \/>\n<p>[\/vc_column_text][\/vc_column][\/vc_row]<\/p>\n<\/div>","protected":false},"excerpt":{"rendered":"<p>[vc_row el_id=&#8221;SUBTITULAR_NOTICIA&#8221;][vc_column][vc_column_text] Carlos Gonz\u00e1lez, acompanyat per la consellera de Cultura, Raquel Tamarit, i pel bisbe d&#8217;Oriola-Alacant, Jos\u00e9 Ignacio Munilla, crida a articular una alian\u00e7a entre el Consistori i la Generalitat [&hellip;]<\/p>\n","protected":false},"author":131,"featured_media":210456,"comment_status":"closed","ping_status":"closed","sticky":false,"template":"","format":"standard","meta":{"footnotes":""},"categories":[193,391,1312],"tags":[],"class_list":["post-210483","post","type-post","status-publish","format-standard","has-post-thumbnail","hentry","category-cultura-va","category-home-va","category-noticias-va"],"_links":{"self":[{"href":"https:\/\/www.elche.es\/va\/wp-json\/wp\/v2\/posts\/210483","targetHints":{"allow":["GET"]}}],"collection":[{"href":"https:\/\/www.elche.es\/va\/wp-json\/wp\/v2\/posts"}],"about":[{"href":"https:\/\/www.elche.es\/va\/wp-json\/wp\/v2\/types\/post"}],"author":[{"embeddable":true,"href":"https:\/\/www.elche.es\/va\/wp-json\/wp\/v2\/users\/131"}],"replies":[{"embeddable":true,"href":"https:\/\/www.elche.es\/va\/wp-json\/wp\/v2\/comments?post=210483"}],"version-history":[{"count":0,"href":"https:\/\/www.elche.es\/va\/wp-json\/wp\/v2\/posts\/210483\/revisions"}],"wp:featuredmedia":[{"embeddable":true,"href":"https:\/\/www.elche.es\/va\/wp-json\/wp\/v2\/media\/210456"}],"wp:attachment":[{"href":"https:\/\/www.elche.es\/va\/wp-json\/wp\/v2\/media?parent=210483"}],"wp:term":[{"taxonomy":"category","embeddable":true,"href":"https:\/\/www.elche.es\/va\/wp-json\/wp\/v2\/categories?post=210483"},{"taxonomy":"post_tag","embeddable":true,"href":"https:\/\/www.elche.es\/va\/wp-json\/wp\/v2\/tags?post=210483"}],"curies":[{"name":"wp","href":"https:\/\/api.w.org\/{rel}","templated":true}]}}