{"id":210561,"date":"2022-08-15T16:40:24","date_gmt":"2022-08-15T15:40:24","guid":{"rendered":"https:\/\/www.elche.es\/2022\/08\/la-pirotecnia-zarzoso-guanyadora-del-xii-concurs-de-mascletaes-festes-delx\/"},"modified":"2022-08-15T16:40:24","modified_gmt":"2022-08-15T15:40:24","slug":"la-pirotecnia-zarzoso-guanyadora-del-xii-concurs-de-mascletaes-festes-delx","status":"publish","type":"post","link":"https:\/\/www.elche.es\/va\/2022\/08\/la-pirotecnia-zarzoso-guanyadora-del-xii-concurs-de-mascletaes-festes-delx\/","title":{"rendered":"La Pirot\u00e8cnia Zarzoso, guanyadora del XII Concurs de Mascletaes Festes d&#8217;Elx"},"content":{"rendered":"<div class=\"wpb-content-wrapper\"><p>[vc_row][vc_column][vc_column_text]La <strong>Pirot\u00e8cnia Zarzoso<\/strong> s&#8217;ha al\u00e7at com la <strong>guanyadora del XII Concurs de Mascletaes Festes d\u2019Elx<\/strong>, per l&#8217;espectacle de foc, so i color que va oferir el diumenge a les 14.00 hores, en la cinquena i \u00faltima jornada d&#8217;un certamen que, per a la present edici\u00f3, ha experimentat millores com el canvi d&#8217;ubicaci\u00f3 o l&#8217;increment dels quilos de p\u00f3lvora. El segon premi ha recaigut en la <strong>Pirot\u00e8cnia Tur\u00eds<\/strong>, per la masclet\u00e0 del divendres 12 d&#8217;agost. L&#8217;anunci el va fer aquest dilluns, al migdia, l&#8217;<strong>edil de Festes, Mariola Galiana<\/strong>, que va comunicar la decisi\u00f3 del jurat.<\/p>\n<p>D&#8217;aquesta manera, Pirot\u00e8cnia Zarzoso ser\u00e0 <strong>l&#8217;encarregada de disparar el tradicional castell de focs artificials des del pont del Ferrocarril en la vetlada del 15 d&#8217;agost de 2023<\/strong>, mentre que Tur\u00eds far\u00e0 el mateix a les 14.00 hores d&#8217;aquest dia amb la masclet\u00e0 en honor a la Verge de l&#8217;Assumpci\u00f3.<\/p>\n<p>Com en anteriors edicions, per a aquesta dotzena cita s&#8217;ha comptat amb la <strong>participaci\u00f3 del p\u00fablic<\/strong>, que va poder puntuar <em>in situ<\/em> o en l\u00ednia, dins d&#8217;una escala de l&#8217;u al quatre, cadascuna de les mascletaes de concurs.<\/p>\n<hr \/>\n<p>[\/vc_column_text][\/vc_column][\/vc_row]<\/p>\n<\/div>","protected":false},"excerpt":{"rendered":"<p>[vc_row][vc_column][vc_column_text]La Pirot\u00e8cnia Zarzoso s&#8217;ha al\u00e7at com la guanyadora del XII Concurs de Mascletaes Festes d\u2019Elx, per l&#8217;espectacle de foc, so i color que va oferir el diumenge a les 14.00 [&hellip;]<\/p>\n","protected":false},"author":131,"featured_media":210556,"comment_status":"closed","ping_status":"closed","sticky":false,"template":"","format":"standard","meta":{"footnotes":""},"categories":[2864,191,391],"tags":[],"class_list":["post-210561","post","type-post","status-publish","format-standard","has-post-thumbnail","hentry","category-breus","category-festes-va","category-home-va"],"_links":{"self":[{"href":"https:\/\/www.elche.es\/va\/wp-json\/wp\/v2\/posts\/210561","targetHints":{"allow":["GET"]}}],"collection":[{"href":"https:\/\/www.elche.es\/va\/wp-json\/wp\/v2\/posts"}],"about":[{"href":"https:\/\/www.elche.es\/va\/wp-json\/wp\/v2\/types\/post"}],"author":[{"embeddable":true,"href":"https:\/\/www.elche.es\/va\/wp-json\/wp\/v2\/users\/131"}],"replies":[{"embeddable":true,"href":"https:\/\/www.elche.es\/va\/wp-json\/wp\/v2\/comments?post=210561"}],"version-history":[{"count":0,"href":"https:\/\/www.elche.es\/va\/wp-json\/wp\/v2\/posts\/210561\/revisions"}],"wp:featuredmedia":[{"embeddable":true,"href":"https:\/\/www.elche.es\/va\/wp-json\/wp\/v2\/media\/210556"}],"wp:attachment":[{"href":"https:\/\/www.elche.es\/va\/wp-json\/wp\/v2\/media?parent=210561"}],"wp:term":[{"taxonomy":"category","embeddable":true,"href":"https:\/\/www.elche.es\/va\/wp-json\/wp\/v2\/categories?post=210561"},{"taxonomy":"post_tag","embeddable":true,"href":"https:\/\/www.elche.es\/va\/wp-json\/wp\/v2\/tags?post=210561"}],"curies":[{"name":"wp","href":"https:\/\/api.w.org\/{rel}","templated":true}]}}