{"id":210756,"date":"2022-08-18T10:34:28","date_gmt":"2022-08-18T09:34:28","guid":{"rendered":"https:\/\/www.elche.es\/2022\/08\/la-policia-local-dete-dues-persones-per-ocultar-a-les-seues-robes-speed-extasi-haixix-i-cocaina\/"},"modified":"2022-08-18T10:34:28","modified_gmt":"2022-08-18T09:34:28","slug":"la-policia-local-dete-dues-persones-per-ocultar-a-les-seues-robes-speed-extasi-haixix-i-cocaina","status":"publish","type":"post","link":"https:\/\/www.elche.es\/va\/2022\/08\/la-policia-local-dete-dues-persones-per-ocultar-a-les-seues-robes-speed-extasi-haixix-i-cocaina\/","title":{"rendered":"La Policia Local det\u00e9 dues persones per ocultar a les seues robes speed, \u00e8xtasi, haixix i coca\u00efna"},"content":{"rendered":"<div class=\"wpb-content-wrapper\"><p>[vc_row el_id=&#8221;SUBTITULAR_NOTICIA&#8221;][vc_column][vc_column_text]<\/p>\n<hr \/>\n<h4>Els agents van sospitar d&#8217;un grup que va presentar una actitud estranya i nerviosa davant les seues preguntes a l&#8217;altura del carrer \u00c0ngel<\/h4>\n<hr \/>\n<p>[\/vc_column_text][\/vc_column][\/vc_row][vc_row el_id=&#8221;TEXTO_FIN_NOTICIA&#8221;][vc_column][vc_column_text]La Policia Local va detindre el passat 12 d&#8217;agost dues persones per un presumpte delicte contra la salut p\u00fablica. <strong>Sobre les 23.10 hores una dotaci\u00f3 va observar a l&#8217;altura de carrer \u00c0ngel com un grup de tres individus va adoptar una actitud esquiva i sospitosa al seu pas<\/strong> i va mostrar un comportament nervi\u00f3s davant les seues preguntes.<\/p>\n<p>En l&#8217;escorcoll superficial els agents van trobar entre la roba d&#8217;una de les integrants del grup un embolcall amb una subst\u00e0ncia identificada com <em>speed<\/em>, juntament amb una bossa amb set pastilles d&#8217;\u00e8xtasi. Per part seua, una altra persona portava speed i una mica m\u00e9s de quatre grams d&#8217;haixix i altres tres de coca\u00efna. El tercer implicat portava igualment \u00e8xtasi, haixix i coca\u00efna.<\/p>\n<p>Com que les quantitats detectades suposaven un possible delicte contra la Salut P\u00fablica, sobre la base de la taula elaborada per l&#8217;Institut Nacional de Toxicologia sobre dosis mitjanes de consum diari, <strong>es va detindre la dona i un dels homes, de 40 i 46 anys, que van ser traslladats a depend\u00e8ncies policials<\/strong>.<\/p>\n<hr \/>\n<p>[\/vc_column_text][\/vc_column][\/vc_row]<\/p>\n<\/div>","protected":false},"excerpt":{"rendered":"<p>[vc_row el_id=&#8221;SUBTITULAR_NOTICIA&#8221;][vc_column][vc_column_text] Els agents van sospitar d&#8217;un grup que va presentar una actitud estranya i nerviosa davant les seues preguntes a l&#8217;altura del carrer \u00c0ngel [\/vc_column_text][\/vc_column][\/vc_row][vc_row el_id=&#8221;TEXTO_FIN_NOTICIA&#8221;][vc_column][vc_column_text]La Policia Local va [&hellip;]<\/p>\n","protected":false},"author":131,"featured_media":191826,"comment_status":"closed","ping_status":"closed","sticky":false,"template":"","format":"standard","meta":{"footnotes":""},"categories":[2864,238],"tags":[],"class_list":["post-210756","post","type-post","status-publish","format-standard","has-post-thumbnail","hentry","category-breus","category-policia-local-va"],"_links":{"self":[{"href":"https:\/\/www.elche.es\/va\/wp-json\/wp\/v2\/posts\/210756","targetHints":{"allow":["GET"]}}],"collection":[{"href":"https:\/\/www.elche.es\/va\/wp-json\/wp\/v2\/posts"}],"about":[{"href":"https:\/\/www.elche.es\/va\/wp-json\/wp\/v2\/types\/post"}],"author":[{"embeddable":true,"href":"https:\/\/www.elche.es\/va\/wp-json\/wp\/v2\/users\/131"}],"replies":[{"embeddable":true,"href":"https:\/\/www.elche.es\/va\/wp-json\/wp\/v2\/comments?post=210756"}],"version-history":[{"count":0,"href":"https:\/\/www.elche.es\/va\/wp-json\/wp\/v2\/posts\/210756\/revisions"}],"wp:featuredmedia":[{"embeddable":true,"href":"https:\/\/www.elche.es\/va\/wp-json\/wp\/v2\/media\/191826"}],"wp:attachment":[{"href":"https:\/\/www.elche.es\/va\/wp-json\/wp\/v2\/media?parent=210756"}],"wp:term":[{"taxonomy":"category","embeddable":true,"href":"https:\/\/www.elche.es\/va\/wp-json\/wp\/v2\/categories?post=210756"},{"taxonomy":"post_tag","embeddable":true,"href":"https:\/\/www.elche.es\/va\/wp-json\/wp\/v2\/tags?post=210756"}],"curies":[{"name":"wp","href":"https:\/\/api.w.org\/{rel}","templated":true}]}}