{"id":210800,"date":"2022-08-18T12:59:31","date_gmt":"2022-08-18T11:59:31","guid":{"rendered":"https:\/\/www.elche.es\/2022\/08\/una-tecnica-de-lajuntament-delx-cooperara-a-lequador-en-la-millora-de-latencio-ciutadana-del-municipi-dotavalo\/"},"modified":"2022-08-19T10:19:00","modified_gmt":"2022-08-19T09:19:00","slug":"una-tecnica-de-lajuntament-delx-cooperara-a-lequador-en-la-millora-de-latencio-ciutadana-del-municipi-dotavalo","status":"publish","type":"post","link":"https:\/\/www.elche.es\/va\/2022\/08\/una-tecnica-de-lajuntament-delx-cooperara-a-lequador-en-la-millora-de-latencio-ciutadana-del-municipi-dotavalo\/","title":{"rendered":"Una t\u00e8cnica de l&#8217;Ajuntament d&#8217;Elx cooperar\u00e0 a l&#8217;Equador en la millora de l&#8217;atenci\u00f3 ciutadana del municipi d&#8217;Otavalo"},"content":{"rendered":"<div class=\"wpb-content-wrapper\"><p>[vc_row el_id=&#8221;SUBTITULAR_NOTICIA&#8221;][vc_column][vc_column_text]<\/p>\n<hr \/>\n<h4>Raquel Campello, cap de servei de l&#8217;Oficina Municipal d&#8217;Atenci\u00f3 Ciutadana d&#8217;Elx, ha sigut seleccionada per a la novena edici\u00f3 del programa \u201cEspecialista Municipal Volunt\u00e0ria\u201d del Fons Valenci\u00e0 per la Solidaritat<\/h4>\n<hr \/>\n<p>[\/vc_column_text][\/vc_column][\/vc_row][vc_row el_id=&#8221;TEXTO_NOTICIA&#8221;][vc_column][vc_column_text]El Fons Valenci\u00e0 per la Solidaritat ha iniciat la 9a edici\u00f3 del programa \u201cEspecialista Municipal Volunt\u00e0ria\u201d a trav\u00e9s del qual una persona t\u00e8cnica de l&#8217;Ajuntament d&#8217;Elx, <strong>entitat local s\u00f2cia del Fons, ha sigut seleccionada per a realitzar durant un mes d&#8217;estiu voluntariat internacional mitjan\u00e7ant la cooperaci\u00f3 t\u00e8cnica a l&#8217;Equador<\/strong>, d&#8217;acord amb assist\u00e8ncia t\u00e8cnica sol\u00b7licitada des del mateix pa\u00eds del sud. L&#8217;assist\u00e8ncia que realitzar\u00e0 la persona t\u00e8cnica d&#8217;Elx juntament amb la contrapart del sud se centra en l&#8217;administraci\u00f3 i l&#8217;atenci\u00f3 ciutadana, aix\u00ed com en la comunicaci\u00f3 del govern local equatori\u00e0 amb la seua ciutadania.<\/p>\n<p>La persona treballadora de l&#8217;Ajuntament d&#8217;Elx seleccionada pel Fons Valenci\u00e0 per a participar en la nova edici\u00f3 del programa <strong>\u201cEspecialista Municipal Voluntari\/\u00e0ria\u201d -que se suma a altres 9 persones treballadores de diferents ajuntaments i mancomunitats de la Comunitat Valenciana- \u00e9s Raquel Campello<\/strong>, t\u00e8cnica superior d&#8217;administraci\u00f3 especial i cap de servei de l&#8217;Oficina Municipal d&#8217;Atenci\u00f3 Ciutadana del consistori d&#8217;Elx.<\/p>\n<p>La il\u00b7licitana Raquel Campello, llicenciada en Administraci\u00f3 i Direcci\u00f3 d&#8217;Empreses per la Universitat d&#8217;Alacant i amb formaci\u00f3 complement\u00e0ria en atenci\u00f3 ciutadana, t\u00e9 un ampli recorregut a l&#8217;Oficina Municipal d&#8217;Atenci\u00f3 Ciutadana de l&#8217;Ajuntament d&#8217;Elx. En aquest servei, en el qual treballa des de fa 21 anys, ha treballat com a t\u00e8cnica superior, cap de secci\u00f3 i, actualment, ostenta la responsabilitat de cap de servei. Campello, gr\u00e0cies a l&#8217;\u00f2ptima adequaci\u00f3 del seu perfil amb l&#8217;assist\u00e8ncia t\u00e8cnica sol\u00b7licitada per la contrapart del sud, <strong>col\u00b7laborar\u00e0 amb el Govern Aut\u00f2nom Descentralitzat Municipal d&#8217;Otavalo (prov\u00edncia d&#8217;Imbabura, a l&#8217;Equador) en la millora del sistema d&#8217;atenci\u00f3 ciutadana i difusi\u00f3 de projectes municipals mitjan\u00e7ant l&#8217;actualitzaci\u00f3 de les TRIC<\/strong> (Tecnologies de la Relaci\u00f3, la Informaci\u00f3 i la Comunicaci\u00f3) per a optimitzar i agilitar la relaci\u00f3 entre l&#8217;administraci\u00f3 local d&#8217;Otavalo i el seu ve\u00efnat.<\/p>\n<p>Tant Raquel Campello com les altres persones seleccionades en el projecte \u201cEspecialista Municipal Voluntari\/\u00e0ria\u201d ja han realitzat la jornada formativa pr\u00e8via en el per\u00edode de cooperaci\u00f3 t\u00e8cnica al sud, on han conegut amb detall i de manera individualitzada les diferents assist\u00e8ncies t\u00e8cniques que executaran i tamb\u00e9 han mantingut un primer contacte amb les contraparts. A m\u00e9s, <strong>s&#8217;han format al voltant del sistema de cooperaci\u00f3 internacional al desenvolupament, cooperaci\u00f3 t\u00e8cnica i cooperaci\u00f3 des de l&#8217;\u00e0mbit local<\/strong>.<\/p>\n<p>La <strong>regidora de Cooperaci\u00f3 de l&#8217;Ajuntament d&#8217;Elx, Mariola Galiana<\/strong>, ha rebut Raquel Campello per a fer una valoraci\u00f3 pr\u00e8via d&#8217;aquesta acci\u00f3 de cooperaci\u00f3 municipal. Mariola Galiana ha indicat<strong> \u201cla import\u00e0ncia de generar vincles directes de col\u00b7laboraci\u00f3 entre els pa\u00efsos del nord i els del sud\u201d<\/strong> amb l&#8217;objectiu de \u201cgenerar i compartir experi\u00e8ncies i coneixements enriquidores per a ambdues parts\u201d. A m\u00e9s, Galiana ha ressaltat \u201cla import\u00e0ncia de projectes com \u201cEspecialista Municipal Voluntari\/\u00e0ria\u201d del Fons per a treballar de manera descentralitzada i directa per un desenvolupament hum\u00e0, just, equitatiu i sostenible\u201d.<\/p>\n<h5>El projecte \u201cEspecialista Municipal Voluntari\/\u00e0ria\u201d, 10 anys de cooperaci\u00f3 t\u00e8cnica des del municipalisme valenci\u00e0<\/h5>\n<p>El projecte \u201cEspecialista Municipal Voluntari\/\u00e0ria\u201d del Fons Valenci\u00e0 per la Solidaritat, i per tant de tots els ajuntaments i mancomunitats que formen part de l&#8217;entitat, <strong>compleix aquest any 10 anys des de la seua primera edici\u00f3, que suma un total de 9 edicions, i es repr\u00e9n despr\u00e9s d&#8217;ajornar-se en els anys 2020 i 2021 a conseq\u00fc\u00e8ncia de la pand\u00e8mia provocada per la COVID 1<\/strong>9.<\/p>\n<p>Els objectius generals del projecte \u201cEspecialista Municipal Voluntari\/\u00e0ria\u201d s\u00f3n els de crear una consci\u00e8ncia solid\u00e0ria i cooperativa en les persones volunt\u00e0ries que participen, prestar assist\u00e8ncia t\u00e8cnica especialitzada en municipis i entitats dels pa\u00efsos del sud i obrir un espai de participaci\u00f3 directa en terreny per a les entitats locals s\u00f2cies del Fons, en programes i projectes de cooperaci\u00f3 internacional al desenvolupament que est\u00e0 executant l&#8217;entitat. Tamb\u00e9 es pret\u00e9n afavorir la creaci\u00f3 d&#8217;espais de participaci\u00f3, intercanvi i transfer\u00e8ncia de coneixements entre municipis de la Comunitat Valenciana i localitats de pa\u00efsos del sud, <strong>sensibilitzar les persones volunt\u00e0ries sobre la realitat dels municipis del sud i sobre la import\u00e0ncia de la cooperaci\u00f3 internacional al desenvolupament i empoderar el personal t\u00e8cnic sobre la import\u00e0ncia dels ODS<\/strong>.<\/p>\n<p>Les huit edicions realitzades en els anys anteriors han comptat amb un total de 65 persones volunt\u00e0ries t\u00e8cniques participants de diferents ajuntaments i mancomunitats de la Comunitat Valenciana, que han realitzat projectes de cooperaci\u00f3 t\u00e8cnica en diferents ajuntaments i entitats de pa\u00efsos del sud, impulsant, per tant, un desenvolupament hum\u00e0, equitatiu, just i sostenible. <strong>Les valoracions del Fons, de les persones t\u00e8cniques volunt\u00e0ries i de les contraparts del Sud s&#8217;alineen i es consideren com a molt positives i amb una elevada incid\u00e8ncia les huit edicions ja realitzades del projecte<\/strong>.<\/p>\n<h5>El Fons Valenci\u00e0 per la Solidaritat, l&#8217;associaci\u00f3 per la cooperaci\u00f3 internacional i l&#8217;educaci\u00f3 per al desenvolupament dels ajuntaments i mancomunitats de la Comunitat Valenciana<\/h5>\n<p>El Fons Valenci\u00e0 \u00e9s l&#8217;associaci\u00f3 d&#8217;entitats locals de la Comunitat Valenciana que t\u00e9 com a objectius realitzar i finan\u00e7ar projectes de cooperaci\u00f3 internacional i d&#8217;educaci\u00f3 per al desenvolupament, amb les aportacions econ\u00f2miques que cada any fan els seus socis (ajuntaments i mancomunitats de la Comunitat Valenciana). <strong>Actualment, el Fons compta amb 134 entitats locals valencianes s\u00f2cies (125 ajuntaments i 9 mancomunitats) i concentra les seues actuacions de cooperaci\u00f3 descentralitzada a l&#8217;Equador, Bol\u00edvia i El Salvador, aix\u00ed com en pa\u00efsos en situacions d&#8217;emerg\u00e8ncia<\/strong>. Aix\u00ed mateix, realitza projectes de sensibilitzaci\u00f3 cap a un desenvolupament hum\u00e0, equitatiu, just i sostenible entre la poblaci\u00f3 de les entitats locals s\u00f2cies del Fons, i la ciutadania valenciana en general.<\/p>\n<p>La r<strong>elaci\u00f3 entre els municipis del Sud i el Fons ve donada per la participaci\u00f3 municipalista i descentralitzada en pol\u00edtiques de cooperaci\u00f3 per al desenvolupament social i econ\u00f2mic<\/strong>, amb la col\u00b7laboraci\u00f3 en projectes nascuts de les necessitats concretes i locals, i sol\u00b7licitats pels mateixos municipis o a trav\u00e9s de contraparts, com per exemple les ONGD. La participaci\u00f3 en els projectes de cooperaci\u00f3 sempre t\u00e9 com a objectius, de totes les parts col\u00b7laboradores, el respecte cap a la cultura local i l&#8217;absorci\u00f3 m\u00fatua de coneixements i experi\u00e8ncies.<\/p>\n<hr \/>\n<p>[\/vc_column_text][\/vc_column][\/vc_row]<\/p>\n<\/div>","protected":false},"excerpt":{"rendered":"<p>[vc_row el_id=&#8221;SUBTITULAR_NOTICIA&#8221;][vc_column][vc_column_text] Raquel Campello, cap de servei de l&#8217;Oficina Municipal d&#8217;Atenci\u00f3 Ciutadana d&#8217;Elx, ha sigut seleccionada per a la novena edici\u00f3 del programa \u201cEspecialista Municipal Volunt\u00e0ria\u201d del Fons Valenci\u00e0 per [&hellip;]<\/p>\n","protected":false},"author":131,"featured_media":210785,"comment_status":"closed","ping_status":"closed","sticky":false,"template":"","format":"standard","meta":{"footnotes":""},"categories":[524,391,1312],"tags":[],"class_list":["post-210800","post","type-post","status-publish","format-standard","has-post-thumbnail","hentry","category-cooperacio","category-home-va","category-noticias-va"],"_links":{"self":[{"href":"https:\/\/www.elche.es\/va\/wp-json\/wp\/v2\/posts\/210800","targetHints":{"allow":["GET"]}}],"collection":[{"href":"https:\/\/www.elche.es\/va\/wp-json\/wp\/v2\/posts"}],"about":[{"href":"https:\/\/www.elche.es\/va\/wp-json\/wp\/v2\/types\/post"}],"author":[{"embeddable":true,"href":"https:\/\/www.elche.es\/va\/wp-json\/wp\/v2\/users\/131"}],"replies":[{"embeddable":true,"href":"https:\/\/www.elche.es\/va\/wp-json\/wp\/v2\/comments?post=210800"}],"version-history":[{"count":0,"href":"https:\/\/www.elche.es\/va\/wp-json\/wp\/v2\/posts\/210800\/revisions"}],"wp:featuredmedia":[{"embeddable":true,"href":"https:\/\/www.elche.es\/va\/wp-json\/wp\/v2\/media\/210785"}],"wp:attachment":[{"href":"https:\/\/www.elche.es\/va\/wp-json\/wp\/v2\/media?parent=210800"}],"wp:term":[{"taxonomy":"category","embeddable":true,"href":"https:\/\/www.elche.es\/va\/wp-json\/wp\/v2\/categories?post=210800"},{"taxonomy":"post_tag","embeddable":true,"href":"https:\/\/www.elche.es\/va\/wp-json\/wp\/v2\/tags?post=210800"}],"curies":[{"name":"wp","href":"https:\/\/api.w.org\/{rel}","templated":true}]}}