{"id":210836,"date":"2022-08-19T11:00:30","date_gmt":"2022-08-19T10:00:30","guid":{"rendered":"https:\/\/www.elche.es\/2022\/08\/la-policia-local-dete-tres-joves-acusats-de-robar-i-agredir-dues-persones\/"},"modified":"2022-08-19T11:00:31","modified_gmt":"2022-08-19T10:00:31","slug":"la-policia-local-dete-tres-joves-acusats-de-robar-i-agredir-dues-persones","status":"publish","type":"post","link":"https:\/\/www.elche.es\/va\/2022\/08\/la-policia-local-dete-tres-joves-acusats-de-robar-i-agredir-dues-persones\/","title":{"rendered":"La Policia Local det\u00e9 tres joves acusats de robar i agredir dues persones"},"content":{"rendered":"<div class=\"wpb-content-wrapper\"><p>[vc_row el_id=&#8221;SUBTITULAR_NOTICIA&#8221;][vc_column][vc_column_text]<\/p>\n<hr \/>\n<h4>Els agents van localitzar els sospitosos i van observar com un d&#8217;ells tirava al s\u00f2l la cadena que havia arrabassat minuts abans<\/h4>\n<hr \/>\n<p>[\/vc_column_text][\/vc_column][\/vc_row][vc_row el_id=&#8221;TEXTO_NOTICIA&#8221;][vc_column][vc_column_text]La Policia Local d&#8217;Elx va detindre en la matinada del passat 13 d&#8217;agost tres joves com a presumptes autors d&#8217;un delicte de robatori amb for\u00e7a. Sobre les 02.50 hores,<strong> la Unitat Canina (UCAN) de Policia Local va ser alertada per dos homes que van informar que als voltants del carrer Alpujarra havien sigut v\u00edctimes d&#8217;un robatori<\/strong>.<\/p>\n<p>Segons fonts de la policia, <strong>tres joves s&#8217;haurien aproximat a les v\u00edctimes, van comen\u00e7ar una conversa i els van for\u00e7ar a entregar-los el que portaren davant l&#8217;amena\u00e7a de ser agredits amb una arma blanca<\/strong>. Tot seguit, els altres dos implicats haurien colpejat un dels afectats, li van causar lesions lleus i li van arrabassar la cadena, un rellotge i alguns diners en met\u00e0l\u00b7lic.<\/p>\n<p>Una vegada facilitada la descripci\u00f3 dels autors, va comen\u00e7ar la cerca dels individus, que <strong>van ser localitzats a la rodalia del parc Jaume I<\/strong>. Un dels presumptes agressors va arribar a llevar-se una cadena que portava al coll i la va llan\u00e7ar al s\u00f2l en veure els agents.<\/p>\n<p>Entre els objectes que portaven hi havia diverses cadenes i un bo de transport a nom d&#8217;un tercer. <strong>Els presumptes autors, de 20, 19 i 18 anys, van ser detinguts i traslladats a depend\u00e8ncies policials<\/strong>.<\/p>\n<hr \/>\n<p>[\/vc_column_text][\/vc_column][\/vc_row]<\/p>\n<\/div>","protected":false},"excerpt":{"rendered":"<p>[vc_row el_id=&#8221;SUBTITULAR_NOTICIA&#8221;][vc_column][vc_column_text] Els agents van localitzar els sospitosos i van observar com un d&#8217;ells tirava al s\u00f2l la cadena que havia arrabassat minuts abans [\/vc_column_text][\/vc_column][\/vc_row][vc_row el_id=&#8221;TEXTO_NOTICIA&#8221;][vc_column][vc_column_text]La Policia Local d&#8217;Elx va [&hellip;]<\/p>\n","protected":false},"author":131,"featured_media":210834,"comment_status":"closed","ping_status":"closed","sticky":false,"template":"","format":"standard","meta":{"footnotes":""},"categories":[2864,238],"tags":[],"class_list":["post-210836","post","type-post","status-publish","format-standard","has-post-thumbnail","hentry","category-breus","category-policia-local-va"],"_links":{"self":[{"href":"https:\/\/www.elche.es\/va\/wp-json\/wp\/v2\/posts\/210836","targetHints":{"allow":["GET"]}}],"collection":[{"href":"https:\/\/www.elche.es\/va\/wp-json\/wp\/v2\/posts"}],"about":[{"href":"https:\/\/www.elche.es\/va\/wp-json\/wp\/v2\/types\/post"}],"author":[{"embeddable":true,"href":"https:\/\/www.elche.es\/va\/wp-json\/wp\/v2\/users\/131"}],"replies":[{"embeddable":true,"href":"https:\/\/www.elche.es\/va\/wp-json\/wp\/v2\/comments?post=210836"}],"version-history":[{"count":0,"href":"https:\/\/www.elche.es\/va\/wp-json\/wp\/v2\/posts\/210836\/revisions"}],"wp:featuredmedia":[{"embeddable":true,"href":"https:\/\/www.elche.es\/va\/wp-json\/wp\/v2\/media\/210834"}],"wp:attachment":[{"href":"https:\/\/www.elche.es\/va\/wp-json\/wp\/v2\/media?parent=210836"}],"wp:term":[{"taxonomy":"category","embeddable":true,"href":"https:\/\/www.elche.es\/va\/wp-json\/wp\/v2\/categories?post=210836"},{"taxonomy":"post_tag","embeddable":true,"href":"https:\/\/www.elche.es\/va\/wp-json\/wp\/v2\/tags?post=210836"}],"curies":[{"name":"wp","href":"https:\/\/api.w.org\/{rel}","templated":true}]}}