{"id":210856,"date":"2022-08-19T12:25:37","date_gmt":"2022-08-19T11:25:37","guid":{"rendered":"https:\/\/www.elche.es\/2022\/08\/mes-de-10-000-persones-han-passat-per-les-nits-destiu-de-lescorxador\/"},"modified":"2022-08-23T08:12:57","modified_gmt":"2022-08-23T07:12:57","slug":"mes-de-10-000-persones-han-passat-per-les-nits-destiu-de-lescorxador","status":"publish","type":"post","link":"https:\/\/www.elche.es\/va\/2022\/08\/mes-de-10-000-persones-han-passat-per-les-nits-destiu-de-lescorxador\/","title":{"rendered":"M\u00e9s de 10.000 persones han passat per les \u2018Nits d\u2019Estiu de L\u2019Escorxador\u2019"},"content":{"rendered":"<div class=\"wpb-content-wrapper\"><p>[vc_row el_id=&#8221;SUBTITULAR_NOTICIA&#8221;][vc_column][vc_column_text]<\/p>\n<hr \/>\n<h4>La regidora, Marga Ant\u00f3n, explica que les xifres confirmen l&#8217;\u00e8xit de l&#8217;aposta de la seua Regidoria per aquesta proposta cultural i d&#8217;oci<\/h4>\n<hr \/>\n<p>[\/vc_column_text][\/vc_column][\/vc_row][vc_row el_id=&#8221;TEXTO_NOTICIA&#8221;][vc_column][vc_column_text]M\u00e9s de 10.000 persones han passat per les \u2018Nits d\u2019Estiu de L\u2019Escorxador\u2019, una xifra que confirma l&#8217;aposta de la Regidoria de Cultura de l&#8217;Ajuntament d&#8217;Elx per aquesta proposta cultural i que <strong>consolida aquest esdeveniment com un referent en l&#8217;estiu il\u00b7licit\u00e0<\/strong>.<\/p>\n<p>Aix\u00ed ho ha confirmat la regidora de Cultura, Marga Ant\u00f3n. \u201cEnguany hem batut un r\u00e8cord d&#8217;assist\u00e8ncia a Les Nit d\u2019Estiu i milers d&#8217;il\u00b7licitans i d\u2019il\u00b7licitanes han pogut gaudir dels dos festivals programats com van ser el <strong>Meed Festival de m\u00fasica electr\u00f2nica pel qual van passar prop de 3.000 persones<\/strong>\u201d.<\/p>\n<p>La majoria del p\u00fablic assistent es troba <strong>entre els 14 i els 40 anys<\/strong>.<\/p>\n<p>Marga Ant\u00f3n ha explicat que, a m\u00e9s, tots els concerts van esgotar entrades, amb l&#8217;aforament de 950 persones per esdeveniment. Alguns d&#8217;ells com<strong> Cupido + Anibal G\u00f3mez DJ + Ley DJ van esgotar les entrades fins i tot dos mesos davant<\/strong>.<\/p>\n<p>D&#8217;altra banda, el Cinema ha tingut <strong>una ocupaci\u00f3 del 90% amb majoria de p\u00fablic familiar<\/strong>.[\/vc_column_text][\/vc_column][\/vc_row][vc_row type=&#8221;flexslider_slide&#8221; interval=&#8221;5&#8243; source=&#8221;media_library&#8221; images=&#8221;&#8221; img_size=&#8221;full&#8221; external_img_size=&#8221;&#8221; onclick=&#8221;link_image&#8221; custom_links_target=&#8221;_self&#8221; el_class=&#8221;galerianoticia&#8221; title=&#8221;&#8221; custom_srcs=&#8221;&#8221; custom_links=&#8221;&#8221;][vc_column][vc_gallery type=&#8221;flexslider_slide&#8221; interval=&#8221;5&#8243; images=&#8221;210846,210848,210850,210852&#8243; img_size=&#8221;full&#8221; el_class=&#8221;galerianoticia&#8221;][\/vc_column][\/vc_row][vc_row el_id=&#8221;TEXTO_FIN_NOTICIA&#8221;][vc_column][vc_column_text]\u201c<strong>El projecte formatiu Estiu de les Arts<\/strong> amb l&#8217;escola d&#8217;estiu Dansa per a tots i Dansa per a tots j\u00fanior, Arte con mucho cuento i La persistencia de la memoria a c\u00e0rrec de Paco Maci\u00e0 de la Companyia Ferrovi\u00e0ria tamb\u00e9 han suposat<strong> un gran \u00e8xit<\/strong>\u201d, ha indicat la regidora.<\/p>\n<p>Cal recordar que la programaci\u00f3 de L\u2019Escorxador<strong> reuneix totes les disciplines art\u00edstiques i que presta especial atenci\u00f3 als concerts a la terrassa i al cinema d&#8217;estiu<\/strong>.<\/p>\n<p>Les Nits de l\u2019Estiu han comptat aquesta edici\u00f3 amb la programaci\u00f3 m\u00e9s important dels \u00faltims anys amb<strong> grups que formen part dels millors festivals de m\u00fasica a Espanya com el Primavera Sound,<\/strong> com \u00e9s el cas de Cupido + Anibal G\u00f3mez DJ Set (un dels dos membres d&#8217;Ojete Calor) i Ley DJ, Derby Motoreta\u2019s Burrito Kachimba acompanyats de DJ Abraham Boba, el cantant de Le\u00f3n Benavente, o La Bien Querida.<\/p>\n<hr \/>\n<p>[\/vc_column_text][\/vc_column][\/vc_row][vc_row][vc_column width=&#8221;1\/6&#8243;][\/vc_column][vc_column width=&#8221;2\/3&#8243;]<audio class=\"sc_audio\" src=\"https:\/\/soundcloud.com\/ayuntamiento-de-elche\/mas-de-10000-personas-han-pasado-por-las-nits-destiu-de-lescorxador?si=4047f64c5c1643c3bf0a7e6582c6a1a7&#038;utm_source=clipboard&#038;utm_medium=text&#038;utm_campaign=social_sharing\" width=\"\" height=\"\"><\/audio>[\/vc_column][vc_column width=&#8221;1\/6&#8243;][\/vc_column][\/vc_row]<\/p>\n<\/div>","protected":false},"excerpt":{"rendered":"<p>[vc_row el_id=&#8221;SUBTITULAR_NOTICIA&#8221;][vc_column][vc_column_text] La regidora, Marga Ant\u00f3n, explica que les xifres confirmen l&#8217;\u00e8xit de l&#8217;aposta de la seua Regidoria per aquesta proposta cultural i d&#8217;oci [\/vc_column_text][\/vc_column][\/vc_row][vc_row el_id=&#8221;TEXTO_NOTICIA&#8221;][vc_column][vc_column_text]M\u00e9s de 10.000 persones han [&hellip;]<\/p>\n","protected":false},"author":131,"featured_media":210845,"comment_status":"closed","ping_status":"closed","sticky":false,"template":"","format":"standard","meta":{"footnotes":""},"categories":[193,391,1312],"tags":[],"class_list":["post-210856","post","type-post","status-publish","format-standard","has-post-thumbnail","hentry","category-cultura-va","category-home-va","category-noticias-va"],"_links":{"self":[{"href":"https:\/\/www.elche.es\/va\/wp-json\/wp\/v2\/posts\/210856","targetHints":{"allow":["GET"]}}],"collection":[{"href":"https:\/\/www.elche.es\/va\/wp-json\/wp\/v2\/posts"}],"about":[{"href":"https:\/\/www.elche.es\/va\/wp-json\/wp\/v2\/types\/post"}],"author":[{"embeddable":true,"href":"https:\/\/www.elche.es\/va\/wp-json\/wp\/v2\/users\/131"}],"replies":[{"embeddable":true,"href":"https:\/\/www.elche.es\/va\/wp-json\/wp\/v2\/comments?post=210856"}],"version-history":[{"count":0,"href":"https:\/\/www.elche.es\/va\/wp-json\/wp\/v2\/posts\/210856\/revisions"}],"wp:featuredmedia":[{"embeddable":true,"href":"https:\/\/www.elche.es\/va\/wp-json\/wp\/v2\/media\/210845"}],"wp:attachment":[{"href":"https:\/\/www.elche.es\/va\/wp-json\/wp\/v2\/media?parent=210856"}],"wp:term":[{"taxonomy":"category","embeddable":true,"href":"https:\/\/www.elche.es\/va\/wp-json\/wp\/v2\/categories?post=210856"},{"taxonomy":"post_tag","embeddable":true,"href":"https:\/\/www.elche.es\/va\/wp-json\/wp\/v2\/tags?post=210856"}],"curies":[{"name":"wp","href":"https:\/\/api.w.org\/{rel}","templated":true}]}}